{"id":143322,"date":"2021-09-11T10:35:43","date_gmt":"2021-09-11T09:35:43","guid":{"rendered":"https:\/\/die-webzeitung.de\/stuttgart\/2021\/09\/11\/marcel-hofrath-wechselt-zum-sgv-freiberg-fussball\/"},"modified":"2021-09-11T10:35:43","modified_gmt":"2021-09-11T09:35:43","slug":"marcel-hofrath-wechselt-zum-sgv-freiberg-fussball","status":"publish","type":"post","link":"https:\/\/die-webzeitung.de\/stuttgart\/2021\/09\/11\/marcel-hofrath-wechselt-zum-sgv-freiberg-fussball\/","title":{"rendered":"Marcel Hofrath wechselt zum SGV Freiberg Fu\u00dfball"},"content":{"rendered":"<p style=\"text-align: justify;\"><img loading=\"lazy\" decoding=\"async\" class=\"alignleft size-thumbnail wp-image-160113\" src=\"https:\/\/die-webzeitung.de\/ludwigsburg\/wp-content\/uploads\/sites\/5\/2021\/05\/SGV100-small.jpg\" alt=\"\" width=\"100\" height=\"128\" \/>Freiberg a. N.| Der 1,80 gro\u00dfe, 28 Jahre alter Defensivspieler, wurde in der Jugend von Fortuna D\u00fcsseldorf ausgebildet, spielte in der Junioren-Bundesliga (U17 und U19) und hatte anschlie\u00dfend 25 Regionalliga West-Eins\u00e4tze in der U23 der Fortunen. \u00dcber den Chemnitzer FC kam er 2015 zum SSV Jahn Regensburg und stand dort in den Aufstiegsmannschaften, die 2016 den Sprung in die 3. Liga und 2017 in die 2. Bundesliga, schaffte. 2018\/19 wechselte er zum SV Waldhof Mannheim in die Regionalliga S\u00fcdwest und konnte auf Anhieb mit den Waldh\u00f6fern ebenfalls den Aufstieg in die 3. Liga feiern. Marcel Hofrath kommt mit der Erfahrung aus 3 Aufstiegen, 8 Zweitliga, 107 Drittliga und 68 Regionalliga-Spielen an den Freiberger Wasen.<\/p>\n<p style=\"text-align: justify;\">SGV Sportdirektor Christian Werner: Mit diesem Transfer reagieren wir auf den Abgang von Alexander Nandzik. Marcel ist ein sehr guter, vielseitig einsetzbarer Spieler, der sowohl als LV, IV, oder im LM einsetzbar ist. Da Marcel bis gestern noch im Mannschaftstraining von Waldhof Mannheim war, wird er, zeitnah einsatzf\u00e4hig sein.<\/p>\n<p style=\"text-align: justify;\">Marcel Hofrath: Ich freue mich sehr, dass es mit dem SGV Freiberg Fu\u00dfball geklappt hat. Der Verein hat hohe Ambitionen mit denen ich mich zu 100% identifiziere. Ab sofort gilt es Vollgas zu geben und die Ziele gemeinsam mit der Mannschaft zu realisieren.<\/p>\n<hr \/>\n<p style=\"text-align: justify;\">\n","protected":false},"excerpt":{"rendered":"<p>Freiberg a. N.| Der 1,80 gro\u00dfe, 28 Jahre alter Defensivspieler, wurde in der Jugend von Fortuna D\u00fcsseldorf ausgebildet, spielte in der Junioren-Bundesliga (U17 und U19) und hatte anschlie\u00dfend 25 Regionalliga West-Eins\u00e4tze in der U23 der Fortunen. \u00dcber den Chemnitzer FC kam er 2015 zum SSV Jahn Regensburg und stand dort in den Aufstiegsmannschaften, die 2016 [&hellip;]<\/p>\n","protected":false},"author":4,"featured_media":135630,"comment_status":"closed","ping_status":"open","sticky":false,"template":"","format":"standard","meta":{"inline_featured_image":false,"_exactmetrics_skip_tracking":false,"_exactmetrics_sitenote_active":false,"_exactmetrics_sitenote_note":"","_exactmetrics_sitenote_category":0,"footnotes":""},"categories":[110],"tags":[14857,80,129,5,1080,68,9,119],"class_list":{"0":"post-143322","1":"post","2":"type-post","3":"status-publish","4":"format-standard","5":"has-post-thumbnail","7":"category-sport","8":"tag-die-webzeitung","9":"tag-freiberger-seite","10":"tag-fusball","11":"tag-internetzeitung","12":"tag-oberliga","13":"tag-online-zeitung","14":"tag-schaumedia","15":"tag-sgv"},"image_feature":"https:\/\/die-webzeitung.de\/stuttgart\/wp-content\/uploads\/sites\/4\/2019\/07\/Klo\u0308ber-S-Bhn-Tunnel.jpg","author_name":"Redaktion","pure_taxonomies":{"categories":[{"term_id":110,"name":"Sport","slug":"sport","term_group":0,"term_taxonomy_id":112,"taxonomy":"category","description":"Sportberichte","parent":0,"count":1043,"filter":"raw","image":""}],"tags":[{"term_id":14857,"name":"Die-Webzeitung","slug":"die-webzeitung","term_group":0,"term_taxonomy_id":14876,"taxonomy":"post_tag","description":"","parent":0,"count":3628,"filter":"raw","image":""},{"term_id":80,"name":"Freiberg","slug":"freiberger-seite","term_group":0,"term_taxonomy_id":95,"taxonomy":"post_tag","description":"","parent":0,"count":78,"filter":"raw","image":""},{"term_id":129,"name":"Fu\u00dfball","slug":"fusball","term_group":0,"term_taxonomy_id":131,"taxonomy":"post_tag","description":"","parent":0,"count":171,"filter":"raw","image":""},{"term_id":5,"name":"Internetzeitung","slug":"internetzeitung","term_group":0,"term_taxonomy_id":5,"taxonomy":"post_tag","description":"","parent":0,"count":1461,"filter":"raw","image":""},{"term_id":1080,"name":"Oberliga","slug":"oberliga","term_group":0,"term_taxonomy_id":1089,"taxonomy":"post_tag","description":"","parent":0,"count":35,"filter":"raw","image":""},{"term_id":68,"name":"Online-Zeitung","slug":"online-zeitung","term_group":0,"term_taxonomy_id":69,"taxonomy":"post_tag","description":"","parent":0,"count":3598,"filter":"raw","image":""},{"term_id":9,"name":"SchauMedia","slug":"schaumedia","term_group":0,"term_taxonomy_id":9,"taxonomy":"post_tag","description":"","parent":0,"count":1607,"filter":"raw","image":""},{"term_id":119,"name":"SGV","slug":"sgv","term_group":0,"term_taxonomy_id":121,"taxonomy":"post_tag","description":"","parent":0,"count":66,"filter":"raw","image":""}]},"_links":{"self":[{"href":"https:\/\/die-webzeitung.de\/stuttgart\/wp-json\/wp\/v2\/posts\/143322","targetHints":{"allow":["GET"]}}],"collection":[{"href":"https:\/\/die-webzeitung.de\/stuttgart\/wp-json\/wp\/v2\/posts"}],"about":[{"href":"https:\/\/die-webzeitung.de\/stuttgart\/wp-json\/wp\/v2\/types\/post"}],"author":[{"embeddable":true,"href":"https:\/\/die-webzeitung.de\/stuttgart\/wp-json\/wp\/v2\/users\/4"}],"replies":[{"embeddable":true,"href":"https:\/\/die-webzeitung.de\/stuttgart\/wp-json\/wp\/v2\/comments?post=143322"}],"version-history":[{"count":0,"href":"https:\/\/die-webzeitung.de\/stuttgart\/wp-json\/wp\/v2\/posts\/143322\/revisions"}],"wp:featuredmedia":[{"embeddable":true,"href":"https:\/\/die-webzeitung.de\/stuttgart\/wp-json\/wp\/v2\/media\/135630"}],"wp:attachment":[{"href":"https:\/\/die-webzeitung.de\/stuttgart\/wp-json\/wp\/v2\/media?parent=143322"}],"wp:term":[{"taxonomy":"category","embeddable":true,"href":"https:\/\/die-webzeitung.de\/stuttgart\/wp-json\/wp\/v2\/categories?post=143322"},{"taxonomy":"post_tag","embeddable":true,"href":"https:\/\/die-webzeitung.de\/stuttgart\/wp-json\/wp\/v2\/tags?post=143322"}],"curies":[{"name":"wp","href":"https:\/\/api.w.org\/{rel}","templated":true}]}}