{"id":143312,"date":"2021-09-10T14:53:20","date_gmt":"2021-09-10T13:53:20","guid":{"rendered":"https:\/\/die-webzeitung.de\/stuttgart\/?p=143312"},"modified":"2021-09-10T14:54:07","modified_gmt":"2021-09-10T13:54:07","slug":"stuttgart-hauptbahnhof-neue-wegefuehrung-am-bonatzbau","status":"publish","type":"post","link":"https:\/\/die-webzeitung.de\/stuttgart\/2021\/09\/10\/stuttgart-hauptbahnhof-neue-wegefuehrung-am-bonatzbau\/","title":{"rendered":"Stuttgart Hauptbahnhof: Neue Wegef\u00fchrung am Bonatzbau"},"content":{"rendered":"<ul>\n<li style=\"text-align: justify;\"><strong>Reisende gelangen k\u00fcnftig \u00fcber die Gro\u00dfe Schalterhalle sowie entlang der Heilbronner Stra\u00dfe zu den Z\u00fcgen<\/strong><\/li>\n<li style=\"text-align: justify;\"><strong>Wege bleiben barrierefrei<\/strong><\/li>\n<li style=\"text-align: justify;\"><strong>Aufzug zur S-Bahn weiterhin in Betrieb<\/strong><\/li>\n<\/ul>\n<p style=\"text-align: justify;\">Stuttgart.| Die Modernisierung des Bonatzbaus des Stuttgarter Hauptbahnhofs schreitet weiter voran. In der Kopfbahnsteighalle des historischen Empfangsgeb\u00e4udes wird nach und nach der Hallenboden abgebrochen, um zwei neue, lichtdurchflutete Ebenen zu schaffen.<\/p>\n<p style=\"text-align: justify;\">F\u00fcr die anstehenden Bauma\u00dfnahmen muss der Weg durch den Bonatzbau teilweise gesperrt werden: Von Dienstag, 21. September 2021, an gelangen Reisende im n\u00f6rdlichen Bereich auf einem neuen Weg entlang der Heilbronner Stra\u00dfe zum Querbahnsteig. Der Steg f\u00fcr Fu\u00dfg\u00e4ngerinnen und Fu\u00dfg\u00e4nger auf H\u00f6he von Gleis 5\/6 wird geschlossen.<\/p>\n<p style=\"text-align: justify;\">Damit Reisende weiterhin auf sicheren Wegen zum Bahnsteig gelangen, wurden einzelne Bereiche an der Heilbronner Stra\u00dfe sowie Richtung LBBW baulich angepasst. Den Reisenden stehen entlang des neuen Weges in regelm\u00e4\u00dfigen Abst\u00e4nden Sitzb\u00e4nke zur Verf\u00fcgung.<\/p>\n<p style=\"text-align: justify;\">Der S-Bahn-Aufzug im n\u00f6rdlichen Bereich der Kopfbahnsteighalle ist weiterhin in Betrieb, sodass die Bahnsteige der S-Bahn w\u00e4hrend der gesamten Bauzeit stufenfrei erreichbar sein werden.<\/p>\n<p style=\"text-align: justify;\">Der Steg f\u00fcr Fu\u00dfg\u00e4ngerinnen und Fu\u00dfg\u00e4nger auf H\u00f6he von Gleis 15\/16 zwischen Querbahnsteig und Gro\u00dfer Schalterhalle bleibt offen. Die Verbindung zwischen Querbahnsteig und Innenstadt bleibt somit weiterhin auf zwei unterschiedlichen Wegen erhalten.<\/p>\n<p style=\"text-align: justify;\">Sogenannte Baustellen-Buddys, Servicemitarbeiterinnen und -mitarbeiter in roten Hoodies und T-Shirts, werden die Reisenden vor Ort bei ihrem Weg um das Geb\u00e4ude unterst\u00fctzen.<\/p>\n<p style=\"text-align: justify;\"><strong>Zeitweise Verlegung der Taxistellpl\u00e4tze<\/strong><\/p>\n<p style=\"text-align: justify;\">Auch am Bahnhofsvorplatz wird die Wegef\u00fchrung in Richtung Innenstadt baulich verbessert. Zeitgleich wird an der Schillerstra\u00dfe die neue Taxivorfahrt eingerichtet. Deshalb fahren die Taxis von Samstag, 11. September, an f\u00fcr etwa vier Wochen von der Verkehrsinsel in H\u00f6he der K\u00f6nigstra\u00dfe aus ab. Au\u00dferdem muss f\u00fcr Stra\u00dfenbauarbeiten und f\u00fcr die Ert\u00fcchtigung des Fu\u00dfg\u00e4nger\u00fcberwegs im Bereich der Lautenschlagerstra\u00dfe von Montag, 13. September, an f\u00fcr vier Wochen die Ampelanlage auf H\u00f6he der Kleinen Schalterhalle abgeschaltet werden. Reisenden, die vom Querbahnsteig aus in Richtung Innenstadt \/ K\u00f6nigstra\u00dfe oder zu den Taxis gehen, wird dann empfohlen, den Steg auf H\u00f6he von Gleis 16 zu nutzen, um so direkt \u00fcber die Gro\u00dfe Schalterhalle in Richtung Innenstadt und zu den Taxis zu gelangen.<\/p>\n<p style=\"text-align: justify;\"><strong>Fahrradweg entlang der J\u00e4gerstra\u00dfe<\/strong><\/p>\n<p style=\"text-align: justify;\">Infolge der Arbeiten vor der Bahnhofshalle wird die Fahrradroute vor dem Bonatzbau und entlang der Heilbronner Stra\u00dfe vom 13. September an f\u00fcr voraussichtlich vier Wochen umgeleitet. Radfahrerinnen und Radfahrer werden \u00fcber die J\u00e4gerstra\u00dfe gef\u00fchrt.<\/p>\n<p style=\"text-align: justify;\"><strong>Neue ebenerdige Zug\u00e4nge entstehen<\/strong><\/p>\n<p style=\"text-align: justify;\">Die Deutsche Bahn baut den Bonatzbau bis zum Jahr 2025 zu einer modernen Mobilit\u00e4tszentrale als Teil der Zukunft Stuttgarts um. Damit Reisende den neuen Stuttgarter Hauptbahnhof zuk\u00fcnftig m\u00f6glichst bequem erreichen k\u00f6nnen, wird im Bonatzbau eine neue Haupterschlie\u00dfungsebene geschaffen, die den rundum ebenerdigen und barrierefreien Zugang ins Empfangsgeb\u00e4ude sicherstellt. Die denkmalgesch\u00fctzte Au\u00dfenfassade bleibt erhalten.<\/p>\n<hr \/>\n<p style=\"text-align: justify;\">\n","protected":false},"excerpt":{"rendered":"<p>Reisende gelangen k\u00fcnftig \u00fcber die Gro\u00dfe Schalterhalle sowie entlang der Heilbronner Stra\u00dfe zu den Z\u00fcgen Wege bleiben barrierefrei Aufzug zur S-Bahn weiterhin in Betrieb Stuttgart.| Die Modernisierung des Bonatzbaus des Stuttgarter Hauptbahnhofs schreitet weiter voran. In der Kopfbahnsteighalle des historischen Empfangsgeb\u00e4udes wird nach und nach der Hallenboden abgebrochen, um zwei neue, lichtdurchflutete Ebenen zu schaffen. [&hellip;]<\/p>\n","protected":false},"author":4,"featured_media":0,"comment_status":"closed","ping_status":"open","sticky":false,"template":"","format":"standard","meta":{"inline_featured_image":false,"_exactmetrics_skip_tracking":false,"_exactmetrics_sitenote_active":false,"_exactmetrics_sitenote_note":"","_exactmetrics_sitenote_category":0,"footnotes":""},"categories":[59,2239],"tags":[15995,14857,11521,5,68,9,275,17122],"class_list":{"0":"post-143312","1":"post","2":"type-post","3":"status-publish","4":"format-standard","6":"category-aktuell","7":"category-stuttgart-lokal","8":"tag-bonatzbau","9":"tag-die-webzeitung","10":"tag-hauptbahnhof","11":"tag-internetzeitung","12":"tag-online-zeitung","13":"tag-schaumedia","14":"tag-stuttgart","15":"tag-zugaenge"},"image_feature":null,"author_name":"Redaktion","pure_taxonomies":{"categories":[{"term_id":59,"name":"Aktuell","slug":"aktuell","term_group":0,"term_taxonomy_id":60,"taxonomy":"category","description":"","parent":0,"count":1018,"filter":"raw","image":""},{"term_id":2239,"name":"Stuttgart","slug":"stuttgart-lokal","term_group":0,"term_taxonomy_id":2252,"taxonomy":"category","description":"Berichte und Informationen aus Stuttgart","parent":1433,"count":943,"filter":"raw","image":""}],"tags":[{"term_id":15995,"name":"Bonatzbau","slug":"bonatzbau","term_group":0,"term_taxonomy_id":16014,"taxonomy":"post_tag","description":"","parent":0,"count":8,"filter":"raw","image":""},{"term_id":14857,"name":"Die-Webzeitung","slug":"die-webzeitung","term_group":0,"term_taxonomy_id":14876,"taxonomy":"post_tag","description":"","parent":0,"count":3628,"filter":"raw","image":""},{"term_id":11521,"name":"Hauptbahnhof","slug":"hauptbahnhof","term_group":0,"term_taxonomy_id":11559,"taxonomy":"post_tag","description":"","parent":0,"count":7,"filter":"raw","image":""},{"term_id":5,"name":"Internetzeitung","slug":"internetzeitung","term_group":0,"term_taxonomy_id":5,"taxonomy":"post_tag","description":"","parent":0,"count":1461,"filter":"raw","image":""},{"term_id":68,"name":"Online-Zeitung","slug":"online-zeitung","term_group":0,"term_taxonomy_id":69,"taxonomy":"post_tag","description":"","parent":0,"count":3598,"filter":"raw","image":""},{"term_id":9,"name":"SchauMedia","slug":"schaumedia","term_group":0,"term_taxonomy_id":9,"taxonomy":"post_tag","description":"","parent":0,"count":1607,"filter":"raw","image":""},{"term_id":275,"name":"Stuttgart","slug":"stuttgart","term_group":0,"term_taxonomy_id":281,"taxonomy":"post_tag","description":"","parent":0,"count":1196,"filter":"raw","image":""},{"term_id":17122,"name":"Zug\u00e4nge","slug":"zugaenge","term_group":0,"term_taxonomy_id":17141,"taxonomy":"post_tag","description":"","parent":0,"count":1,"filter":"raw","image":""}]},"_links":{"self":[{"href":"https:\/\/die-webzeitung.de\/stuttgart\/wp-json\/wp\/v2\/posts\/143312","targetHints":{"allow":["GET"]}}],"collection":[{"href":"https:\/\/die-webzeitung.de\/stuttgart\/wp-json\/wp\/v2\/posts"}],"about":[{"href":"https:\/\/die-webzeitung.de\/stuttgart\/wp-json\/wp\/v2\/types\/post"}],"author":[{"embeddable":true,"href":"https:\/\/die-webzeitung.de\/stuttgart\/wp-json\/wp\/v2\/users\/4"}],"replies":[{"embeddable":true,"href":"https:\/\/die-webzeitung.de\/stuttgart\/wp-json\/wp\/v2\/comments?post=143312"}],"version-history":[{"count":3,"href":"https:\/\/die-webzeitung.de\/stuttgart\/wp-json\/wp\/v2\/posts\/143312\/revisions"}],"predecessor-version":[{"id":143315,"href":"https:\/\/die-webzeitung.de\/stuttgart\/wp-json\/wp\/v2\/posts\/143312\/revisions\/143315"}],"wp:attachment":[{"href":"https:\/\/die-webzeitung.de\/stuttgart\/wp-json\/wp\/v2\/media?parent=143312"}],"wp:term":[{"taxonomy":"category","embeddable":true,"href":"https:\/\/die-webzeitung.de\/stuttgart\/wp-json\/wp\/v2\/categories?post=143312"},{"taxonomy":"post_tag","embeddable":true,"href":"https:\/\/die-webzeitung.de\/stuttgart\/wp-json\/wp\/v2\/tags?post=143312"}],"curies":[{"name":"wp","href":"https:\/\/api.w.org\/{rel}","templated":true}]}}