{"id":143310,"date":"2021-09-10T13:19:18","date_gmt":"2021-09-10T12:19:18","guid":{"rendered":"https:\/\/die-webzeitung.de\/stuttgart\/2021\/09\/10\/ab-montag-dreitaegiger-streik-bei-regionalen-busunternehmen\/"},"modified":"2021-09-10T13:19:18","modified_gmt":"2021-09-10T12:19:18","slug":"ab-montag-dreitaegiger-streik-bei-regionalen-busunternehmen","status":"publish","type":"post","link":"https:\/\/die-webzeitung.de\/stuttgart\/2021\/09\/10\/ab-montag-dreitaegiger-streik-bei-regionalen-busunternehmen\/","title":{"rendered":"Ab Montag dreit\u00e4giger Streik bei regionalen Busunternehmen"},"content":{"rendered":"<h5 style=\"text-align: justify;\"><strong>VVS empfiehlt seinen Kunden, sich vor Fahrtantritt zu informieren<\/strong><\/h5>\n<p style=\"text-align: justify;\">Die Gewerkschaft verdi hat f\u00fcr Montag, 13. September, bis Mittwoch, 15. September auch die regionalen Busunternehmen im VVS zu einem dreit\u00e4gigen Streik aufgerufen. Betroffen sind nach derzeitigem Stand folgende Unternehmen:<\/p>\n<p style=\"text-align: justify;\">Im Landkreis Esslingen und G\u00f6ppingen<\/p>\n<ul style=\"text-align: justify;\">\n<li>OVG<\/li>\n<li>Sihler<\/li>\n<li>Fischle (Standort Esslingen)<\/li>\n<li>Friedrich M\u00fcller Omnibus T\u00fcbingen.<\/li>\n<\/ul>\n<p style=\"text-align: justify;\">Davon werden insbesondere die Stadtverkehre in Plochingen, G\u00f6ppingen und Geislingen betroffen sein. Am Dienstag werden zus\u00e4tzlich die Linien von Friedrich M\u00fcller Omnibus im Filderraum bestreikt.<\/p>\n<p style=\"text-align: justify;\">Im Bereich Stuttgart und den Landkreisen Ludwigsburg, B\u00f6blingen und Rems-Murr sind es folgende Unternehmen:<\/p>\n<ul style=\"text-align: justify;\">\n<li>Ludwigsburger Verkehrslinien,<\/li>\n<li>Omnibusverkehr Spillmann in Bietigheim-Bissingen,<\/li>\n<li>Omnibus Verkehr Ruoff (Standorte Hemmingen, Waiblingen und Backnang),<\/li>\n<li>Omnibusverkehr Fischle (Standort Waiblingen)<\/li>\n<li>W\u00f6hr Tours, Weissach,<\/li>\n<li>Friedrich M\u00fcller Omnibusverkehr,<\/li>\n<li>WBG W\u00fcrttembergische Busgesellschaft, Standort Ludwigsburg<\/li>\n<\/ul>\n<p style=\"text-align: justify;\">Der S-Bahn- und Regionalverkehr sowie die Busse und Bahnen der hier nicht genannten Verkehrsunternehmen werden nicht bestreikt. Je nach Stand unserer Informationen werden die bestreikten Linien aus der VVS-Fahrplanauskunft entfernt.<\/p>\n<p style=\"text-align: justify;\">In der elektronischen Fahrplanauskunft \u00fcber die App \u201eVVS Mobil\u201c und <a href=\"http:\/\/www.vvs.de\" target=\"_blank\" rel=\"noopener\" data-saferedirecturl=\"https:\/\/www.google.com\/url?q=http:\/\/www.vvs.de&amp;source=gmail&amp;ust=1631362068432000&amp;usg=AFQjCNHzKIX2ImWDKy3hX0rjIa8YIoTVKg\">www.vvs.de<\/a> werden Fahrtverbindungen f\u00fcr die Streiktage automatisch ohne die bestreikten Linien angezeigt. Fahrg\u00e4ste k\u00f6nnen sich so schnell einen \u00dcberblick verschaffen, ob eine Verbindung auch ohne die betroffenen Busse m\u00f6glich ist.<\/p>\n<p style=\"text-align: justify;\">Einzelne Fahrten k\u00f6nnen trotz des Warnstreiks stattfinden, weil Auftragsunternehmen sie fahren, die m\u00f6glicherweise nicht bestreikt werden. Diese Fahrten werden aber nicht in der elektronischen Fahrplanauskunft angezeigt, weil im Vorfeld keine Gewissheit dar\u00fcber besteht, ob sie tats\u00e4chlich fahren.<\/p>\n<p style=\"text-align: justify;\">F\u00fcr manche Fahrg\u00e4ste k\u00f6nnte es eine Alternative sein, mit dem Fahrrad zu fahren. Die Radroute kann man sich mit dem VVS-Radroutenplaner ausgeben lassen, den man unter <a href=\"http:\/\/www.vvs.de\/radroutenplaner\" target=\"_blank\" rel=\"noopener\" data-saferedirecturl=\"https:\/\/www.google.com\/url?q=http:\/\/www.vvs.de\/radroutenplaner&amp;source=gmail&amp;ust=1631362068433000&amp;usg=AFQjCNEUtyVzZdI-oOflLtvLXA5ZpIQxAQ\">www.vvs.de\/radroutenplaner<\/a> anklicken kann. Auf einfache Weise kommt man so zu einer Routenempfehlung an den Arbeits- oder Ausbildungsplatz.<\/p>\n<p style=\"text-align: justify;\">Im Einzelfall k\u00f6nnen auch Carsharing, Miet-Roller, E-Bikes zum Leihen oder die private Mitfahrgelegenheit eine gute Alternative sein, um von A nach B zu kommen. Informationen dazu gibt es unter <a href=\"http:\/\/www.vvs.de\" target=\"_blank\" rel=\"noopener\" data-saferedirecturl=\"https:\/\/www.google.com\/url?q=http:\/\/www.vvs.de&amp;source=gmail&amp;ust=1631362068433000&amp;usg=AFQjCNGBbvhusmuL8yL-qRwTQVMgBKGD0A\">www.vvs.de<\/a> unter der Rubrik \u201eClever kombinieren\u201c auf der Seite \u201eRundum mobil\u201c (<a href=\"http:\/\/www.vvs.de\/rundum-mobil\" target=\"_blank\" rel=\"noopener\" data-saferedirecturl=\"https:\/\/www.google.com\/url?q=http:\/\/www.vvs.de\/rundum-mobil&amp;source=gmail&amp;ust=1631362068433000&amp;usg=AFQjCNH_uSgbSzrFtPKEPWV193TtZSbyGA\">www.vvs.de\/rundum-mobil<\/a>).<\/p>\n<hr \/>\n<p style=\"text-align: justify;\">\n","protected":false},"excerpt":{"rendered":"<p>VVS empfiehlt seinen Kunden, sich vor Fahrtantritt zu informieren Die Gewerkschaft verdi hat f\u00fcr Montag, 13. September, bis Mittwoch, 15. September auch die regionalen Busunternehmen im VVS zu einem dreit\u00e4gigen Streik aufgerufen. Betroffen sind nach derzeitigem Stand folgende Unternehmen: Im Landkreis Esslingen und G\u00f6ppingen OVG Sihler Fischle (Standort Esslingen) Friedrich M\u00fcller Omnibus T\u00fcbingen. Davon werden [&hellip;]<\/p>\n","protected":false},"author":4,"featured_media":0,"comment_status":"closed","ping_status":"open","sticky":false,"template":"","format":"standard","meta":{"inline_featured_image":false,"_exactmetrics_skip_tracking":false,"_exactmetrics_sitenote_active":false,"_exactmetrics_sitenote_note":"","_exactmetrics_sitenote_category":0,"footnotes":""},"categories":[59,2246,2247],"tags":[832,14857,5,68,9,10898],"class_list":{"0":"post-143310","1":"post","2":"type-post","3":"status-publish","4":"format-standard","6":"category-aktuell","7":"category-kreis-boeblingen","8":"category-kreis-esslingen","9":"tag-busfahrer","10":"tag-die-webzeitung","11":"tag-internetzeitung","12":"tag-online-zeitung","13":"tag-schaumedia","14":"tag-streik"},"image_feature":null,"author_name":"Redaktion","pure_taxonomies":{"categories":[{"term_id":59,"name":"Aktuell","slug":"aktuell","term_group":0,"term_taxonomy_id":60,"taxonomy":"category","description":"","parent":0,"count":1018,"filter":"raw","image":""},{"term_id":2246,"name":"Kreis B\u00f6blingen","slug":"kreis-boeblingen","term_group":0,"term_taxonomy_id":2259,"taxonomy":"category","description":"","parent":171,"count":197,"filter":"raw","image":""},{"term_id":2247,"name":"Kreis Esslingen","slug":"kreis-esslingen","term_group":0,"term_taxonomy_id":2260,"taxonomy":"category","description":"Informationen aus dem Landkreis Esslingen","parent":171,"count":214,"filter":"raw","image":""}],"tags":[{"term_id":832,"name":"Busfahrer","slug":"busfahrer","term_group":0,"term_taxonomy_id":841,"taxonomy":"post_tag","description":"","parent":0,"count":2,"filter":"raw","image":""},{"term_id":14857,"name":"Die-Webzeitung","slug":"die-webzeitung","term_group":0,"term_taxonomy_id":14876,"taxonomy":"post_tag","description":"","parent":0,"count":3628,"filter":"raw","image":""},{"term_id":5,"name":"Internetzeitung","slug":"internetzeitung","term_group":0,"term_taxonomy_id":5,"taxonomy":"post_tag","description":"","parent":0,"count":1461,"filter":"raw","image":""},{"term_id":68,"name":"Online-Zeitung","slug":"online-zeitung","term_group":0,"term_taxonomy_id":69,"taxonomy":"post_tag","description":"","parent":0,"count":3598,"filter":"raw","image":""},{"term_id":9,"name":"SchauMedia","slug":"schaumedia","term_group":0,"term_taxonomy_id":9,"taxonomy":"post_tag","description":"","parent":0,"count":1607,"filter":"raw","image":""},{"term_id":10898,"name":"Streik","slug":"streik","term_group":0,"term_taxonomy_id":10936,"taxonomy":"post_tag","description":"","parent":0,"count":9,"filter":"raw","image":""}]},"_links":{"self":[{"href":"https:\/\/die-webzeitung.de\/stuttgart\/wp-json\/wp\/v2\/posts\/143310","targetHints":{"allow":["GET"]}}],"collection":[{"href":"https:\/\/die-webzeitung.de\/stuttgart\/wp-json\/wp\/v2\/posts"}],"about":[{"href":"https:\/\/die-webzeitung.de\/stuttgart\/wp-json\/wp\/v2\/types\/post"}],"author":[{"embeddable":true,"href":"https:\/\/die-webzeitung.de\/stuttgart\/wp-json\/wp\/v2\/users\/4"}],"replies":[{"embeddable":true,"href":"https:\/\/die-webzeitung.de\/stuttgart\/wp-json\/wp\/v2\/comments?post=143310"}],"version-history":[{"count":0,"href":"https:\/\/die-webzeitung.de\/stuttgart\/wp-json\/wp\/v2\/posts\/143310\/revisions"}],"wp:attachment":[{"href":"https:\/\/die-webzeitung.de\/stuttgart\/wp-json\/wp\/v2\/media?parent=143310"}],"wp:term":[{"taxonomy":"category","embeddable":true,"href":"https:\/\/die-webzeitung.de\/stuttgart\/wp-json\/wp\/v2\/categories?post=143310"},{"taxonomy":"post_tag","embeddable":true,"href":"https:\/\/die-webzeitung.de\/stuttgart\/wp-json\/wp\/v2\/tags?post=143310"}],"curies":[{"name":"wp","href":"https:\/\/api.w.org\/{rel}","templated":true}]}}