{"id":143251,"date":"2021-09-06T14:32:21","date_gmt":"2021-09-06T13:32:21","guid":{"rendered":"https:\/\/die-webzeitung.de\/stuttgart\/?p=143251"},"modified":"2021-09-06T14:32:21","modified_gmt":"2021-09-06T13:32:21","slug":"fahrplan-impfbus-ab-dienstag","status":"publish","type":"post","link":"https:\/\/die-webzeitung.de\/stuttgart\/2021\/09\/06\/fahrplan-impfbus-ab-dienstag\/","title":{"rendered":"Fahrplan Impfbus ab Dienstag"},"content":{"rendered":"<p style=\"text-align: justify;\">Kreis Esslingen.| Der Impfbus ist von Dienstag, 7. September bis Sonntag, 12. September wie folgt im Landkreis Esslingen unterwegs:<\/p>\n<p style=\"text-align: justify;\">Dienstag, 7. September: \u00a0Schlaitdorf, Kindergarten Florianweg 4, 12 bis 13 Uhr; Aichtal, Parkplatz TSV Gr\u00f6tzingen, Raiffeisenstra\u00dfe 33 \u2013 35, 13.45 bis 14.45 Uhr; Filderstadt-Sielmingen, Rathausplatz 1, Parkbuchten in der Hindenburg Stra\u00dfe gegen\u00fcber Kreissparkasse, 16.15 bis 18 Uhr<\/p>\n<p style=\"text-align: justify;\">Mittwoch, 8. September: Unterensingen, Parkplatz Bettwiesenhalle, Schulstra\u00dfe 43, 12 bis 13.15 Uhr; K\u00f6ngen, Festplatz, Kreuzung Adolf-Ehmann-Stra\u00dfe\/Denkendorfer Stra\u00dfe, 14 bis 15.15 Uhr; Altbach, Platz vor dem Rathaus, Esslinger Stra\u00dfe 65, 16.45 bis 18 Uhr<\/p>\n<p style=\"text-align: justify;\">Donnerstag, 9. September: Filderstadt-Harthausen, Marktplatz, Gr\u00f6tzinger Stra\u00dfe 7, 12 bis 13.15 Uhr; Filderstadt-Bonlanden, gegen\u00fcber Parkhaus EDEKA, Raiffeisenstra\u00dfe, 14 bis 15.15 Uhr; Filderstadt-Plattenhardt, H\u00f6he Geb\u00e4ude 27, Heinrich-Hertz-Stra\u00dfe, 16.45 bis 18 Uhr<\/p>\n<p style=\"text-align: justify;\">Freitag, 10. September kein Einsatz.<\/p>\n<p style=\"text-align: justify;\">Samstag, 11. September: Esslingen am Neckar (Lange Einkaufsnacht), Bahnhof Esslingen, Bahnhofplatz, 18 bis 21 Uhr<\/p>\n<p style=\"text-align: justify;\">Sonntag, 12. September: N\u00fcrtingen (verkaufsoffener Sonntag), Vor der Apotheke Horch, Zugang \u00fcber die Markt- bzw. Apothekerstra\u00dfe, Kirchstra\u00dfe 10, 12 bis 14 Uhr und 15 bis 18 Uhr<\/p>\n<p style=\"text-align: justify;\"><strong>Wichtiger Hinweis:<\/strong><br \/>\nWer sich impfen lassen m\u00f6chte, kann einfach zu den genannten Terminen zum Corona-Impfbus kommen. Mitgebracht werden sollte die Krankenversichertenkarte oder der Personalausweis, sowie falls verf\u00fcgbar der Impfpass. Kinder und Jugendliche ab zw\u00f6lf Jahren ben\u00f6tigen zudem die unterschriebenen Einverst\u00e4ndniserkl\u00e4rungen der Eltern, um sich impfen zu lassen. F\u00fcr alle Personen unter 18 Jahren steht der Impfstoff von Biontech zur Verf\u00fcgung, der bereits die entsprechende Zulassung f\u00fcr diese Altersgruppe erhalten hat.<\/p>\n<hr \/>\n<p style=\"text-align: justify;\">\n","protected":false},"excerpt":{"rendered":"<p>Kreis Esslingen.| Der Impfbus ist von Dienstag, 7. September bis Sonntag, 12. September wie folgt im Landkreis Esslingen unterwegs: Dienstag, 7. September: \u00a0Schlaitdorf, Kindergarten Florianweg 4, 12 bis 13 Uhr; Aichtal, Parkplatz TSV Gr\u00f6tzingen, Raiffeisenstra\u00dfe 33 \u2013 35, 13.45 bis 14.45 Uhr; Filderstadt-Sielmingen, Rathausplatz 1, Parkbuchten in der Hindenburg Stra\u00dfe gegen\u00fcber Kreissparkasse, 16.15 bis 18 [&hellip;]<\/p>\n","protected":false},"author":4,"featured_media":0,"comment_status":"closed","ping_status":"open","sticky":false,"template":"","format":"standard","meta":{"inline_featured_image":false,"_exactmetrics_skip_tracking":false,"_exactmetrics_sitenote_active":false,"_exactmetrics_sitenote_note":"","_exactmetrics_sitenote_category":0,"footnotes":""},"categories":[59,2247],"tags":[14857,14440,17103,5,68,9],"class_list":{"0":"post-143251","1":"post","2":"type-post","3":"status-publish","4":"format-standard","6":"category-aktuell","7":"category-kreis-esslingen","8":"tag-die-webzeitung","9":"tag-esslingen","10":"tag-impfbus","11":"tag-internetzeitung","12":"tag-online-zeitung","13":"tag-schaumedia"},"image_feature":null,"author_name":"Redaktion","pure_taxonomies":{"categories":[{"term_id":59,"name":"Aktuell","slug":"aktuell","term_group":0,"term_taxonomy_id":60,"taxonomy":"category","description":"","parent":0,"count":1018,"filter":"raw","image":""},{"term_id":2247,"name":"Kreis Esslingen","slug":"kreis-esslingen","term_group":0,"term_taxonomy_id":2260,"taxonomy":"category","description":"Informationen aus dem Landkreis Esslingen","parent":171,"count":214,"filter":"raw","image":""}],"tags":[{"term_id":14857,"name":"Die-Webzeitung","slug":"die-webzeitung","term_group":0,"term_taxonomy_id":14876,"taxonomy":"post_tag","description":"","parent":0,"count":3628,"filter":"raw","image":""},{"term_id":14440,"name":"Esslingen","slug":"esslingen","term_group":0,"term_taxonomy_id":3885,"taxonomy":"post_tag","description":"","parent":0,"count":202,"filter":"raw","image":""},{"term_id":17103,"name":"Impfbus","slug":"impfbus","term_group":0,"term_taxonomy_id":17122,"taxonomy":"post_tag","description":"","parent":0,"count":4,"filter":"raw","image":""},{"term_id":5,"name":"Internetzeitung","slug":"internetzeitung","term_group":0,"term_taxonomy_id":5,"taxonomy":"post_tag","description":"","parent":0,"count":1461,"filter":"raw","image":""},{"term_id":68,"name":"Online-Zeitung","slug":"online-zeitung","term_group":0,"term_taxonomy_id":69,"taxonomy":"post_tag","description":"","parent":0,"count":3598,"filter":"raw","image":""},{"term_id":9,"name":"SchauMedia","slug":"schaumedia","term_group":0,"term_taxonomy_id":9,"taxonomy":"post_tag","description":"","parent":0,"count":1607,"filter":"raw","image":""}]},"_links":{"self":[{"href":"https:\/\/die-webzeitung.de\/stuttgart\/wp-json\/wp\/v2\/posts\/143251","targetHints":{"allow":["GET"]}}],"collection":[{"href":"https:\/\/die-webzeitung.de\/stuttgart\/wp-json\/wp\/v2\/posts"}],"about":[{"href":"https:\/\/die-webzeitung.de\/stuttgart\/wp-json\/wp\/v2\/types\/post"}],"author":[{"embeddable":true,"href":"https:\/\/die-webzeitung.de\/stuttgart\/wp-json\/wp\/v2\/users\/4"}],"replies":[{"embeddable":true,"href":"https:\/\/die-webzeitung.de\/stuttgart\/wp-json\/wp\/v2\/comments?post=143251"}],"version-history":[{"count":2,"href":"https:\/\/die-webzeitung.de\/stuttgart\/wp-json\/wp\/v2\/posts\/143251\/revisions"}],"predecessor-version":[{"id":143253,"href":"https:\/\/die-webzeitung.de\/stuttgart\/wp-json\/wp\/v2\/posts\/143251\/revisions\/143253"}],"wp:attachment":[{"href":"https:\/\/die-webzeitung.de\/stuttgart\/wp-json\/wp\/v2\/media?parent=143251"}],"wp:term":[{"taxonomy":"category","embeddable":true,"href":"https:\/\/die-webzeitung.de\/stuttgart\/wp-json\/wp\/v2\/categories?post=143251"},{"taxonomy":"post_tag","embeddable":true,"href":"https:\/\/die-webzeitung.de\/stuttgart\/wp-json\/wp\/v2\/tags?post=143251"}],"curies":[{"name":"wp","href":"https:\/\/api.w.org\/{rel}","templated":true}]}}