{"id":143242,"date":"2021-09-06T13:40:54","date_gmt":"2021-09-06T12:40:54","guid":{"rendered":"https:\/\/die-webzeitung.de\/stuttgart\/2021\/09\/06\/wasserballer-starten-in-die-neue-saison\/"},"modified":"2021-09-06T13:40:54","modified_gmt":"2021-09-06T12:40:54","slug":"wasserballer-starten-in-die-neue-saison","status":"publish","type":"post","link":"https:\/\/die-webzeitung.de\/stuttgart\/2021\/09\/06\/wasserballer-starten-in-die-neue-saison\/","title":{"rendered":"Wasserballer starten in die neue Saison"},"content":{"rendered":"<h5 style=\"text-align: justify;\"><strong>Zum Auftakt ein Lokal-Derby in Cannstatt<\/strong><\/h5>\n<p style=\"text-align: justify;\"><img loading=\"lazy\" decoding=\"async\" class=\"alignleft size-thumbnail wp-image-158196\" src=\"https:\/\/die-webzeitung.de\/ludwigsburg\/wp-content\/uploads\/sites\/5\/2020\/12\/svl-small.png\" alt=\"\" width=\"150\" height=\"150\" \/>Ludwigsburg.| Die SVL-Wasserballer starten am Freitag, 17. September, mit ihrem ersten Pflichtspiel in die neue Saison. Die Ludwigsburger bekommen es im Deutschen Wasserball Pokal mit den Nachbarn des SV Cannstatt zu tun.<\/p>\n<p style=\"text-align: justify;\">Der Urlaub ist vorbei, der komplette Kader trainiert seit gut drei Wochen wieder zusammen. Die ersten Testspiele sind gelaufen &#8211; und die Trainer soweit ganz zufrieden. Die Spieler, sagt der SVL-Vizepr\u00e4sident Matthias Nagel, sind fit. Mitte des Monats wird es ernst.<\/p>\n<p style=\"text-align: justify;\">Am Freitag, 17. September, fahren die SVL-Bundesliga-Wasserballer zu ihrem ersten Pflichtspiel in der neuen Saison: In der ersten Runde des Deutschen Wasserball-Pokals geht es zum Lokalderby gegen den SV Cannstatt. Das Spiel findet am Freitagabend im Vereinsbad des SVC, im Mombachbad, statt.<\/p>\n<p style=\"text-align: justify;\">\u201eWir freuen uns sehr auf das Spiel, sind\u00a0 zufrieden mit dem Los\u201c, so Nagel. Das Aufeinandertreffen sei das erste Derby seit vielen Jahren. Fr\u00fcher war der SVC im Land das Ma\u00df der Dinge. Lange dominierten die Cannstatter in S\u00fcddeutschland. In der Saison 2005\/2006 war der SVC sogar Deutscher Meister. Zurzeit spielt Cannstatt allerdings in der Zweiten Liga.<\/p>\n<p style=\"text-align: justify;\">Auch deshalb sagt Nagel: \u201eWenn wir unsere Leistung bringen, gewinnen wir\u201c &#8211; und dann zieht der SV Ludwigsburg ins Viertelfinale ein. \u201eWir werden Cannstatt sicher nicht untersch\u00e4tzen, gehen aber selbstbewusst in die Partie.\u201c<\/p>\n<p style=\"text-align: justify;\">Ein Sieg in dem Spiel &#8211; und der SVL st\u00fcnde unter den letzten Acht.\u00a0Im\u00a0Viertelfinale, das voraussichtlich jedoch gleich am Wochenende nach dem ersten Spiel der\u00a0Schwarz-Gelben ausgetragen wird &#8211; ausgetragen werden m\u00fcsste, denn am geplanten Termin Anfang Oktober treten die Ludwigsburger bereits in der ersten Runde des Euro-Cups in S\u00fcditalien gegen Teams aus Griechenland, Frankreich\u00a0und Italien an.<\/p>\n<p style=\"text-align: justify;\">Es gelte zu schauen, \u201ewas im Deutschen Pokal schon m\u00f6glich ist\u201c, sagt Nagel. Klar, es komme immer auch auf die Auslosung an. Gegen die beiden deutschen Top-Teams Waspo Hannover und Spandau sei \u201emeistens Schluss\u201c. Gegen alle anderen Mannschaften indes \u201erechen wir uns schon ein bisschen was aus\u201c.<\/p>\n<p style=\"text-align: justify;\">Das hei\u00dft? Wenn Ludwigsburg das Viertelfinale auch noch f\u00fcr sich entscheiden k\u00f6nnte, dann spielte das Team mit dem neuen Trainer Janusz Gogola erstmalig im Final-Four-Tournier um den Deutschen Pokal, w\u00e4re damit unter den vier besten Teams Deutschlands. Nagel: \u201eDas gab es in der Geschichte des SVL noch nie.\u201c Und das, sagt er selbstbewusst, sei \u201einsgeheim unser Ziel\u201c &#8211; wenn alles nach Wunsch\u00a0l\u00e4uft, dann w\u00e4re es schon Mitte Oktober soweit.<\/p>\n<p style=\"text-align: justify;\"><strong>Die weiteren Partien im DSV-Pokal 2021<\/strong><br \/>\nAuslosung Achtelfinale (17. &#8211; 19. September)<\/p>\n<ul>\n<li style=\"text-align: justify;\">SV Bayer Uerdingen 08 \u2013 Wasserfreunde Spandau 04<\/li>\n<li style=\"text-align: justify;\">SV Cannstatt \u2013 SV Ludwigsburg<\/li>\n<li style=\"text-align: justify;\">SpVg Laatzen \u2013 SV W\u00fcrzburg 05<\/li>\n<li style=\"text-align: justify;\">SG Neuk\u00f6lln \u2013 White Sharks Hannover<\/li>\n<li style=\"text-align: justify;\">SC Hellas-99 Hildesheim \u2013 Waspo 98 Hannover<\/li>\n<li style=\"text-align: justify;\">SV Krefeld 72 \u2013 D\u00fcsseldorfer SC<\/li>\n<li style=\"text-align: justify;\">SSV Esslingen \u2013 ASC Duisburg<\/li>\n<li style=\"text-align: justify;\">Duisburger SV 98 \u2013 OSC Potsdam<\/li>\n<\/ul>\n<hr \/>\n<p style=\"text-align: justify;\">\n","protected":false},"excerpt":{"rendered":"<p>Zum Auftakt ein Lokal-Derby in Cannstatt Ludwigsburg.| Die SVL-Wasserballer starten am Freitag, 17. September, mit ihrem ersten Pflichtspiel in die neue Saison. Die Ludwigsburger bekommen es im Deutschen Wasserball Pokal mit den Nachbarn des SV Cannstatt zu tun. Der Urlaub ist vorbei, der komplette Kader trainiert seit gut drei Wochen wieder zusammen. Die ersten Testspiele [&hellip;]<\/p>\n","protected":false},"author":4,"featured_media":0,"comment_status":"closed","ping_status":"open","sticky":false,"template":"","format":"standard","meta":{"inline_featured_image":false,"_exactmetrics_skip_tracking":false,"_exactmetrics_sitenote_active":false,"_exactmetrics_sitenote_note":"","_exactmetrics_sitenote_category":0,"footnotes":""},"categories":[110],"tags":[131,14857,5,6,68,9,15012,14387,14388,14027],"class_list":{"0":"post-143242","1":"post","2":"type-post","3":"status-publish","4":"format-standard","6":"category-sport","7":"tag-bundesliga","8":"tag-die-webzeitung","9":"tag-internetzeitung","10":"tag-ludwigsburg","11":"tag-online-zeitung","12":"tag-schaumedia","13":"tag-schwimmen","14":"tag-schwimmverein","15":"tag-svl","16":"tag-wasserball"},"image_feature":null,"author_name":"Redaktion","pure_taxonomies":{"categories":[{"term_id":110,"name":"Sport","slug":"sport","term_group":0,"term_taxonomy_id":112,"taxonomy":"category","description":"Sportberichte","parent":0,"count":1043,"filter":"raw","image":""}],"tags":[{"term_id":131,"name":"Bundesliga","slug":"bundesliga","term_group":0,"term_taxonomy_id":133,"taxonomy":"post_tag","description":"","parent":0,"count":699,"filter":"raw","image":""},{"term_id":14857,"name":"Die-Webzeitung","slug":"die-webzeitung","term_group":0,"term_taxonomy_id":14876,"taxonomy":"post_tag","description":"","parent":0,"count":3628,"filter":"raw","image":""},{"term_id":5,"name":"Internetzeitung","slug":"internetzeitung","term_group":0,"term_taxonomy_id":5,"taxonomy":"post_tag","description":"","parent":0,"count":1461,"filter":"raw","image":""},{"term_id":6,"name":"Ludwigsburg","slug":"ludwigsburg","term_group":0,"term_taxonomy_id":6,"taxonomy":"post_tag","description":"","parent":0,"count":180,"filter":"raw","image":""},{"term_id":68,"name":"Online-Zeitung","slug":"online-zeitung","term_group":0,"term_taxonomy_id":69,"taxonomy":"post_tag","description":"","parent":0,"count":3598,"filter":"raw","image":""},{"term_id":9,"name":"SchauMedia","slug":"schaumedia","term_group":0,"term_taxonomy_id":9,"taxonomy":"post_tag","description":"","parent":0,"count":1607,"filter":"raw","image":""},{"term_id":15012,"name":"schwimmen","slug":"schwimmen","term_group":0,"term_taxonomy_id":15031,"taxonomy":"post_tag","description":"","parent":0,"count":149,"filter":"raw","image":""},{"term_id":14387,"name":"Schwimmverein","slug":"schwimmverein","term_group":0,"term_taxonomy_id":14421,"taxonomy":"post_tag","description":"","parent":0,"count":152,"filter":"raw","image":""},{"term_id":14388,"name":"SVL","slug":"svl","term_group":0,"term_taxonomy_id":14422,"taxonomy":"post_tag","description":"","parent":0,"count":151,"filter":"raw","image":""},{"term_id":14027,"name":"Wasserball","slug":"wasserball","term_group":0,"term_taxonomy_id":14069,"taxonomy":"post_tag","description":"","parent":0,"count":132,"filter":"raw","image":""}]},"_links":{"self":[{"href":"https:\/\/die-webzeitung.de\/stuttgart\/wp-json\/wp\/v2\/posts\/143242","targetHints":{"allow":["GET"]}}],"collection":[{"href":"https:\/\/die-webzeitung.de\/stuttgart\/wp-json\/wp\/v2\/posts"}],"about":[{"href":"https:\/\/die-webzeitung.de\/stuttgart\/wp-json\/wp\/v2\/types\/post"}],"author":[{"embeddable":true,"href":"https:\/\/die-webzeitung.de\/stuttgart\/wp-json\/wp\/v2\/users\/4"}],"replies":[{"embeddable":true,"href":"https:\/\/die-webzeitung.de\/stuttgart\/wp-json\/wp\/v2\/comments?post=143242"}],"version-history":[{"count":0,"href":"https:\/\/die-webzeitung.de\/stuttgart\/wp-json\/wp\/v2\/posts\/143242\/revisions"}],"wp:attachment":[{"href":"https:\/\/die-webzeitung.de\/stuttgart\/wp-json\/wp\/v2\/media?parent=143242"}],"wp:term":[{"taxonomy":"category","embeddable":true,"href":"https:\/\/die-webzeitung.de\/stuttgart\/wp-json\/wp\/v2\/categories?post=143242"},{"taxonomy":"post_tag","embeddable":true,"href":"https:\/\/die-webzeitung.de\/stuttgart\/wp-json\/wp\/v2\/tags?post=143242"}],"curies":[{"name":"wp","href":"https:\/\/api.w.org\/{rel}","templated":true}]}}