{"id":143181,"date":"2021-09-01T15:45:31","date_gmt":"2021-09-01T14:45:31","guid":{"rendered":"https:\/\/die-webzeitung.de\/stuttgart\/2021\/09\/01\/ww-brandpool-investiert-in-das-immobilien-proptech-immomio\/"},"modified":"2021-09-01T15:45:31","modified_gmt":"2021-09-01T14:45:31","slug":"ww-brandpool-investiert-in-das-immobilien-proptech-immomio","status":"publish","type":"post","link":"https:\/\/die-webzeitung.de\/stuttgart\/2021\/09\/01\/ww-brandpool-investiert-in-das-immobilien-proptech-immomio\/","title":{"rendered":"W&#038;W brandpool investiert in das Immobilien-Proptech Immomio"},"content":{"rendered":"<p style=\"text-align: justify;\">Die W&amp;W brandpool GmbH hat von der Mainzer Aareon AG, Europas f\u00fchrendem Unternehmen f\u00fcr Immobiliensoftware, eine Minderheitsbeteiligung an der Hamburger Immomio GmbH \u00fcbernommen. Dar\u00fcber hinaus beteiligt sie sich im Rahmen einer Finanzierungsrunde und h\u00e4lt nach beiden Transaktionen rund 16 Prozent. Mit der Beteiligung erweitert die W&amp;W brandpool zielgerichtet ihr \u00d6kosystem, das aus den Bereichen Finanzen, Wohnen, Gesundheit, Mobilit\u00e4t, Familie und Bildung besteht.<\/p>\n<p style=\"text-align: justify;\">Immomio ist eine digitale End-to-End-L\u00f6sung f\u00fcr den Vermietungsprozess. Von der Vermarktung \u00fcber das Interessentenmanagement bis hin zum digitalen Mietvertrag bietet Immomio einen durchg\u00e4ngig digitalen Arbeitsablauf. Immomio-Kunden verwalten rund 800.000 Wohneinheiten deutschlandweit. Dazu geh\u00f6ren Genossenschaften, Wohnungsunternehmen sowie Immobilienverwalter und Makler. Durch den am 31. August 2021 unterzeichneten Zusammenschluss der Immomio GmbH mit der DIT Deutsche Immobilien IT &amp; Marketing GmbH, einem f\u00fchrenden Anbieter von Mieterapps, entsteht zum Zeitpunkt des Einstiegs der W&amp;W brandpool eines der gr\u00f6\u00dften Unternehmen f\u00fcr digitale Dienstleistungen und Services in der Wohnungswirtschaft in Deutschland mit \u00fcber 1,4 Millionen verwalteten Mieteinheiten.<\/p>\n<p style=\"text-align: justify;\">Christoph Stefanides, Gesch\u00e4ftsf\u00fchrer der W&amp;W brandpool: \u201eDer Einstieg der W&amp;W brandpool er\u00f6ffnet weitere Ans\u00e4tze f\u00fcr Synergien im strategischen B2B2C-Ansatz von Immomio. Mit dem geplanten Ausbau der Mieterservices entstehen zugleich hohe Potenziale im Bereich Wohnen und bei Versicherungsleistungen, in denen die W&amp;W-Gruppe gro\u00dfes Know-how besitzt.\u201c<\/p>\n<hr \/>\n<p style=\"text-align: justify;\">\n","protected":false},"excerpt":{"rendered":"<p>Die W&amp;W brandpool GmbH hat von der Mainzer Aareon AG, Europas f\u00fchrendem Unternehmen f\u00fcr Immobiliensoftware, eine Minderheitsbeteiligung an der Hamburger Immomio GmbH \u00fcbernommen. Dar\u00fcber hinaus beteiligt sie sich im Rahmen einer Finanzierungsrunde und h\u00e4lt nach beiden Transaktionen rund 16 Prozent. Mit der Beteiligung erweitert die W&amp;W brandpool zielgerichtet ihr \u00d6kosystem, das aus den Bereichen Finanzen, [&hellip;]<\/p>\n","protected":false},"author":4,"featured_media":0,"comment_status":"closed","ping_status":"open","sticky":false,"template":"","format":"standard","meta":{"inline_featured_image":false,"_exactmetrics_skip_tracking":false,"_exactmetrics_sitenote_active":false,"_exactmetrics_sitenote_note":"","_exactmetrics_sitenote_category":0,"footnotes":""},"categories":[479],"tags":[15478,14857,5,68,9,1442,18,19],"class_list":{"0":"post-143181","1":"post","2":"type-post","3":"status-publish","4":"format-standard","6":"category-wirtschaft","7":"tag-brandpool","8":"tag-die-webzeitung","9":"tag-internetzeitung","10":"tag-online-zeitung","11":"tag-schaumedia","12":"tag-ww","13":"tag-wurttembergische","14":"tag-wustenrot"},"image_feature":null,"author_name":"Redaktion","pure_taxonomies":{"categories":[{"term_id":479,"name":"Wirtschaft","slug":"wirtschaft","term_group":0,"term_taxonomy_id":1941,"taxonomy":"category","description":"","parent":0,"count":282,"filter":"raw","image":""}],"tags":[{"term_id":15478,"name":"brandpool","slug":"brandpool","term_group":0,"term_taxonomy_id":15497,"taxonomy":"post_tag","description":"","parent":0,"count":1,"filter":"raw","image":""},{"term_id":14857,"name":"Die-Webzeitung","slug":"die-webzeitung","term_group":0,"term_taxonomy_id":14876,"taxonomy":"post_tag","description":"","parent":0,"count":3628,"filter":"raw","image":""},{"term_id":5,"name":"Internetzeitung","slug":"internetzeitung","term_group":0,"term_taxonomy_id":5,"taxonomy":"post_tag","description":"","parent":0,"count":1461,"filter":"raw","image":""},{"term_id":68,"name":"Online-Zeitung","slug":"online-zeitung","term_group":0,"term_taxonomy_id":69,"taxonomy":"post_tag","description":"","parent":0,"count":3598,"filter":"raw","image":""},{"term_id":9,"name":"SchauMedia","slug":"schaumedia","term_group":0,"term_taxonomy_id":9,"taxonomy":"post_tag","description":"","parent":0,"count":1607,"filter":"raw","image":""},{"term_id":1442,"name":"W&amp;W","slug":"ww","term_group":0,"term_taxonomy_id":1451,"taxonomy":"post_tag","description":"","parent":0,"count":79,"filter":"raw","image":""},{"term_id":18,"name":"W\u00fcrttembergische","slug":"wurttembergische","term_group":0,"term_taxonomy_id":18,"taxonomy":"post_tag","description":"","parent":0,"count":111,"filter":"raw","image":""},{"term_id":19,"name":"W\u00fcstenrot","slug":"wustenrot","term_group":0,"term_taxonomy_id":19,"taxonomy":"post_tag","description":"","parent":0,"count":171,"filter":"raw","image":""}]},"_links":{"self":[{"href":"https:\/\/die-webzeitung.de\/stuttgart\/wp-json\/wp\/v2\/posts\/143181","targetHints":{"allow":["GET"]}}],"collection":[{"href":"https:\/\/die-webzeitung.de\/stuttgart\/wp-json\/wp\/v2\/posts"}],"about":[{"href":"https:\/\/die-webzeitung.de\/stuttgart\/wp-json\/wp\/v2\/types\/post"}],"author":[{"embeddable":true,"href":"https:\/\/die-webzeitung.de\/stuttgart\/wp-json\/wp\/v2\/users\/4"}],"replies":[{"embeddable":true,"href":"https:\/\/die-webzeitung.de\/stuttgart\/wp-json\/wp\/v2\/comments?post=143181"}],"version-history":[{"count":0,"href":"https:\/\/die-webzeitung.de\/stuttgart\/wp-json\/wp\/v2\/posts\/143181\/revisions"}],"wp:attachment":[{"href":"https:\/\/die-webzeitung.de\/stuttgart\/wp-json\/wp\/v2\/media?parent=143181"}],"wp:term":[{"taxonomy":"category","embeddable":true,"href":"https:\/\/die-webzeitung.de\/stuttgart\/wp-json\/wp\/v2\/categories?post=143181"},{"taxonomy":"post_tag","embeddable":true,"href":"https:\/\/die-webzeitung.de\/stuttgart\/wp-json\/wp\/v2\/tags?post=143181"}],"curies":[{"name":"wp","href":"https:\/\/api.w.org\/{rel}","templated":true}]}}