{"id":143171,"date":"2021-08-31T15:32:43","date_gmt":"2021-08-31T14:32:43","guid":{"rendered":"https:\/\/die-webzeitung.de\/stuttgart\/2021\/08\/31\/lokfuehrerstreik-ausfaelle-im-s-bahn-und-regionalverkehr-2\/"},"modified":"2021-08-31T15:32:43","modified_gmt":"2021-08-31T14:32:43","slug":"lokfuehrerstreik-ausfaelle-im-s-bahn-und-regionalverkehr-2","status":"publish","type":"post","link":"https:\/\/die-webzeitung.de\/stuttgart\/2021\/08\/31\/lokfuehrerstreik-ausfaelle-im-s-bahn-und-regionalverkehr-2\/","title":{"rendered":"Lokf\u00fchrerstreik: Ausf\u00e4lle im S-Bahn und Regionalverkehr"},"content":{"rendered":"<h5 style=\"text-align: justify;\"><strong>S-Bahnen fahren nur im Stundentakt<\/strong><\/h5>\n<p style=\"text-align: justify;\">GDL hat ihre Mitglieder von Donnerstag, 2 Uhr morgens, zum Streik aufgerufen \u2013 Stadtbahnen, Busse und Nebenbahnen sowie die Z\u00fcge von Abellio und Go-Ahead fahren planm\u00e4\u00dfig<\/p>\n<p style=\"text-align: justify;\">Die Lokf\u00fchrergewerkschaft GDL will von Donnerstag, 2. September, 2 Uhr, bis einschlie\u00dflich Montag, 6. September, den Personenverkehr bei der Deutschen Bahn bestreiken. Bei der S-Bahn und im Regionalverkehr kommt es zu Zugausf\u00e4llen und Versp\u00e4tungen. Nahverkehrsz\u00fcge von Abellio und Go-Ahead, Stadtbahnen der SSB, Nebenbahnen der WEG (Sch\u00f6nbuchbahn, Wieslauftalbahn, Strohg\u00e4ubahn, T\u00e4lesbahn) sowie die SSB-Busse und regionalen Busverkehre sind nicht betroffen. Ebenfalls planm\u00e4\u00dfig fahren in der Stuttgarter Innenstadt die Busse des Schienenersatzverkehrs SEV 1 (ab Hauptbahnhof) und SEV 2 (ab Vaihingen), der die gesperrte S-Bahn auf der Stammstrecke ersetzt. Die Linie SEV 2 f\u00e4hrt auch an den Streiktagen zwischen 6.00 und 09.00 Uhr sowie zwischen 15.00 und 19.00 Uhr alle 10 Minuten.<\/p>\n<p style=\"text-align: justify;\">In der App \u201eVVS Mobil\u201c und in der elektronischen Fahrplanauskunft auf <a href=\"http:\/\/www.vvs.de\" target=\"_blank\" rel=\"noopener\" data-saferedirecturl=\"https:\/\/www.google.com\/url?q=http:\/\/www.vvs.de&amp;source=gmail&amp;ust=1630502792149000&amp;usg=AFQjCNHFOyIb6TlsTr6ICAzdItD1hUZHgQ\">www.vvs.de<\/a> werden Verbindungen automatisch ohne die bestreikten Verkehrsmittel (S-Bahn und DB-(Regional)Bahnen) angezeigt. Fahrg\u00e4ste k\u00f6nnen sich so schnell einen \u00dcberblick verschaffen, ob und welche alternativen Verbindungen es mit \u00f6ffentlichen Verkehrsmitteln gibt. Hinweis: Fahrpl\u00e4ne k\u00f6nnen sich auch kurzfristig noch \u00e4ndern. Das liegt daran, dass sich der GDL-Streik mit Baustellen, der Stammstreckensperrung und der Sperrung der G\u00e4ubahn \u00fcberschneidet. Fahrg\u00e4ste sollten sich deshalb vor jeder Fahrt \u00fcber ihre Verbindung informieren.<\/p>\n<p style=\"text-align: justify;\">Die DB Regio sieht f\u00fcr die <strong>S-Bahn Stuttgart<\/strong> einen Ersatzfahrplan vor. Geplant ist, alle S-Bahn-Linien an den Streiktagen im Stundentakt fahren zu lassen.<\/p>\n<p style=\"text-align: justify;\">Im Einzelnen sieht der Fahrplan voraussichtlich folgende Abfahrtszeiten vor:<\/p>\n<ul>\n<li><strong>S1<\/strong>: wegen Bauarbeiten f\u00e4hrt die S1 bis 4. September nur zwischen Kirchheim und G\u00e4rtringen \u2013 zwischen G\u00e4rtringen und Herrenberg sind Ersatzbusse unterwegs:<\/li>\n<li style=\"text-align: justify;\">vom 2. September bis einschlie\u00dflich 4. September: Kirchheim \u2013 G\u00e4rtringen (Ersatzbusse ab G\u00e4rtringen ab Minute 20 und 50, Ersatzbusse ab Herrenberg ab Minute 22 und 52)<\/li>\n<li style=\"text-align: justify;\">vom 5. September bis 6. September: Kirchheim \u2013 Herrenberg (ab Kirchheim Minute 21, ab Herrenberg Minute 16)<\/li>\n<li style=\"text-align: justify;\">Hinweis: Die Pendelz\u00fcge, die von DB Regio betrieben werden, fahren nur im Stundentakt anstatt im 30-Minuten-Takt. Abfahrt in Vaihingen zur Minute 40, Abfahrt am Hauptbahnhof zur Minute 03.<\/li>\n<li><strong>S2<\/strong> Schorndorf \u2013 Hauptbahnhof (ab Schorndorf Minute 03, ab Hauptbahnhof Minute 50)<\/li>\n<li><strong>S23<\/strong> Backnang \u2013 Filderstadt (ab Backnang Minute 11, ab Filderstadt Minute 34). Zwischen Hauptbahnhof und Stuttgart-Vaihingen m\u00fcssen Fahrg\u00e4ste auf Pendelz\u00fcge umsteigen. Hinweis: Die Pendelz\u00fcge, die von DB Regio betrieben werden, fahren nur im Stundentakt anstatt im 30-Minuten-Takt. Abfahrt in Vaihingen zur Minute 40, Abfahrt am Hauptbahnhof zur Minute 03.<\/li>\n<li><strong>S4<\/strong> Backnang \u2013 Hauptbahnhof (ab Backnang Minute 03, ab Hauptbahnhof Minute 07)<\/li>\n<li><strong>S5<\/strong> Bietigheim-Bissingen \u2013 Hauptbahnhof (ab Bietigheim Minute 07, ab Hauptbahnhof Minute 57)<\/li>\n<li><strong>S6<\/strong> Weil der Stadt \u2013 Hauptbahnhof (Weil der Stadt Minute 03, ab Hauptbahnhof Minute 47)<\/li>\n<li><strong>S60<\/strong> B\u00f6blingen \u2013 Renningen (f\u00e4hrt nur zwischen B\u00f6blingen und Renningen, ab B\u00f6blingen Minute 34, ab Renningen Minute 09)<\/li>\n<\/ul>\n<p style=\"text-align: justify;\">Die Fr\u00fchfahrten zum Flughafen entfallen auf allen Linien.<\/p>\n<p style=\"text-align: justify;\"><strong>Das Rumpfangebot in den S-Bahn-Fahrpl\u00e4nen ist aufgrund der kurzfristigen Streiksituation zum jetzigen Zeitpunkt nicht gesichert. Deshalb bittet der<\/strong><strong> VVS die Fahrg\u00e4ste dringend sich vor Fahrtantritt unter <a href=\"http:\/\/www.vvs.de\" target=\"_blank\" rel=\"noopener\" data-saferedirecturl=\"https:\/\/www.google.com\/url?q=http:\/\/www.vvs.de&amp;source=gmail&amp;ust=1630502792149000&amp;usg=AFQjCNHFOyIb6TlsTr6ICAzdItD1hUZHgQ\">www.vvs.de<\/a> oder <\/strong><strong><a href=\"http:\/\/www.bahn.de\/aktuell\" target=\"_blank\" rel=\"noopener\" data-saferedirecturl=\"https:\/\/www.google.com\/url?q=http:\/\/www.bahn.de\/aktuell&amp;source=gmail&amp;ust=1630502792149000&amp;usg=AFQjCNG4LUoCD7ef0wLi9pGeKQx_jZOeMA\">www.bahn.de\/aktuell<\/a> <\/strong><strong>\u00fcber den aktuellen Stand zu informieren<\/strong><\/p>\n<p style=\"text-align: justify;\">In der App \u201eVVS Mobil\u201c und in der elektronischen Fahrplanauskunft auf <a href=\"http:\/\/www.vvs.de\" target=\"_blank\" rel=\"noopener\" data-saferedirecturl=\"https:\/\/www.google.com\/url?q=http:\/\/www.vvs.de&amp;source=gmail&amp;ust=1630502792149000&amp;usg=AFQjCNHFOyIb6TlsTr6ICAzdItD1hUZHgQ\">www.vvs.de<\/a> werden ab 1. September komplett bestreikte Verbindungen nicht mehr angezeigt. Sp\u00e4testens ab Donnerstag wird auch der Stundentakt bei der S-Bahn ber\u00fccksichtigt. Fahrg\u00e4ste k\u00f6nnen sich so einen \u00dcberblick verschaffen, ob und welche alternativen Verbindungen es mit \u00f6ffentlichen Verkehrsmitteln gibt.<\/p>\n<p style=\"text-align: justify;\">Auf diesen S-Bahn <u>Baustellenlinien<\/u> fahren definitiv keine Z\u00fcge:<\/p>\n<ul style=\"text-align: justify;\">\n<li>S12 Schorndorf \u2013 Esslingen<\/li>\n<li>S15 Bietigheim-Bisingen \u2013 Herrenberg<\/li>\n<li>S30 Flughafen\/Messe \u2013 Vaihingen<\/li>\n<\/ul>\n<p style=\"text-align: justify;\">Ebenso entfallen die Regionalbahnen:<\/p>\n<ul style=\"text-align: justify;\">\n<li>RB 11 Untert\u00fcrkheim \u2013 Kornwestheim (Schusterbahn)<\/li>\n<li>RB 64 Kirchheim \u2013 Oberlenningen (Teckbahn). Es wird ein Schienenersatzverkehr zwischen Kirchheim (T) und Oberlenningen eingerichtet.<\/li>\n<li>Voraussichtlich wird es auch auf den Linien RB14\/IC (Vaihingen\/B\u00f6blingen \u2013 Rottweil\/Singen) und RB 19 (Stuttgart \u2013 Schw\u00e4bisch Hall-Hessental) zu Einschr\u00e4nkungen kommen. N\u00e4here Infos folgen zeitnah auf der VVS-Homepage.<\/li>\n<\/ul>\n<p style=\"text-align: justify;\"><strong>Weitere Alternativen<\/strong><\/p>\n<p style=\"text-align: justify;\">Im Einzelfall kann auch Carsharing oder die private Mitfahrgelegenheit eine M\u00f6glichkeit sein, um im Streikfall von A nach B zu kommen. Informationen dazu gibt es unter <a href=\"http:\/\/www.vvs.de\" target=\"_blank\" rel=\"noopener\" data-saferedirecturl=\"https:\/\/www.google.com\/url?q=http:\/\/www.vvs.de&amp;source=gmail&amp;ust=1630502792150000&amp;usg=AFQjCNEp8cCduuSUcxLQEaWXEo-fhtMhFg\">www.vvs.de<\/a> auf der Seite \u201eRundum mobil\u201c. F\u00fcr Pendler kann auch das Fahrrad eine Alternative zur S-Bahn (oder zum Auto) darstellen Die Radroute kann man sich mit dem VVS-Radroutenplaner ausgeben lassen, der unter <a href=\"http:\/\/www.vvs.de\/radroutenplaner\" target=\"_blank\" rel=\"noopener\" data-saferedirecturl=\"https:\/\/www.google.com\/url?q=http:\/\/www.vvs.de\/radroutenplaner&amp;source=gmail&amp;ust=1630502792150000&amp;usg=AFQjCNGgd4b1N-WEgvjsG--qeNJSJmXUMA\">www.vvs.de\/radroutenplaner<\/a> abrufbar ist. Aus Kapazit\u00e4tsgr\u00fcnden sollten R\u00e4der aber nicht in der Stadtbahn in Stuttgart mitgenommen werden, da mit volleren Z\u00fcgen zu rechnen ist.<\/p>\n<hr \/>\n<p style=\"text-align: justify;\">\n","protected":false},"excerpt":{"rendered":"<p>S-Bahnen fahren nur im Stundentakt GDL hat ihre Mitglieder von Donnerstag, 2 Uhr morgens, zum Streik aufgerufen \u2013 Stadtbahnen, Busse und Nebenbahnen sowie die Z\u00fcge von Abellio und Go-Ahead fahren planm\u00e4\u00dfig Die Lokf\u00fchrergewerkschaft GDL will von Donnerstag, 2. September, 2 Uhr, bis einschlie\u00dflich Montag, 6. September, den Personenverkehr bei der Deutschen Bahn bestreiken. Bei der [&hellip;]<\/p>\n","protected":false},"author":4,"featured_media":0,"comment_status":"closed","ping_status":"open","sticky":false,"template":"","format":"standard","meta":{"inline_featured_image":false,"_exactmetrics_skip_tracking":false,"_exactmetrics_sitenote_active":false,"_exactmetrics_sitenote_note":"","_exactmetrics_sitenote_category":0,"footnotes":""},"categories":[59,2246,2247,2239],"tags":[14050,14857,13753,5,68,9,317],"class_list":{"0":"post-143171","1":"post","2":"type-post","3":"status-publish","4":"format-standard","6":"category-aktuell","7":"category-kreis-boeblingen","8":"category-kreis-esslingen","9":"category-stuttgart-lokal","10":"tag-bahnstreik","11":"tag-die-webzeitung","12":"tag-gdl","13":"tag-internetzeitung","14":"tag-online-zeitung","15":"tag-schaumedia","16":"tag-vvs"},"image_feature":null,"author_name":"Redaktion","pure_taxonomies":{"categories":[{"term_id":59,"name":"Aktuell","slug":"aktuell","term_group":0,"term_taxonomy_id":60,"taxonomy":"category","description":"","parent":0,"count":1018,"filter":"raw","image":""},{"term_id":2246,"name":"Kreis B\u00f6blingen","slug":"kreis-boeblingen","term_group":0,"term_taxonomy_id":2259,"taxonomy":"category","description":"","parent":171,"count":197,"filter":"raw","image":""},{"term_id":2247,"name":"Kreis Esslingen","slug":"kreis-esslingen","term_group":0,"term_taxonomy_id":2260,"taxonomy":"category","description":"Informationen aus dem Landkreis Esslingen","parent":171,"count":214,"filter":"raw","image":""},{"term_id":2239,"name":"Stuttgart","slug":"stuttgart-lokal","term_group":0,"term_taxonomy_id":2252,"taxonomy":"category","description":"Berichte und Informationen aus Stuttgart","parent":1433,"count":943,"filter":"raw","image":""}],"tags":[{"term_id":14050,"name":"Bahnstreik","slug":"bahnstreik","term_group":0,"term_taxonomy_id":14092,"taxonomy":"post_tag","description":"","parent":0,"count":1,"filter":"raw","image":""},{"term_id":14857,"name":"Die-Webzeitung","slug":"die-webzeitung","term_group":0,"term_taxonomy_id":14876,"taxonomy":"post_tag","description":"","parent":0,"count":3628,"filter":"raw","image":""},{"term_id":13753,"name":"GDL","slug":"gdl","term_group":0,"term_taxonomy_id":13795,"taxonomy":"post_tag","description":"","parent":0,"count":1,"filter":"raw","image":""},{"term_id":5,"name":"Internetzeitung","slug":"internetzeitung","term_group":0,"term_taxonomy_id":5,"taxonomy":"post_tag","description":"","parent":0,"count":1461,"filter":"raw","image":""},{"term_id":68,"name":"Online-Zeitung","slug":"online-zeitung","term_group":0,"term_taxonomy_id":69,"taxonomy":"post_tag","description":"","parent":0,"count":3598,"filter":"raw","image":""},{"term_id":9,"name":"SchauMedia","slug":"schaumedia","term_group":0,"term_taxonomy_id":9,"taxonomy":"post_tag","description":"","parent":0,"count":1607,"filter":"raw","image":""},{"term_id":317,"name":"VVS","slug":"vvs","term_group":0,"term_taxonomy_id":323,"taxonomy":"post_tag","description":"","parent":0,"count":25,"filter":"raw","image":""}]},"_links":{"self":[{"href":"https:\/\/die-webzeitung.de\/stuttgart\/wp-json\/wp\/v2\/posts\/143171","targetHints":{"allow":["GET"]}}],"collection":[{"href":"https:\/\/die-webzeitung.de\/stuttgart\/wp-json\/wp\/v2\/posts"}],"about":[{"href":"https:\/\/die-webzeitung.de\/stuttgart\/wp-json\/wp\/v2\/types\/post"}],"author":[{"embeddable":true,"href":"https:\/\/die-webzeitung.de\/stuttgart\/wp-json\/wp\/v2\/users\/4"}],"replies":[{"embeddable":true,"href":"https:\/\/die-webzeitung.de\/stuttgart\/wp-json\/wp\/v2\/comments?post=143171"}],"version-history":[{"count":0,"href":"https:\/\/die-webzeitung.de\/stuttgart\/wp-json\/wp\/v2\/posts\/143171\/revisions"}],"wp:attachment":[{"href":"https:\/\/die-webzeitung.de\/stuttgart\/wp-json\/wp\/v2\/media?parent=143171"}],"wp:term":[{"taxonomy":"category","embeddable":true,"href":"https:\/\/die-webzeitung.de\/stuttgart\/wp-json\/wp\/v2\/categories?post=143171"},{"taxonomy":"post_tag","embeddable":true,"href":"https:\/\/die-webzeitung.de\/stuttgart\/wp-json\/wp\/v2\/tags?post=143171"}],"curies":[{"name":"wp","href":"https:\/\/api.w.org\/{rel}","templated":true}]}}