{"id":143160,"date":"2021-08-30T14:00:43","date_gmt":"2021-08-30T13:00:43","guid":{"rendered":"https:\/\/die-webzeitung.de\/stuttgart\/2021\/08\/30\/dfb-frauen-spielen-in-essen-und-braunschweig\/"},"modified":"2021-08-30T14:00:43","modified_gmt":"2021-08-30T13:00:43","slug":"dfb-frauen-spielen-in-essen-und-braunschweig","status":"publish","type":"post","link":"https:\/\/die-webzeitung.de\/stuttgart\/2021\/08\/30\/dfb-frauen-spielen-in-essen-und-braunschweig\/","title":{"rendered":"DFB-Frauen spielen in Essen und Braunschweig"},"content":{"rendered":"<p style=\"text-align: justify;\">Die deutsche Frauen-Nationalmannschaft setzt die WM-Qualifikation im Herbst in Essen und Braunschweig fort. Das hat das Pr\u00e4sidium des Deutschen Fu\u00dfball-Bundes (DFB) per Umlaufverfahren beschlossen. Demnach trifft das Team von Bundestrainerin Martina Voss-Tecklenburg am 26. Oktober 2021 im Stadion Essen auf Israel, am 26. November 2021 im Eintracht-Stadion in Braunschweig auf die T\u00fcrkei. Ansto\u00dfzeiten und \u00fcbertragende Sender werden zu einem sp\u00e4teren Zeitpunkt bekanntgegeben.<\/p>\n<p style=\"text-align: justify;\">Bundestrainerin Martina Voss-Tecklenburg sagt: \u201cBeide Spiele werden schon allein aufgrund unserer Gegner ganz besondere. Aufeinandertreffen mit Israel stehen f\u00fcr deutsche Teams immer auch in einem \u00fcbergeordneten geschichtlichen und gesellschaftspolitischen Kontext. Heimspiele gegen die T\u00fcrkei sind aufgrund der gro\u00dfen t\u00fcrkischen Gemeinschaft in Deutschland ebenfalls au\u00dfergew\u00f6hnlich. Wir freuen uns auf diese Spiele, aber auch auf die beiden traditionsreichen Standorte in Essen und Braunschweig, die optimale Voraussetzungen daf\u00fcr bieten.\u201d<\/p>\n<p style=\"text-align: justify;\">Die DFB-Auswahl startet mit den Spielen gegen Bulgarien in Cottbus am 18. September (ab 16.05 Uhr, live in der ARD) und gegen Serbien in Chemnitz am 21. September (ab 16 Uhr, live im ZDF) in die WM-Qualifikation. Die Weltmeisterschaft findet 2023 erstmals mit 32 Mannschaften in Neuseeland und Australien statt.<\/p>\n<p style=\"text-align: justify;\">Deutschland trifft in der Qualifikationsgruppe H neben Serbien, Bulgarien, der T\u00fcrkei und Israel noch auf Portugal. Die neun Gruppenersten qualifizieren sich direkt f\u00fcr die WM-Endrunde. Die Gruppenzweiten spielen in Playoffs um zwei weitere Pl\u00e4tze.<\/p>\n<hr \/>\n<p style=\"text-align: justify;\">\n","protected":false},"excerpt":{"rendered":"<p>Die deutsche Frauen-Nationalmannschaft setzt die WM-Qualifikation im Herbst in Essen und Braunschweig fort. Das hat das Pr\u00e4sidium des Deutschen Fu\u00dfball-Bundes (DFB) per Umlaufverfahren beschlossen. Demnach trifft das Team von Bundestrainerin Martina Voss-Tecklenburg am 26. Oktober 2021 im Stadion Essen auf Israel, am 26. November 2021 im Eintracht-Stadion in Braunschweig auf die T\u00fcrkei. Ansto\u00dfzeiten und \u00fcbertragende [&hellip;]<\/p>\n","protected":false},"author":4,"featured_media":0,"comment_status":"closed","ping_status":"open","sticky":false,"template":"","format":"standard","meta":{"inline_featured_image":false,"_exactmetrics_skip_tracking":false,"_exactmetrics_sitenote_active":false,"_exactmetrics_sitenote_note":"","_exactmetrics_sitenote_category":0,"footnotes":""},"categories":[110],"tags":[11983,14857,9736,129,5,10051,68,9],"class_list":{"0":"post-143160","1":"post","2":"type-post","3":"status-publish","4":"format-standard","6":"category-sport","7":"tag-dfb","8":"tag-die-webzeitung","9":"tag-frauen","10":"tag-fusball","11":"tag-internetzeitung","12":"tag-nationalmannschaft","13":"tag-online-zeitung","14":"tag-schaumedia"},"image_feature":null,"author_name":"Redaktion","pure_taxonomies":{"categories":[{"term_id":110,"name":"Sport","slug":"sport","term_group":0,"term_taxonomy_id":112,"taxonomy":"category","description":"Sportberichte","parent":0,"count":1043,"filter":"raw","image":""}],"tags":[{"term_id":11983,"name":"DFB","slug":"dfb","term_group":0,"term_taxonomy_id":12021,"taxonomy":"post_tag","description":"","parent":0,"count":46,"filter":"raw","image":""},{"term_id":14857,"name":"Die-Webzeitung","slug":"die-webzeitung","term_group":0,"term_taxonomy_id":14876,"taxonomy":"post_tag","description":"","parent":0,"count":3628,"filter":"raw","image":""},{"term_id":9736,"name":"Frauen","slug":"frauen","term_group":0,"term_taxonomy_id":9767,"taxonomy":"post_tag","description":"","parent":0,"count":20,"filter":"raw","image":""},{"term_id":129,"name":"Fu\u00dfball","slug":"fusball","term_group":0,"term_taxonomy_id":131,"taxonomy":"post_tag","description":"","parent":0,"count":171,"filter":"raw","image":""},{"term_id":5,"name":"Internetzeitung","slug":"internetzeitung","term_group":0,"term_taxonomy_id":5,"taxonomy":"post_tag","description":"","parent":0,"count":1461,"filter":"raw","image":""},{"term_id":10051,"name":"Nationalmannschaft","slug":"nationalmannschaft","term_group":0,"term_taxonomy_id":10082,"taxonomy":"post_tag","description":"","parent":0,"count":29,"filter":"raw","image":""},{"term_id":68,"name":"Online-Zeitung","slug":"online-zeitung","term_group":0,"term_taxonomy_id":69,"taxonomy":"post_tag","description":"","parent":0,"count":3598,"filter":"raw","image":""},{"term_id":9,"name":"SchauMedia","slug":"schaumedia","term_group":0,"term_taxonomy_id":9,"taxonomy":"post_tag","description":"","parent":0,"count":1607,"filter":"raw","image":""}]},"_links":{"self":[{"href":"https:\/\/die-webzeitung.de\/stuttgart\/wp-json\/wp\/v2\/posts\/143160","targetHints":{"allow":["GET"]}}],"collection":[{"href":"https:\/\/die-webzeitung.de\/stuttgart\/wp-json\/wp\/v2\/posts"}],"about":[{"href":"https:\/\/die-webzeitung.de\/stuttgart\/wp-json\/wp\/v2\/types\/post"}],"author":[{"embeddable":true,"href":"https:\/\/die-webzeitung.de\/stuttgart\/wp-json\/wp\/v2\/users\/4"}],"replies":[{"embeddable":true,"href":"https:\/\/die-webzeitung.de\/stuttgart\/wp-json\/wp\/v2\/comments?post=143160"}],"version-history":[{"count":0,"href":"https:\/\/die-webzeitung.de\/stuttgart\/wp-json\/wp\/v2\/posts\/143160\/revisions"}],"wp:attachment":[{"href":"https:\/\/die-webzeitung.de\/stuttgart\/wp-json\/wp\/v2\/media?parent=143160"}],"wp:term":[{"taxonomy":"category","embeddable":true,"href":"https:\/\/die-webzeitung.de\/stuttgart\/wp-json\/wp\/v2\/categories?post=143160"},{"taxonomy":"post_tag","embeddable":true,"href":"https:\/\/die-webzeitung.de\/stuttgart\/wp-json\/wp\/v2\/tags?post=143160"}],"curies":[{"name":"wp","href":"https:\/\/api.w.org\/{rel}","templated":true}]}}