{"id":143147,"date":"2021-08-28T15:52:47","date_gmt":"2021-08-28T14:52:47","guid":{"rendered":"https:\/\/die-webzeitung.de\/stuttgart\/2021\/08\/28\/sgv-freiberg-steuert-mit-licht-und-schatten-zum-sieg\/"},"modified":"2021-08-28T15:52:47","modified_gmt":"2021-08-28T14:52:47","slug":"sgv-freiberg-steuert-mit-licht-und-schatten-zum-sieg","status":"publish","type":"post","link":"https:\/\/die-webzeitung.de\/stuttgart\/2021\/08\/28\/sgv-freiberg-steuert-mit-licht-und-schatten-zum-sieg\/","title":{"rendered":"SGV Freiberg steuert mit Licht und Schatten zum Sieg"},"content":{"rendered":"<p style=\"text-align: justify;\">Freiberg a. N.| Bei sch\u00f6nstem Fu\u00dfballwetter traf der SGV Freiberg Fu\u00dfball am Samstag auf die ebenfalls im Tabellenkeller stehenden Sportfreunde aus Dorfmerklingen. Den Gastgebern war von der ersten Minute an anzusehen, dass man heute den 17. Tabellenplatz unter allen Umst\u00e4nden verlassen m\u00f6chte. So entwickelte sich eine intensiv gef\u00fchrte Partie bei der die Freiberger sofort das Heft in die Hand nahmen. Doch in der 3. Minute kamen die G\u00e4ste zu einer ersten Chance, die Torwart Rauhut aber sicher entsch\u00e4rfte.<\/p>\n<p style=\"text-align: justify;\">Der SGV Freiberg entwickelte in der Folgezeit die sichereren Chancen, vergab aber immer wieder gute M\u00f6glichkeiten, bis Volkan Celiktas in der 11. Minute nach Ecke zum erl\u00f6senden 1:0 einschoss. Nun zeigten sich die Gastgeber \u00fcberlegener ohne jedoch zwingende Chancen zu schaffen. Doch der \u00fcberragende Dominick Salz zielte in der 19. Minute genau und erh\u00f6hte auf 2:0. Kurz darauf scheiterte Kapit\u00e4n Gr\u00fcttner mit einer Direktannahme und schoss knapp neben das Tor. Die 43. Minute brachte den Freibergern dann mit dem ebenfalls von Salz erzielten 3:0 die erhoffte Sicherheit, zwei Minuten sp\u00e4ter war es erneut Salz der nur knapp das Tor verfehlte.<\/p>\n<p style=\"text-align: justify;\">Die zweite H\u00e4lfte begannen beide Teams unver\u00e4ndert, doch die G\u00e4ste aus Dorfmerkingen kamen nun st\u00e4rker auf. Freiberger Unsicherheiten und ausgelassene Torchancen r\u00e4chten sich in der 52. Minute als Daniel Nietzer den 3:1 Anschlusstreffer landete. Freiberg nun etwas in der Defensive, es kam nicht so viel sehenswertes bei den Aktionen heraus. Dann aber doch noch in der 76. Minute als Salz seinen Kapit\u00e4n Gr\u00fcttner mit tollem Pass ins Spiel brachte, der brauchte dann nur noch einzuschie\u00dfen und es stand 4:1. Zuvor hatte Gr\u00fcttner im bisherigen Spiel drei Hundertprozentige nicht verwandeln k\u00f6nnen.<\/p>\n<p style=\"text-align: justify;\">Ein gl\u00fcckliches H\u00e4ndchen zeigte dann Freibergs Trainer Evangelos Sbonias als er in der 79. Minute Marcel S\u00f6kler f\u00fcr Dominik Salz brachte. S\u00f6kler brauchte dann auch nur 2 Minuten im Spiel bis er im Alleingang zum verdienten 5:1 erh\u00f6hte. Nur 7 Minuten sp\u00e4ter tauchte S\u00f6kler erneut gef\u00e4hrlich im gegnerischen Strafraum auf und konnte nur durch ein Foul gestoppt werden. Den f\u00e4lligen Elfer verwandelte S\u00f6kler dann selbst zum 6:1 Endstand.<\/p>\n<p style=\"text-align: justify;\">Der SGV Freiberg hat kein \u00fcberragendes Spiel gezeigt, das sollte es auch eigentlich gar nicht werden. Aber man spielte aus einer, nicht immer, sicheren Abwehr heraus und zeigte deutlichen Zug nach vorne. Die Drofmerkinger Abwehr stand da nicht immer ganz sattelfest. Insgesamt gesehen haben sich die Freiberger gut aus der Aff\u00e4re gezogen, ja sie h\u00e4tten sogar aufgrund der vielen vergebenen Chancen sogar noch h\u00f6her gewinnen k\u00f6nnen. Doch das w\u00e4re an diesem Tag zu viel des Guten gewesen. Der SGV hat gezeigt, dass sich der Gang ins Stadion auf jeden Fall gelohnt hat und wird sicher bei den n\u00e4chsten Heimspielen und nach der Urlaubszeit wieder mehr Zuschauer haben.<\/p>\n<hr \/>\n<p style=\"text-align: justify;\">\n","protected":false},"excerpt":{"rendered":"<p>Freiberg a. N.| Bei sch\u00f6nstem Fu\u00dfballwetter traf der SGV Freiberg Fu\u00dfball am Samstag auf die ebenfalls im Tabellenkeller stehenden Sportfreunde aus Dorfmerklingen. Den Gastgebern war von der ersten Minute an anzusehen, dass man heute den 17. Tabellenplatz unter allen Umst\u00e4nden verlassen m\u00f6chte. So entwickelte sich eine intensiv gef\u00fchrte Partie bei der die Freiberger sofort das [&hellip;]<\/p>\n","protected":false},"author":4,"featured_media":143148,"comment_status":"closed","ping_status":"open","sticky":false,"template":"","format":"standard","meta":{"inline_featured_image":false,"_exactmetrics_skip_tracking":false,"_exactmetrics_sitenote_active":false,"_exactmetrics_sitenote_note":"","_exactmetrics_sitenote_category":0,"footnotes":""},"categories":[110],"tags":[14857,17104,80,129,5,1080,68,9,119],"class_list":{"0":"post-143147","1":"post","2":"type-post","3":"status-publish","4":"format-standard","5":"has-post-thumbnail","7":"category-sport","8":"tag-die-webzeitung","9":"tag-dorfmerkingen","10":"tag-freiberger-seite","11":"tag-fusball","12":"tag-internetzeitung","13":"tag-oberliga","14":"tag-online-zeitung","15":"tag-schaumedia","16":"tag-sgv"},"image_feature":"https:\/\/die-webzeitung.de\/stuttgart\/wp-content\/uploads\/sites\/4\/2021\/08\/fussball-700-Kopie.jpg","author_name":"Redaktion","pure_taxonomies":{"categories":[{"term_id":110,"name":"Sport","slug":"sport","term_group":0,"term_taxonomy_id":112,"taxonomy":"category","description":"Sportberichte","parent":0,"count":1043,"filter":"raw","image":""}],"tags":[{"term_id":14857,"name":"Die-Webzeitung","slug":"die-webzeitung","term_group":0,"term_taxonomy_id":14876,"taxonomy":"post_tag","description":"","parent":0,"count":3628,"filter":"raw","image":""},{"term_id":17104,"name":"Dorfmerkingen","slug":"dorfmerkingen","term_group":0,"term_taxonomy_id":17123,"taxonomy":"post_tag","description":"","parent":0,"count":1,"filter":"raw","image":""},{"term_id":80,"name":"Freiberg","slug":"freiberger-seite","term_group":0,"term_taxonomy_id":95,"taxonomy":"post_tag","description":"","parent":0,"count":78,"filter":"raw","image":""},{"term_id":129,"name":"Fu\u00dfball","slug":"fusball","term_group":0,"term_taxonomy_id":131,"taxonomy":"post_tag","description":"","parent":0,"count":171,"filter":"raw","image":""},{"term_id":5,"name":"Internetzeitung","slug":"internetzeitung","term_group":0,"term_taxonomy_id":5,"taxonomy":"post_tag","description":"","parent":0,"count":1461,"filter":"raw","image":""},{"term_id":1080,"name":"Oberliga","slug":"oberliga","term_group":0,"term_taxonomy_id":1089,"taxonomy":"post_tag","description":"","parent":0,"count":35,"filter":"raw","image":""},{"term_id":68,"name":"Online-Zeitung","slug":"online-zeitung","term_group":0,"term_taxonomy_id":69,"taxonomy":"post_tag","description":"","parent":0,"count":3598,"filter":"raw","image":""},{"term_id":9,"name":"SchauMedia","slug":"schaumedia","term_group":0,"term_taxonomy_id":9,"taxonomy":"post_tag","description":"","parent":0,"count":1607,"filter":"raw","image":""},{"term_id":119,"name":"SGV","slug":"sgv","term_group":0,"term_taxonomy_id":121,"taxonomy":"post_tag","description":"","parent":0,"count":66,"filter":"raw","image":""}]},"_links":{"self":[{"href":"https:\/\/die-webzeitung.de\/stuttgart\/wp-json\/wp\/v2\/posts\/143147","targetHints":{"allow":["GET"]}}],"collection":[{"href":"https:\/\/die-webzeitung.de\/stuttgart\/wp-json\/wp\/v2\/posts"}],"about":[{"href":"https:\/\/die-webzeitung.de\/stuttgart\/wp-json\/wp\/v2\/types\/post"}],"author":[{"embeddable":true,"href":"https:\/\/die-webzeitung.de\/stuttgart\/wp-json\/wp\/v2\/users\/4"}],"replies":[{"embeddable":true,"href":"https:\/\/die-webzeitung.de\/stuttgart\/wp-json\/wp\/v2\/comments?post=143147"}],"version-history":[{"count":0,"href":"https:\/\/die-webzeitung.de\/stuttgart\/wp-json\/wp\/v2\/posts\/143147\/revisions"}],"wp:featuredmedia":[{"embeddable":true,"href":"https:\/\/die-webzeitung.de\/stuttgart\/wp-json\/wp\/v2\/media\/143148"}],"wp:attachment":[{"href":"https:\/\/die-webzeitung.de\/stuttgart\/wp-json\/wp\/v2\/media?parent=143147"}],"wp:term":[{"taxonomy":"category","embeddable":true,"href":"https:\/\/die-webzeitung.de\/stuttgart\/wp-json\/wp\/v2\/categories?post=143147"},{"taxonomy":"post_tag","embeddable":true,"href":"https:\/\/die-webzeitung.de\/stuttgart\/wp-json\/wp\/v2\/tags?post=143147"}],"curies":[{"name":"wp","href":"https:\/\/api.w.org\/{rel}","templated":true}]}}