{"id":143134,"date":"2021-08-27T16:14:47","date_gmt":"2021-08-27T15:14:47","guid":{"rendered":"https:\/\/die-webzeitung.de\/stuttgart\/?p=143134"},"modified":"2021-08-27T16:14:47","modified_gmt":"2021-08-27T15:14:47","slug":"fahrplan-impfbus-ab-montag-30-august","status":"publish","type":"post","link":"https:\/\/die-webzeitung.de\/stuttgart\/2021\/08\/27\/fahrplan-impfbus-ab-montag-30-august\/","title":{"rendered":"Fahrplan Impfbus ab Montag, 30. August"},"content":{"rendered":"<p style=\"text-align: justify;\"><strong>Der Impfbus ist in der kommenden Woche von Montag, 30. September bis Samstag, 4. September wie folgt im Landkreis Esslingen unterwegs:<\/strong><\/p>\n<p style=\"text-align: justify;\"><strong>Montag, 30. August:<\/strong> Lenningen Brucken, \u201eRoter Platz\u201c an der B 465, Kirchheimer Stra\u00dfe Richtung R\u00f6merweg, 12 bis 12.45 Uhr; Beuren, Busparkplatz an der Panorama Therme, Am Thermalbad 5, 13.15 bis 14.15 Uhr; Neckartenzlingen, Besucherparkplatz \u201eHirschmann\u201c, Stuttgarter Stra\u00dfe 45-51, 15.45 bis 16.30 Uhr; Bempflingen, Metzinger Str.1 \/ N\u00fcrtinger Str. 2, zwischen Kreissparkkasse und Metzgerei, 17 bis 18 Uhr<\/p>\n<p style=\"text-align: justify;\"><strong>Dienstag, 31. August:<\/strong> Lenningen Gutenberg, Parkplatz am Kindergarten Gutenberg, Schillerstra\u00dfe 20, 12 bis 12.45 Uhr; Erkenbrechtsweiler, Parkplatz an der Mehrzweckhalle, Jahnstra\u00dfe 40, 13.30 bis 14.15 Uhr; Frickenhausen Linsenhofen, Kundenparkplatz Drogeriemarktes\/ Caf\u00e9, Bodelschwinghstra\u00dfe 65, 15.30 bis 16.30 Uhr; Gro\u00dfbettlingen, Rathausplatz, Schweizerhof 2, 17 bis 18 Uhr<\/p>\n<p style=\"text-align: justify;\"><strong>Donnerstag, 2. September<\/strong> in Frickenhausen Tischardt, Frickenh\u00e4user Stra\u00dfe 2, \u00a0\u00a0Seite Lengertstra\u00dfe, 12 bis 13 Uhr; Neuffen, Kelterplatz, H\u00f6he Hausnummer 2, 13.45 bis 14.30 Uhr; Frickenhausen Linsenhofen, Kundenparkplatz Drogeriemarkt\/ Caf\u00e9, \u00a0Bodelschwinghstra\u00dfe 65, 16 bis 18 Uhr<\/p>\n<p style=\"text-align: justify;\"><strong>Freitag, 3. September:<\/strong> Holzmaden, Vorplatz Feuerwehrhaus \/ Bauhof, Kirchheimer Stra\u00dfe 31, 12 bis 12.45 Uhr; Hochdorf, Breitwiesenparkplatz, Jahnstra\u00dfe 8, 13.30 bis \u00a014.30 Uhr; Reichenbach an der Fils, Marktplatz, 16 bis 18 Uhr<\/p>\n<p style=\"text-align: justify;\"><strong>Samstag, 4. September:<\/strong> Kirchheim unter Teck, Einkaufszentrum, 12 bis 15 Uhr; Kirchheim Nabern, Parkplatz an der Gie\u00dfnauhalle, Seestra\u00dfe 7, 16.45 bis 18 Uhr<\/p>\n<p style=\"text-align: justify;\"><strong>Wichtiger Hinweis:<br \/>\n<\/strong>Wer sich impfen lassen m\u00f6chte, kann einfach zu den genannten Terminen zum Corona-Impfbus kommen. Mitgebracht werden sollte die Krankenversichertenkarte oder der Personalausweis, sowie falls verf\u00fcgbar der Impfpass. Kinder und Jugendliche ab zw\u00f6lf Jahren ben\u00f6tigen zudem die unterschriebenen Einverst\u00e4ndniserkl\u00e4rungen der Eltern, um sich impfen zu lassen. F\u00fcr alle Personen unter 18 Jahren steht der Impfstoff von Biontech zur Verf\u00fcgung, der bereits die entsprechende Zulassung f\u00fcr diese Altersgruppe erhalten hat.<\/p>\n<hr \/>\n<p style=\"text-align: justify;\">\n","protected":false},"excerpt":{"rendered":"<p>Der Impfbus ist in der kommenden Woche von Montag, 30. September bis Samstag, 4. September wie folgt im Landkreis Esslingen unterwegs: Montag, 30. August: Lenningen Brucken, \u201eRoter Platz\u201c an der B 465, Kirchheimer Stra\u00dfe Richtung R\u00f6merweg, 12 bis 12.45 Uhr; Beuren, Busparkplatz an der Panorama Therme, Am Thermalbad 5, 13.15 bis 14.15 Uhr; Neckartenzlingen, Besucherparkplatz [&hellip;]<\/p>\n","protected":false},"author":4,"featured_media":0,"comment_status":"closed","ping_status":"open","sticky":false,"template":"","format":"standard","meta":{"inline_featured_image":false,"_exactmetrics_skip_tracking":false,"_exactmetrics_sitenote_active":false,"_exactmetrics_sitenote_note":"","_exactmetrics_sitenote_category":0,"footnotes":""},"categories":[59,2247],"tags":[14857,14440,17103,5,68,9],"class_list":{"0":"post-143134","1":"post","2":"type-post","3":"status-publish","4":"format-standard","6":"category-aktuell","7":"category-kreis-esslingen","8":"tag-die-webzeitung","9":"tag-esslingen","10":"tag-impfbus","11":"tag-internetzeitung","12":"tag-online-zeitung","13":"tag-schaumedia"},"image_feature":null,"author_name":"Redaktion","pure_taxonomies":{"categories":[{"term_id":59,"name":"Aktuell","slug":"aktuell","term_group":0,"term_taxonomy_id":60,"taxonomy":"category","description":"","parent":0,"count":1018,"filter":"raw","image":""},{"term_id":2247,"name":"Kreis Esslingen","slug":"kreis-esslingen","term_group":0,"term_taxonomy_id":2260,"taxonomy":"category","description":"Informationen aus dem Landkreis Esslingen","parent":171,"count":214,"filter":"raw","image":""}],"tags":[{"term_id":14857,"name":"Die-Webzeitung","slug":"die-webzeitung","term_group":0,"term_taxonomy_id":14876,"taxonomy":"post_tag","description":"","parent":0,"count":3628,"filter":"raw","image":""},{"term_id":14440,"name":"Esslingen","slug":"esslingen","term_group":0,"term_taxonomy_id":3885,"taxonomy":"post_tag","description":"","parent":0,"count":202,"filter":"raw","image":""},{"term_id":17103,"name":"Impfbus","slug":"impfbus","term_group":0,"term_taxonomy_id":17122,"taxonomy":"post_tag","description":"","parent":0,"count":4,"filter":"raw","image":""},{"term_id":5,"name":"Internetzeitung","slug":"internetzeitung","term_group":0,"term_taxonomy_id":5,"taxonomy":"post_tag","description":"","parent":0,"count":1461,"filter":"raw","image":""},{"term_id":68,"name":"Online-Zeitung","slug":"online-zeitung","term_group":0,"term_taxonomy_id":69,"taxonomy":"post_tag","description":"","parent":0,"count":3598,"filter":"raw","image":""},{"term_id":9,"name":"SchauMedia","slug":"schaumedia","term_group":0,"term_taxonomy_id":9,"taxonomy":"post_tag","description":"","parent":0,"count":1607,"filter":"raw","image":""}]},"_links":{"self":[{"href":"https:\/\/die-webzeitung.de\/stuttgart\/wp-json\/wp\/v2\/posts\/143134","targetHints":{"allow":["GET"]}}],"collection":[{"href":"https:\/\/die-webzeitung.de\/stuttgart\/wp-json\/wp\/v2\/posts"}],"about":[{"href":"https:\/\/die-webzeitung.de\/stuttgart\/wp-json\/wp\/v2\/types\/post"}],"author":[{"embeddable":true,"href":"https:\/\/die-webzeitung.de\/stuttgart\/wp-json\/wp\/v2\/users\/4"}],"replies":[{"embeddable":true,"href":"https:\/\/die-webzeitung.de\/stuttgart\/wp-json\/wp\/v2\/comments?post=143134"}],"version-history":[{"count":2,"href":"https:\/\/die-webzeitung.de\/stuttgart\/wp-json\/wp\/v2\/posts\/143134\/revisions"}],"predecessor-version":[{"id":143136,"href":"https:\/\/die-webzeitung.de\/stuttgart\/wp-json\/wp\/v2\/posts\/143134\/revisions\/143136"}],"wp:attachment":[{"href":"https:\/\/die-webzeitung.de\/stuttgart\/wp-json\/wp\/v2\/media?parent=143134"}],"wp:term":[{"taxonomy":"category","embeddable":true,"href":"https:\/\/die-webzeitung.de\/stuttgart\/wp-json\/wp\/v2\/categories?post=143134"},{"taxonomy":"post_tag","embeddable":true,"href":"https:\/\/die-webzeitung.de\/stuttgart\/wp-json\/wp\/v2\/tags?post=143134"}],"curies":[{"name":"wp","href":"https:\/\/api.w.org\/{rel}","templated":true}]}}