{"id":143124,"date":"2021-08-27T13:46:14","date_gmt":"2021-08-27T12:46:14","guid":{"rendered":"https:\/\/die-webzeitung.de\/stuttgart\/2021\/08\/27\/bundestrainer-flick-beruft-drei-neulinge-und-fuenf-rueckkehrer\/"},"modified":"2021-08-27T13:46:14","modified_gmt":"2021-08-27T12:46:14","slug":"bundestrainer-flick-beruft-drei-neulinge-und-fuenf-rueckkehrer","status":"publish","type":"post","link":"https:\/\/die-webzeitung.de\/stuttgart\/2021\/08\/27\/bundestrainer-flick-beruft-drei-neulinge-und-fuenf-rueckkehrer\/","title":{"rendered":"Bundestrainer Flick beruft drei Neulinge und f\u00fcnf R\u00fcckkehrer"},"content":{"rendered":"<p style=\"text-align: justify;\">Bundestrainer Hansi Flick hat drei Neulinge in den 26 Spieler umfassenden vorl\u00e4ufigen Kader der Nationalmannschaft f\u00fcr die im September anstehenden drei Spiele in der Gruppe J der WM-Qualifikation berufen. Flick nominierte erstmals die aktuellen U 21-Europameister David Raum von der TSG Hoffenheim, Nico Schlotterbeck vom SC Freiburg und Karim Adeyemi vom FC Red Bull Salzburg f\u00fcr den Kreis der A-Mannschaft.<\/p>\n<p style=\"text-align: justify;\">Mit Marco Reus und Mahmoud Dahoud von Borussia Dortmund, Thilo Kehrer von Paris Saint-Germain sowie den weiteren aktuellen U 21-Europameistern Florian Wirtz von Bayer 04 Leverkusen und Ridle Baku vom VfL Wolfsburg kehren zudem f\u00fcnf Spieler zur Nationalmannschaft zur\u00fcck, die zuletzt im Sommer nicht im Kader f\u00fcr die Europameisterschaft standen. Die DFB-Auswahl kommt von Sonntagabend an in Stuttgart zusammen.<\/p>\n<p style=\"text-align: justify;\">Bei Hansi Flicks Deb\u00fct als Bundestrainer trifft die Mannschaft am 2. September (ab 20.45 Uhr, live bei RTL) in St. Gallen auf Liechtenstein. Es folgt die Heimpartie in Stuttgart am 5. September (ab 20.45 Uhr, live bei RTL) gegen Armenien, ehe das DFB-Team am 8. September (ab 20.45 Uhr, live bei RTL) in Reykjav\u00edk gegen Island spielt.<\/p>\n<p style=\"text-align: justify;\">Gegen Liechtenstein, auf das Deutschland zuletzt 2009 ebenfalls in der WM-Qualifikation traf, konnte die Nationalmannschaft bislang alle vier Partien gewinnen. Auch in den bisherigen drei Spielen gegen Armenien siegte das DFB-Team stets, zuletzt mit 6:1 in Mainz im Juni 2014 im letzten Spiel vor der Weltmeisterschaft in Brasilien. Die Nationalmannschaft besiegte Island in f\u00fcnf Partien viermal, zuletzt im vergangenen M\u00e4rz im Hinspiel in der WM-Qualifikation in Duisburg mit 3:0. Ein Duell endete mit einem Unentschieden.<\/p>\n<hr \/>\n<p style=\"text-align: justify;\">\n","protected":false},"excerpt":{"rendered":"<p>Bundestrainer Hansi Flick hat drei Neulinge in den 26 Spieler umfassenden vorl\u00e4ufigen Kader der Nationalmannschaft f\u00fcr die im September anstehenden drei Spiele in der Gruppe J der WM-Qualifikation berufen. Flick nominierte erstmals die aktuellen U 21-Europameister David Raum von der TSG Hoffenheim, Nico Schlotterbeck vom SC Freiburg und Karim Adeyemi vom FC Red Bull Salzburg [&hellip;]<\/p>\n","protected":false},"author":4,"featured_media":0,"comment_status":"closed","ping_status":"open","sticky":false,"template":"","format":"standard","meta":{"inline_featured_image":false,"_exactmetrics_skip_tracking":false,"_exactmetrics_sitenote_active":false,"_exactmetrics_sitenote_note":"","_exactmetrics_sitenote_category":0,"footnotes":""},"categories":[59,110],"tags":[10077,14857,14862,129,5,68],"class_list":{"0":"post-143124","1":"post","2":"type-post","3":"status-publish","4":"format-standard","6":"category-aktuell","7":"category-sport","8":"tag-bundestrainer","9":"tag-die-webzeitung","10":"tag-flick","11":"tag-fusball","12":"tag-internetzeitung","13":"tag-online-zeitung"},"image_feature":null,"author_name":"Redaktion","pure_taxonomies":{"categories":[{"term_id":59,"name":"Aktuell","slug":"aktuell","term_group":0,"term_taxonomy_id":60,"taxonomy":"category","description":"","parent":0,"count":1018,"filter":"raw","image":""},{"term_id":110,"name":"Sport","slug":"sport","term_group":0,"term_taxonomy_id":112,"taxonomy":"category","description":"Sportberichte","parent":0,"count":1043,"filter":"raw","image":""}],"tags":[{"term_id":10077,"name":"Bundestrainer","slug":"bundestrainer","term_group":0,"term_taxonomy_id":10108,"taxonomy":"post_tag","description":"","parent":0,"count":7,"filter":"raw","image":""},{"term_id":14857,"name":"Die-Webzeitung","slug":"die-webzeitung","term_group":0,"term_taxonomy_id":14876,"taxonomy":"post_tag","description":"","parent":0,"count":3628,"filter":"raw","image":""},{"term_id":14862,"name":"Flick","slug":"flick","term_group":0,"term_taxonomy_id":14881,"taxonomy":"post_tag","description":"","parent":0,"count":2,"filter":"raw","image":""},{"term_id":129,"name":"Fu\u00dfball","slug":"fusball","term_group":0,"term_taxonomy_id":131,"taxonomy":"post_tag","description":"","parent":0,"count":171,"filter":"raw","image":""},{"term_id":5,"name":"Internetzeitung","slug":"internetzeitung","term_group":0,"term_taxonomy_id":5,"taxonomy":"post_tag","description":"","parent":0,"count":1461,"filter":"raw","image":""},{"term_id":68,"name":"Online-Zeitung","slug":"online-zeitung","term_group":0,"term_taxonomy_id":69,"taxonomy":"post_tag","description":"","parent":0,"count":3598,"filter":"raw","image":""}]},"_links":{"self":[{"href":"https:\/\/die-webzeitung.de\/stuttgart\/wp-json\/wp\/v2\/posts\/143124","targetHints":{"allow":["GET"]}}],"collection":[{"href":"https:\/\/die-webzeitung.de\/stuttgart\/wp-json\/wp\/v2\/posts"}],"about":[{"href":"https:\/\/die-webzeitung.de\/stuttgart\/wp-json\/wp\/v2\/types\/post"}],"author":[{"embeddable":true,"href":"https:\/\/die-webzeitung.de\/stuttgart\/wp-json\/wp\/v2\/users\/4"}],"replies":[{"embeddable":true,"href":"https:\/\/die-webzeitung.de\/stuttgart\/wp-json\/wp\/v2\/comments?post=143124"}],"version-history":[{"count":0,"href":"https:\/\/die-webzeitung.de\/stuttgart\/wp-json\/wp\/v2\/posts\/143124\/revisions"}],"wp:attachment":[{"href":"https:\/\/die-webzeitung.de\/stuttgart\/wp-json\/wp\/v2\/media?parent=143124"}],"wp:term":[{"taxonomy":"category","embeddable":true,"href":"https:\/\/die-webzeitung.de\/stuttgart\/wp-json\/wp\/v2\/categories?post=143124"},{"taxonomy":"post_tag","embeddable":true,"href":"https:\/\/die-webzeitung.de\/stuttgart\/wp-json\/wp\/v2\/tags?post=143124"}],"curies":[{"name":"wp","href":"https:\/\/api.w.org\/{rel}","templated":true}]}}