{"id":143024,"date":"2021-08-17T13:44:44","date_gmt":"2021-08-17T12:44:44","guid":{"rendered":"https:\/\/die-webzeitung.de\/stuttgart\/?p=143024"},"modified":"2021-08-17T13:44:44","modified_gmt":"2021-08-17T12:44:44","slug":"herabgefallene-fassadenteile-am-hauptbahnhof-stuttgart","status":"publish","type":"post","link":"https:\/\/die-webzeitung.de\/stuttgart\/2021\/08\/17\/herabgefallene-fassadenteile-am-hauptbahnhof-stuttgart\/","title":{"rendered":"Herabgefallene Fassadenteile am Hauptbahnhof Stuttgart"},"content":{"rendered":"<p style=\"text-align: justify;\">Stuttgart.| Die Feuerwehr Stuttgart wurde gegen 03:40 Uhr zum Hauptbahnhof Stuttgart alarmiert. Es wurde eine Rauchentwicklung und herabfallende Bauteile gemeldet.<\/p>\n<p style=\"text-align: justify;\">Vor Ort konnten herabgefallene Fassadenteile und eine Staubentwicklung festgestellt werden. Die Einsatzstelle wurde unter anderem \u00fcber eine Drehleiter erkundet. Gl\u00fccklicherweise gab es keine Verletzten. Der Bereich wurde in Zusammenarbeit mit der Polizei weitr\u00e4umig abgesperrt und Statiker angefordert.<\/p>\n<p style=\"text-align: justify;\">Die Feuerwehr Stuttgart war mit zwei L\u00f6schz\u00fcgen und mehreren Sonderfahrzeugen im Einsatz.<\/p>\n<hr \/>\n<p style=\"text-align: justify;\">\n","protected":false},"excerpt":{"rendered":"<p>Stuttgart.| Die Feuerwehr Stuttgart wurde gegen 03:40 Uhr zum Hauptbahnhof Stuttgart alarmiert. Es wurde eine Rauchentwicklung und herabfallende Bauteile gemeldet. Vor Ort konnten herabgefallene Fassadenteile und eine Staubentwicklung festgestellt werden. Die Einsatzstelle wurde unter anderem \u00fcber eine Drehleiter erkundet. Gl\u00fccklicherweise gab es keine Verletzten. Der Bereich wurde in Zusammenarbeit mit der Polizei weitr\u00e4umig abgesperrt und [&hellip;]<\/p>\n","protected":false},"author":4,"featured_media":0,"comment_status":"closed","ping_status":"open","sticky":false,"template":"","format":"standard","meta":{"inline_featured_image":false,"_exactmetrics_skip_tracking":false,"_exactmetrics_sitenote_active":false,"_exactmetrics_sitenote_note":"","_exactmetrics_sitenote_category":0,"footnotes":""},"categories":[59,2239],"tags":[15995,14857,1299,11521,5,68,9,275],"class_list":{"0":"post-143024","1":"post","2":"type-post","3":"status-publish","4":"format-standard","6":"category-aktuell","7":"category-stuttgart-lokal","8":"tag-bonatzbau","9":"tag-die-webzeitung","10":"tag-fassade","11":"tag-hauptbahnhof","12":"tag-internetzeitung","13":"tag-online-zeitung","14":"tag-schaumedia","15":"tag-stuttgart"},"image_feature":null,"author_name":"Redaktion","pure_taxonomies":{"categories":[{"term_id":59,"name":"Aktuell","slug":"aktuell","term_group":0,"term_taxonomy_id":60,"taxonomy":"category","description":"","parent":0,"count":1018,"filter":"raw","image":""},{"term_id":2239,"name":"Stuttgart","slug":"stuttgart-lokal","term_group":0,"term_taxonomy_id":2252,"taxonomy":"category","description":"Berichte und Informationen aus Stuttgart","parent":1433,"count":943,"filter":"raw","image":""}],"tags":[{"term_id":15995,"name":"Bonatzbau","slug":"bonatzbau","term_group":0,"term_taxonomy_id":16014,"taxonomy":"post_tag","description":"","parent":0,"count":8,"filter":"raw","image":""},{"term_id":14857,"name":"Die-Webzeitung","slug":"die-webzeitung","term_group":0,"term_taxonomy_id":14876,"taxonomy":"post_tag","description":"","parent":0,"count":3628,"filter":"raw","image":""},{"term_id":1299,"name":"Fassade","slug":"fassade","term_group":0,"term_taxonomy_id":1308,"taxonomy":"post_tag","description":"","parent":0,"count":1,"filter":"raw","image":""},{"term_id":11521,"name":"Hauptbahnhof","slug":"hauptbahnhof","term_group":0,"term_taxonomy_id":11559,"taxonomy":"post_tag","description":"","parent":0,"count":7,"filter":"raw","image":""},{"term_id":5,"name":"Internetzeitung","slug":"internetzeitung","term_group":0,"term_taxonomy_id":5,"taxonomy":"post_tag","description":"","parent":0,"count":1461,"filter":"raw","image":""},{"term_id":68,"name":"Online-Zeitung","slug":"online-zeitung","term_group":0,"term_taxonomy_id":69,"taxonomy":"post_tag","description":"","parent":0,"count":3598,"filter":"raw","image":""},{"term_id":9,"name":"SchauMedia","slug":"schaumedia","term_group":0,"term_taxonomy_id":9,"taxonomy":"post_tag","description":"","parent":0,"count":1607,"filter":"raw","image":""},{"term_id":275,"name":"Stuttgart","slug":"stuttgart","term_group":0,"term_taxonomy_id":281,"taxonomy":"post_tag","description":"","parent":0,"count":1196,"filter":"raw","image":""}]},"_links":{"self":[{"href":"https:\/\/die-webzeitung.de\/stuttgart\/wp-json\/wp\/v2\/posts\/143024","targetHints":{"allow":["GET"]}}],"collection":[{"href":"https:\/\/die-webzeitung.de\/stuttgart\/wp-json\/wp\/v2\/posts"}],"about":[{"href":"https:\/\/die-webzeitung.de\/stuttgart\/wp-json\/wp\/v2\/types\/post"}],"author":[{"embeddable":true,"href":"https:\/\/die-webzeitung.de\/stuttgart\/wp-json\/wp\/v2\/users\/4"}],"replies":[{"embeddable":true,"href":"https:\/\/die-webzeitung.de\/stuttgart\/wp-json\/wp\/v2\/comments?post=143024"}],"version-history":[{"count":1,"href":"https:\/\/die-webzeitung.de\/stuttgart\/wp-json\/wp\/v2\/posts\/143024\/revisions"}],"predecessor-version":[{"id":143025,"href":"https:\/\/die-webzeitung.de\/stuttgart\/wp-json\/wp\/v2\/posts\/143024\/revisions\/143025"}],"wp:attachment":[{"href":"https:\/\/die-webzeitung.de\/stuttgart\/wp-json\/wp\/v2\/media?parent=143024"}],"wp:term":[{"taxonomy":"category","embeddable":true,"href":"https:\/\/die-webzeitung.de\/stuttgart\/wp-json\/wp\/v2\/categories?post=143024"},{"taxonomy":"post_tag","embeddable":true,"href":"https:\/\/die-webzeitung.de\/stuttgart\/wp-json\/wp\/v2\/tags?post=143024"}],"curies":[{"name":"wp","href":"https:\/\/api.w.org\/{rel}","templated":true}]}}