{"id":142983,"date":"2021-08-13T13:37:39","date_gmt":"2021-08-13T12:37:39","guid":{"rendered":"https:\/\/die-webzeitung.de\/stuttgart\/?p=142983"},"modified":"2021-08-13T13:37:39","modified_gmt":"2021-08-13T12:37:39","slug":"haemmerle-raeumt-auf","status":"publish","type":"post","link":"https:\/\/die-webzeitung.de\/stuttgart\/2021\/08\/13\/haemmerle-raeumt-auf\/","title":{"rendered":"H\u00e4mmerle r\u00e4umt auf!"},"content":{"rendered":"<h5 style=\"text-align: justify;\"><strong>Bernd Kohlhepp bei Sommer am See <\/strong><\/h5>\n<p style=\"text-align: justify;\"><strong>Am Mittwoch, 18. August 2021, r\u00e4umt Bernd Kohlhepp alias Herr H\u00e4mmerle ab 19.30 Uhr bei Sommer am See \u201eEdition Parkdeck\u201c auf. <\/strong><\/p>\n<p style=\"text-align: justify;\">H\u00e4mmerle r\u00e4umt auf! Oder: Die Kunst den M\u00fcll zu trennen, bevor er anf\u00e4llt. Jede\/r hat sie, die geheimen Orte, wo mysteri\u00f6se Gegenst\u00e4nde R\u00e4tsel aufgeben werden. Auch Herr H\u00e4mmerle. Der fixe Schwabe unterzieht seinen \u201eKruscht\u201c vom Keller bis zum Speicher einem Zukunftscheck, um endlich Platz f\u00fcr neues \u201eGlomp\u201c zu schaffen. Was ist von all dem, was wir mit uns herumschleppen, wirklich zukunftsf\u00e4hig? Bei H\u00e4mmerle ist diese Woche \u201eevery day for future\u201c angesagt! Schw\u00e4bisches Kabarett mit zehn neuen Songs, Herrn H\u00e4mmerle beim Klassentreffen, Herrn H\u00e4mmerle in \u201eHamlet\u201c und einem Wiedersehen mit Frau Schwerdtfeger sowie Hotte und Manne. Kohlhepps Spiel ist frech und herausfordernd, mit gro\u00dfem Improvisationstalent und schw\u00e4bischem Charme.<\/p>\n<p style=\"text-align: justify;\">Mit dem Programm \u201eH\u00e4mmerle r\u00e4umt auf!\u201c feierte Kohlhepp im Oktober 2019 Premiere. Kohlhepp, ein Sommer am See-Stammgast, darf nat\u00fcrlich beim Sommer am See-\u201eRestart\u201c in diesem Jahr nicht fehlen.<\/p>\n<p style=\"text-align: justify;\"><strong>Karten<br \/>\n<\/strong>Der Eintritt f\u00fcr die Veranstaltung kostet 20,00 Euro. Tickets gibt es an allen Reservix-Vorverkaufsstellen sowie online unter <a href=\"http:\/\/www.boeblingen.reservix.de\" target=\"_blank\" rel=\"noopener\" data-saferedirecturl=\"https:\/\/www.google.com\/url?q=http:\/\/www.boeblingen.reservix.de&amp;source=gmail&amp;ust=1628941993699000&amp;usg=AFQjCNGpiLo-eculFgS1C2oUMfhKwNPZ3g\">www.boeblingen.reservix.de<\/a>.\u00a0 Auch an der Abendkasse wird es noch Tickets geben.<\/p>\n<p style=\"text-align: justify;\">Konzertbeginn ist um 19.30 Uhr, Einlass ist ab 18.30 Uhr m\u00f6glich.<\/p>\n<hr \/>\n<p style=\"text-align: justify;\">\n","protected":false},"excerpt":{"rendered":"<p>Bernd Kohlhepp bei Sommer am See Am Mittwoch, 18. August 2021, r\u00e4umt Bernd Kohlhepp alias Herr H\u00e4mmerle ab 19.30 Uhr bei Sommer am See \u201eEdition Parkdeck\u201c auf. H\u00e4mmerle r\u00e4umt auf! Oder: Die Kunst den M\u00fcll zu trennen, bevor er anf\u00e4llt. Jede\/r hat sie, die geheimen Orte, wo mysteri\u00f6se Gegenst\u00e4nde R\u00e4tsel aufgeben werden. Auch Herr H\u00e4mmerle. [&hellip;]<\/p>\n","protected":false},"author":4,"featured_media":0,"comment_status":"closed","ping_status":"open","sticky":false,"template":"","format":"standard","meta":{"inline_featured_image":false,"_exactmetrics_skip_tracking":false,"_exactmetrics_sitenote_active":false,"_exactmetrics_sitenote_note":"","_exactmetrics_sitenote_category":0,"footnotes":""},"categories":[1],"tags":[3061,14857,17090,5,14207,68],"class_list":{"0":"post-142983","1":"post","2":"type-post","3":"status-publish","4":"format-standard","6":"category-allgemein","7":"tag-boblingen","8":"tag-die-webzeitung","9":"tag-haemmerle","10":"tag-internetzeitung","11":"tag-kohlhepp","12":"tag-online-zeitung"},"image_feature":null,"author_name":"Redaktion","pure_taxonomies":{"categories":[{"term_id":1,"name":"Allgemein","slug":"allgemein","term_group":0,"term_taxonomy_id":1,"taxonomy":"category","description":"","parent":0,"count":37,"filter":"raw","image":""}],"tags":[{"term_id":3061,"name":"B\u00f6blingen","slug":"boblingen","term_group":0,"term_taxonomy_id":3075,"taxonomy":"post_tag","description":"","parent":0,"count":260,"filter":"raw","image":""},{"term_id":14857,"name":"Die-Webzeitung","slug":"die-webzeitung","term_group":0,"term_taxonomy_id":14876,"taxonomy":"post_tag","description":"","parent":0,"count":3627,"filter":"raw","image":""},{"term_id":17090,"name":"H\u00e4mmerle","slug":"haemmerle","term_group":0,"term_taxonomy_id":17109,"taxonomy":"post_tag","description":"","parent":0,"count":2,"filter":"raw","image":""},{"term_id":5,"name":"Internetzeitung","slug":"internetzeitung","term_group":0,"term_taxonomy_id":5,"taxonomy":"post_tag","description":"","parent":0,"count":1461,"filter":"raw","image":""},{"term_id":14207,"name":"Kohlhepp","slug":"kohlhepp","term_group":0,"term_taxonomy_id":14241,"taxonomy":"post_tag","description":"","parent":0,"count":2,"filter":"raw","image":""},{"term_id":68,"name":"Online-Zeitung","slug":"online-zeitung","term_group":0,"term_taxonomy_id":69,"taxonomy":"post_tag","description":"","parent":0,"count":3597,"filter":"raw","image":""}]},"_links":{"self":[{"href":"https:\/\/die-webzeitung.de\/stuttgart\/wp-json\/wp\/v2\/posts\/142983","targetHints":{"allow":["GET"]}}],"collection":[{"href":"https:\/\/die-webzeitung.de\/stuttgart\/wp-json\/wp\/v2\/posts"}],"about":[{"href":"https:\/\/die-webzeitung.de\/stuttgart\/wp-json\/wp\/v2\/types\/post"}],"author":[{"embeddable":true,"href":"https:\/\/die-webzeitung.de\/stuttgart\/wp-json\/wp\/v2\/users\/4"}],"replies":[{"embeddable":true,"href":"https:\/\/die-webzeitung.de\/stuttgart\/wp-json\/wp\/v2\/comments?post=142983"}],"version-history":[{"count":2,"href":"https:\/\/die-webzeitung.de\/stuttgart\/wp-json\/wp\/v2\/posts\/142983\/revisions"}],"predecessor-version":[{"id":142985,"href":"https:\/\/die-webzeitung.de\/stuttgart\/wp-json\/wp\/v2\/posts\/142983\/revisions\/142985"}],"wp:attachment":[{"href":"https:\/\/die-webzeitung.de\/stuttgart\/wp-json\/wp\/v2\/media?parent=142983"}],"wp:term":[{"taxonomy":"category","embeddable":true,"href":"https:\/\/die-webzeitung.de\/stuttgart\/wp-json\/wp\/v2\/categories?post=142983"},{"taxonomy":"post_tag","embeddable":true,"href":"https:\/\/die-webzeitung.de\/stuttgart\/wp-json\/wp\/v2\/tags?post=142983"}],"curies":[{"name":"wp","href":"https:\/\/api.w.org\/{rel}","templated":true}]}}