{"id":142979,"date":"2021-08-13T13:34:04","date_gmt":"2021-08-13T12:34:04","guid":{"rendered":"https:\/\/die-webzeitung.de\/stuttgart\/?p=142979"},"modified":"2021-08-13T13:34:04","modified_gmt":"2021-08-13T12:34:04","slug":"stuttgarter-gaskessel-ein-wahrzeichen-geht-in-pension","status":"publish","type":"post","link":"https:\/\/die-webzeitung.de\/stuttgart\/2021\/08\/13\/stuttgarter-gaskessel-ein-wahrzeichen-geht-in-pension\/","title":{"rendered":"Stuttgarter Gaskessel: Ein Wahrzeichen geht in Pension"},"content":{"rendered":"<p style=\"text-align: justify;\">Stuttgart.| Netze BW legt zwei Speicheranlagen auf dem Gaswerkareal still \u2013 F\u00fcr Engp\u00e4sse ist das Gasnetz weiterhin ger\u00fcstet \u2013 Zukunft des Gel\u00e4ndes noch offen<\/p>\n<p style=\"text-align: justify;\">Stuttgart. F\u00fcr zwei markante Bauwerke auf dem Gaswerksareal in Stuttgart-Gaisburg l\u00e4uft Ende August die Uhr ab: Die Netze BW nimmt dann sowohl den Gaskessel als auch den Fl\u00fcssigerdgasspeicher offiziell au\u00dfer Betrieb. Dahinter stehen rechtliche und betriebswirtschaftliche Gr\u00fcnde. \u201eDie Gasversorgung in Stuttgart ist aber auch ohne die beiden Speicher gesichert\u201c, betont Martin Konermann, technischer Gesch\u00e4ftsf\u00fchrer der Netze BW. F\u00fcr die Zukunft der beiden Bauwerke und des Areals insgesamt gibt es noch keine Pl\u00e4ne.<\/p>\n<p style=\"text-align: justify;\">Anders als man vielleicht vermutet, war der Gaskessel keine nennenswerte Notfallreserve f\u00fcr die Landeshauptstadt. Das auf den ersten Blick eindrucksvolle 300.000-Kubikmeter-Volumen w\u00e4re an einem kalten Wintertag innerhalb weniger Stunden aufgebraucht gewesen. Der Fl\u00fcssigerdgasspeicher verf\u00fcgte zwar \u00fcber mehr Volumen. Aber wichtig waren die Speicher vor allem, weil man mit ihnen ohne gro\u00dfen Aufwand Spitzenzeiten abdecken konnte, ohne auf das \u00fcberregionale Netz zur\u00fcckgreifen zu m\u00fcssen.<\/p>\n<p style=\"text-align: justify;\">Im Prinzip gut, aber: Nach aktueller Rechtslage darf ein Gasnetzbetreiber nur noch in sehr eingeschr\u00e4nktem Umfang Speicher betreiben und \u00fcber die Netzentgelte finanzieren. \u201eWir haben hohe Kosten f\u00fcr Instandhaltung, Brandschutz und den technischen Betrieb \u2013 das rechnet sich dann irgendwann nicht mehr\u201c, erl\u00e4utert Miriam Zaimi, Chefin der Anlagen im Gaswerk.<\/p>\n<p style=\"text-align: justify;\"><strong>Vorarbeiten bereits seit einiger Zeit angelaufen<br \/>\n<\/strong>So fiel bereits vor einigen Jahren die Grundsatzentscheidung, die beiden Speicher nach und nach stillzulegen. Das allerdings ging nicht von heute auf morgen: \u201eWir mussten zun\u00e4chst das restliche Gas ins Netz ausspeisen\u201c, erkl\u00e4rt die Diplom-Ingenieurin: \u201eAls n\u00e4chstes fand die sogenannte Inertisierung mit Stickstoff statt, um den Innenraum zuverl\u00e4ssig frei von Gas zu bekommen. Inzwischen sind die Speicher und alle weiteren Anlagen frei von Gas und bereits vom Netz getrennt.\u201c Ende August werden die Anlagen jetzt formell aus der Aufsicht des Regierungspr\u00e4sidiums Stuttgart entlassen: \u201eDann gibt es kein Zur\u00fcck mehr\u201c, so Zaimi.<\/p>\n<p style=\"text-align: justify;\">\u201eUm eine gesicherte Gasversorgung in Stuttgart muss man sich auch ohne die beiden Speicher keine Sorgen machen\u201c, betont Gesch\u00e4ftsf\u00fchrer Martin Konermann: \u201eWir haben uns zus\u00e4tzliche Gasleistung beim vorgelagerten Netzbetreiber, der terranets bw, gesichert. Das \u00fcberregionale Netz dient zudem im Fall von Engp\u00e4ssen als Puffer, sodass wir flexibel reagieren k\u00f6nnen\u201c. In Stuttgart-Vaihingen verf\u00fcgt die Netze BW noch \u00fcber zwei Kugelspeicher mit je 3.600 Kubikmetern Volumen, die als Puffer fungieren.<\/p>\n<p style=\"text-align: justify;\"><strong>St\u00e4dtebaulicher Ideenwettbewerb geplant<br \/>\n<\/strong>Bleibt die Frage, was aus dem Gaswerkgel\u00e4nde in Zukunft insgesamt werden soll. \u201eBis jetzt stand erst einmal die technische Au\u00dferbetriebnahme der beiden Speicher im Vordergrund\u201c, betont Carsten Poralla, bei der Konzernmutter EnBW f\u00fcr die Unternehmensinfrastruktur verantwortlich: \u201eWir sehen nat\u00fcrlich die st\u00e4dtebauliche Perspektive im Zusammenhang mit dem gesamten Gel\u00e4ndeband zwischen Wasser- und Gaswerk. Deshalb arbeiten wir derzeit intern auf, welche Fl\u00e4chen wir dauerhaft nutzen wollen. Anschlie\u00dfend wollen wir gemeinsam mit der Stadt einen st\u00e4dtebaulichen Ideenwettbewerb starten.\u201c Speziell der Gaskessel unterliegt dabei erheblichen Auflagen \u2013 er ist schon seit vielen Jahren denkmalgesch\u00fctzt.<\/p>\n<hr \/>\n<p style=\"text-align: justify;\">\n","protected":false},"excerpt":{"rendered":"<p>Stuttgart.| Netze BW legt zwei Speicheranlagen auf dem Gaswerkareal still \u2013 F\u00fcr Engp\u00e4sse ist das Gasnetz weiterhin ger\u00fcstet \u2013 Zukunft des Gel\u00e4ndes noch offen Stuttgart. F\u00fcr zwei markante Bauwerke auf dem Gaswerksareal in Stuttgart-Gaisburg l\u00e4uft Ende August die Uhr ab: Die Netze BW nimmt dann sowohl den Gaskessel als auch den Fl\u00fcssigerdgasspeicher offiziell au\u00dfer Betrieb. [&hellip;]<\/p>\n","protected":false},"author":4,"featured_media":0,"comment_status":"closed","ping_status":"open","sticky":false,"template":"","format":"standard","meta":{"inline_featured_image":false,"_exactmetrics_skip_tracking":false,"_exactmetrics_sitenote_active":false,"_exactmetrics_sitenote_note":"","_exactmetrics_sitenote_category":0,"footnotes":""},"categories":[59,2239],"tags":[14857,17089,5,68,9,275],"class_list":{"0":"post-142979","1":"post","2":"type-post","3":"status-publish","4":"format-standard","6":"category-aktuell","7":"category-stuttgart-lokal","8":"tag-die-webzeitung","9":"tag-gaskessel","10":"tag-internetzeitung","11":"tag-online-zeitung","12":"tag-schaumedia","13":"tag-stuttgart"},"image_feature":null,"author_name":"Redaktion","pure_taxonomies":{"categories":[{"term_id":59,"name":"Aktuell","slug":"aktuell","term_group":0,"term_taxonomy_id":60,"taxonomy":"category","description":"","parent":0,"count":1018,"filter":"raw","image":""},{"term_id":2239,"name":"Stuttgart","slug":"stuttgart-lokal","term_group":0,"term_taxonomy_id":2252,"taxonomy":"category","description":"Berichte und Informationen aus Stuttgart","parent":1433,"count":942,"filter":"raw","image":""}],"tags":[{"term_id":14857,"name":"Die-Webzeitung","slug":"die-webzeitung","term_group":0,"term_taxonomy_id":14876,"taxonomy":"post_tag","description":"","parent":0,"count":3627,"filter":"raw","image":""},{"term_id":17089,"name":"Gaskessel","slug":"gaskessel","term_group":0,"term_taxonomy_id":17108,"taxonomy":"post_tag","description":"","parent":0,"count":1,"filter":"raw","image":""},{"term_id":5,"name":"Internetzeitung","slug":"internetzeitung","term_group":0,"term_taxonomy_id":5,"taxonomy":"post_tag","description":"","parent":0,"count":1461,"filter":"raw","image":""},{"term_id":68,"name":"Online-Zeitung","slug":"online-zeitung","term_group":0,"term_taxonomy_id":69,"taxonomy":"post_tag","description":"","parent":0,"count":3597,"filter":"raw","image":""},{"term_id":9,"name":"SchauMedia","slug":"schaumedia","term_group":0,"term_taxonomy_id":9,"taxonomy":"post_tag","description":"","parent":0,"count":1607,"filter":"raw","image":""},{"term_id":275,"name":"Stuttgart","slug":"stuttgart","term_group":0,"term_taxonomy_id":281,"taxonomy":"post_tag","description":"","parent":0,"count":1195,"filter":"raw","image":""}]},"_links":{"self":[{"href":"https:\/\/die-webzeitung.de\/stuttgart\/wp-json\/wp\/v2\/posts\/142979","targetHints":{"allow":["GET"]}}],"collection":[{"href":"https:\/\/die-webzeitung.de\/stuttgart\/wp-json\/wp\/v2\/posts"}],"about":[{"href":"https:\/\/die-webzeitung.de\/stuttgart\/wp-json\/wp\/v2\/types\/post"}],"author":[{"embeddable":true,"href":"https:\/\/die-webzeitung.de\/stuttgart\/wp-json\/wp\/v2\/users\/4"}],"replies":[{"embeddable":true,"href":"https:\/\/die-webzeitung.de\/stuttgart\/wp-json\/wp\/v2\/comments?post=142979"}],"version-history":[{"count":2,"href":"https:\/\/die-webzeitung.de\/stuttgart\/wp-json\/wp\/v2\/posts\/142979\/revisions"}],"predecessor-version":[{"id":142981,"href":"https:\/\/die-webzeitung.de\/stuttgart\/wp-json\/wp\/v2\/posts\/142979\/revisions\/142981"}],"wp:attachment":[{"href":"https:\/\/die-webzeitung.de\/stuttgart\/wp-json\/wp\/v2\/media?parent=142979"}],"wp:term":[{"taxonomy":"category","embeddable":true,"href":"https:\/\/die-webzeitung.de\/stuttgart\/wp-json\/wp\/v2\/categories?post=142979"},{"taxonomy":"post_tag","embeddable":true,"href":"https:\/\/die-webzeitung.de\/stuttgart\/wp-json\/wp\/v2\/tags?post=142979"}],"curies":[{"name":"wp","href":"https:\/\/api.w.org\/{rel}","templated":true}]}}