{"id":142978,"date":"2021-08-13T13:26:29","date_gmt":"2021-08-13T12:26:29","guid":{"rendered":"https:\/\/die-webzeitung.de\/stuttgart\/2021\/08\/13\/ww-gruppe-verdoppelt-halbjahresgewinn-nahezu\/"},"modified":"2021-08-13T13:26:29","modified_gmt":"2021-08-13T12:26:29","slug":"ww-gruppe-verdoppelt-halbjahresgewinn-nahezu","status":"publish","type":"post","link":"https:\/\/die-webzeitung.de\/stuttgart\/2021\/08\/13\/ww-gruppe-verdoppelt-halbjahresgewinn-nahezu\/","title":{"rendered":"W&#038;W-Gruppe verdoppelt Halbjahresgewinn nahezu"},"content":{"rendered":"<ul>\n<li style=\"text-align: justify;\">Zuw\u00e4chse im Neugesch\u00e4ft \u2013 Marktanteile gewonnen.<\/li>\n<li style=\"text-align: justify;\">Bewertungsergebnis deutlich verbessert \u2013 Sch\u00e4den im ersten Halbjahr noch moderat.<\/li>\n<li style=\"text-align: justify;\">Beschleunigtes Wachstum der Digitalmarke Adam Riese mit mehr als 200.000 Kundinnen und Kunden.<\/li>\n<li style=\"text-align: justify;\">Schwere Unwetter in Deutschland werden im dritten Quartal die Schadenquote belasten.<\/li>\n<li style=\"text-align: justify;\">Erh\u00f6hte Prognose von Konzern\u00fcberschuss zwischen 280 und 330 Millionen Euro f\u00fcr Gesamtjahr 2021 best\u00e4tigt.<\/li>\n<\/ul>\n<p style=\"text-align: justify;\">Die W\u00fcstenrot &amp; W\u00fcrttembergische-Gruppe (W&amp;W) hat ein sehr erfolgreiches erstes Halbjahr 2021 verzeichnet und den Konzern\u00fcberschuss nahezu verdoppelt. Der Gewinn nach Steuern stieg gegen\u00fcber dem gleichen Vorjahreszeitraum von 107,0 Millionen Euro auf 196,2 Millionen Euro. Das Bewertungsergebnis verbesserte sich \u2013 auch aufgrund des freundlichen Aktienumfelds \u2013 deutlich. Moderat verlief die Schadenentwicklung im ersten Halbjahr. Ein weiterhin lebhaftes Neugesch\u00e4ft f\u00fchrte zu Marktanteilsgewinnen. Insgesamt wurde das digitale Produkt- und Leistungsspektrum in den ersten sechs Monaten nochmals ausgebaut. Der vor f\u00fcnf Jahren eingeleitete digitale und strategische Aufbruch zeigt weiterhin zunehmende Wirkung.<\/p>\n<p style=\"text-align: justify;\">J\u00fcrgen A. Junker, Vorstandsvorsitzender der W&amp;W AG: \u201eDie sehr gute Entwicklung der ersten sechs Monate 2021 zeigt, dass unsere strategischen Initiativen in der W&amp;W-Gruppe erfolgreich sind. Wir wachsen im Neugesch\u00e4ft \u00fcber dem Marktdurchschnitt, wir entwickeln innovative und starke Produkte, die Kundenzufriedenheit steigt. Zugleich gewinnen wir durch unsere digitalen Angebote neue Kundinnen und Kunden und erh\u00f6hen dank schnellerer Prozesse und unseres Kostenmanagements die Effizienz. Dabei bleiben Innovation, Kundenn\u00e4he und Digitalisierung die Eckpfeiler des Wandels, den unsere Teams \u00fcberall in der Gruppe jeden Tag ein wenig mehr leben. Auch f\u00fcr das zweite Halbjahr sind wir trotz der anhaltenden Unsicherheiten \u00fcber den Fortgang der Coronavirus-Pandemie zuversichtlich, weil wir wissen, welche St\u00e4rke die W&amp;W-Gruppe mittlerweile gewonnen hat. Dabei gehen wir derzeit davon aus, dass die Sch\u00e4den im Gesamtjahr infolge der Flutkatastrophe vom Juli erheblich \u00fcber dem Vorjahreswert liegen werden. Wir haben uns jedoch vorausschauend r\u00fcckversichert. In der \u00dcberschwemmungskatastrophe stehen wir unseren Kundinnen und Kunden mit schneller und unkomplizierter Hilfe zur Seite.\u201c<\/p>\n<p style=\"text-align: justify;\"><strong>Gesch\u00e4ftsfeld Wohnen<br \/>\n<\/strong>Im Baufinanzierungsgesch\u00e4ft (inklusive der Vermittlungen ins Fremdbuch) verzeichnete die W&amp;W-Gruppe erneut einen \u00fcber dem Marktniveau liegenden Anstieg des Neugesch\u00e4fts um 14,1\u00a0Prozent auf 3,62 Milliarden Euro (Vorjahreszeitraum: 3,17 Milliarden Euro). Das Netto-Neugesch\u00e4ft (eingel\u00f6stes Neugesch\u00e4ft) im Bausparen lag in den ersten sechs Monaten mit 5,01 Milliarden Euro leicht (minus 1,4 Prozent) unter dem entsprechenden Vorjahreswert von 5,08\u00a0Milliarden Euro, jedoch besser als der Markt. Die Immobiliengesellschaften W\u00fcstenrot Haus- und St\u00e4dtebau und W\u00fcstenrot Immobilien setzen ihren Wachstumskurs fort.<\/p>\n<p style=\"text-align: justify;\"><strong>Gesch\u00e4ftsfeld Versichern<br \/>\n<\/strong>In der Personenversicherung stiegen die Bruttobeitr\u00e4ge im ersten Halbjahr um 11,5 Prozent auf 1,33 Milliarden Euro (Vorjahreszeitraum: 1,19\u00a0Milliarden Euro). In der Schaden- und Unfallversicherung nahmen die Bruttobeitr\u00e4ge um 6,5 Prozent auf 1,41 Milliarden Euro zu nach 1,33\u00a0Milliarden Euro im Jahr zuvor, wozu alle drei Segmente Kraftfahrt, Firmenkunden und Privatkunden beitrugen. In der Kfz-Versicherung waren die Sch\u00e4den \u2013 auch bedingt durch die eingeschr\u00e4nkte Mobilit\u00e4t w\u00e4hrend des Corona-Lockdowns \u2013 r\u00fcckl\u00e4ufig. Bereits im Juni fielen in der Sachversicherung jedoch hohe Aufwendungen f\u00fcr Elementarsch\u00e4den aus Unwettern an. Die Kosten-Aufwands-Relation (Combined Ratio) in der Schaden-\/Unfallversicherung verbesserte sich dennoch von 85,3 Prozent im Vorjahreszeitraum auf 82,4 Prozent.<\/p>\n<p style=\"text-align: justify;\"><strong>Gesch\u00e4ftsfeld brandpool<br \/>\n<\/strong>Im Gesch\u00e4ftsfeld f\u00fcr die digitalen Gesch\u00e4ftsmodelle der W&amp;W-Gruppe setzte die Digitalmarke Adam Riese ihren Wachstumskurs auf mittlerweile mehr als 200.000 Kundinnen und Kunden fort. Damit verdoppelte sich die Wachstumsgeschwindigkeit: So ben\u00f6tigte Adam Riese knapp 30 Monate, um die ersten 100.000 Kunden zu gewinnen und nur 15\u00a0Monate f\u00fcr die n\u00e4chsten 100.000. Die Marke gilt als ein erfolgreiches Digitalprodukt mit konsequenter Markenf\u00fchrung \u2013 der diesj\u00e4hrige German Brand Award w\u00fcrdigte dies und zeichnete Adam Riese als \u201eDigital Brand of the Year 2021\u201c aus.<\/p>\n<p style=\"text-align: justify;\"><strong>Ausblick auf das Gesamtjahr 2021<br \/>\n<\/strong>Trotz der massiven Sch\u00e4den im Juni und Juli infolge der starken Unwetter insbesondere im Westen und S\u00fcden Deutschlands, die im dritten Quartal zu hohen Belastungen f\u00fchren werden, best\u00e4tigt die W&amp;W-Gruppe die im Juni beschlossene Prognoseanhebung f\u00fcr das Konzernergebnis 2021. Der Konzern rechnet weiter mit einem Konzernjahres\u00fcberschuss zwischen 280 und 330\u00a0Millionen Euro nach 210,8 Millionen Euro im Vorjahr. Voraussetzung daf\u00fcr ist, dass es im weiteren Jahresverlauf weder zu wesentlichen Beeintr\u00e4chtigungen durch die Pandemie noch zu Kapitalmarktverwerfungen oder zu nochmaligen gro\u00dfen und nicht absehbaren Schadensereignissen kommt.<\/p>\n<hr \/>\n<p style=\"text-align: justify;\">\n","protected":false},"excerpt":{"rendered":"<p>Zuw\u00e4chse im Neugesch\u00e4ft \u2013 Marktanteile gewonnen. Bewertungsergebnis deutlich verbessert \u2013 Sch\u00e4den im ersten Halbjahr noch moderat. Beschleunigtes Wachstum der Digitalmarke Adam Riese mit mehr als 200.000 Kundinnen und Kunden. Schwere Unwetter in Deutschland werden im dritten Quartal die Schadenquote belasten. Erh\u00f6hte Prognose von Konzern\u00fcberschuss zwischen 280 und 330 Millionen Euro f\u00fcr Gesamtjahr 2021 best\u00e4tigt. Die [&hellip;]<\/p>\n","protected":false},"author":4,"featured_media":0,"comment_status":"closed","ping_status":"open","sticky":false,"template":"","format":"standard","meta":{"inline_featured_image":false,"_exactmetrics_skip_tracking":false,"_exactmetrics_sitenote_active":false,"_exactmetrics_sitenote_note":"","_exactmetrics_sitenote_category":0,"footnotes":""},"categories":[479],"tags":[14857,5,68,9,1442,18,19],"class_list":{"0":"post-142978","1":"post","2":"type-post","3":"status-publish","4":"format-standard","6":"category-wirtschaft","7":"tag-die-webzeitung","8":"tag-internetzeitung","9":"tag-online-zeitung","10":"tag-schaumedia","11":"tag-ww","12":"tag-wurttembergische","13":"tag-wustenrot"},"image_feature":null,"author_name":"Redaktion","pure_taxonomies":{"categories":[{"term_id":479,"name":"Wirtschaft","slug":"wirtschaft","term_group":0,"term_taxonomy_id":1941,"taxonomy":"category","description":"","parent":0,"count":282,"filter":"raw","image":""}],"tags":[{"term_id":14857,"name":"Die-Webzeitung","slug":"die-webzeitung","term_group":0,"term_taxonomy_id":14876,"taxonomy":"post_tag","description":"","parent":0,"count":3627,"filter":"raw","image":""},{"term_id":5,"name":"Internetzeitung","slug":"internetzeitung","term_group":0,"term_taxonomy_id":5,"taxonomy":"post_tag","description":"","parent":0,"count":1461,"filter":"raw","image":""},{"term_id":68,"name":"Online-Zeitung","slug":"online-zeitung","term_group":0,"term_taxonomy_id":69,"taxonomy":"post_tag","description":"","parent":0,"count":3597,"filter":"raw","image":""},{"term_id":9,"name":"SchauMedia","slug":"schaumedia","term_group":0,"term_taxonomy_id":9,"taxonomy":"post_tag","description":"","parent":0,"count":1607,"filter":"raw","image":""},{"term_id":1442,"name":"W&amp;W","slug":"ww","term_group":0,"term_taxonomy_id":1451,"taxonomy":"post_tag","description":"","parent":0,"count":79,"filter":"raw","image":""},{"term_id":18,"name":"W\u00fcrttembergische","slug":"wurttembergische","term_group":0,"term_taxonomy_id":18,"taxonomy":"post_tag","description":"","parent":0,"count":111,"filter":"raw","image":""},{"term_id":19,"name":"W\u00fcstenrot","slug":"wustenrot","term_group":0,"term_taxonomy_id":19,"taxonomy":"post_tag","description":"","parent":0,"count":171,"filter":"raw","image":""}]},"_links":{"self":[{"href":"https:\/\/die-webzeitung.de\/stuttgart\/wp-json\/wp\/v2\/posts\/142978","targetHints":{"allow":["GET"]}}],"collection":[{"href":"https:\/\/die-webzeitung.de\/stuttgart\/wp-json\/wp\/v2\/posts"}],"about":[{"href":"https:\/\/die-webzeitung.de\/stuttgart\/wp-json\/wp\/v2\/types\/post"}],"author":[{"embeddable":true,"href":"https:\/\/die-webzeitung.de\/stuttgart\/wp-json\/wp\/v2\/users\/4"}],"replies":[{"embeddable":true,"href":"https:\/\/die-webzeitung.de\/stuttgart\/wp-json\/wp\/v2\/comments?post=142978"}],"version-history":[{"count":0,"href":"https:\/\/die-webzeitung.de\/stuttgart\/wp-json\/wp\/v2\/posts\/142978\/revisions"}],"wp:attachment":[{"href":"https:\/\/die-webzeitung.de\/stuttgart\/wp-json\/wp\/v2\/media?parent=142978"}],"wp:term":[{"taxonomy":"category","embeddable":true,"href":"https:\/\/die-webzeitung.de\/stuttgart\/wp-json\/wp\/v2\/categories?post=142978"},{"taxonomy":"post_tag","embeddable":true,"href":"https:\/\/die-webzeitung.de\/stuttgart\/wp-json\/wp\/v2\/tags?post=142978"}],"curies":[{"name":"wp","href":"https:\/\/api.w.org\/{rel}","templated":true}]}}