{"id":142871,"date":"2021-07-12T14:07:41","date_gmt":"2021-07-12T13:07:41","guid":{"rendered":"https:\/\/die-webzeitung.de\/stuttgart\/?p=142871"},"modified":"2021-07-12T14:07:41","modified_gmt":"2021-07-12T13:07:41","slug":"beachvolleyball-in-stuttgart-die-lust-auf-mehr","status":"publish","type":"post","link":"https:\/\/die-webzeitung.de\/stuttgart\/2021\/07\/12\/beachvolleyball-in-stuttgart-die-lust-auf-mehr\/","title":{"rendered":"Beachvolleyball in Stuttgart: Die Lust auf mehr"},"content":{"rendered":"<p style=\"text-align: justify;\">Stuttgart.| Sie sind auf den Geschmack gekommen. Nach zwei Turnieren im NeckarPark, die als Ersatz f\u00fcr die ausgefallene deutsche Beachvolleyball-Tour gelten, wollen die Ausrichter ein Turnier in Stuttgart zur Regelm\u00e4\u00dfigkeit werden lassen.<\/p>\n<p style=\"text-align: justify;\">Die in wenigen Wochen aus dem Boden gestampften beiden Stuttgarter Turniere als Teil-Ersatz f\u00fcr die German Beach Tour, die vom Deutschen Volleyball-Verband kurzfristig abgesagt wurde, sind am Sonntag mit den zweiten Endspielen erfolgreich zu Ende gegangen. Bei den Frauen setzte sich das\u00a0 Interims-Duo Svenja M\u00fcller\/Sarah Schneider gegen Laura Caluori\/Leonie K\u00f6rtzinger durch, bei den Herren Philipp Arne Bergmann\/Yannick Harms, die die Zwillinge Bennet und David Poniewaz bezwangen.<\/p>\n<p style=\"text-align: justify;\">\nF\u00fcr die Sieger gab es wichtige Punkte f\u00fcr die deutsche Rangliste, die als Grundlage f\u00fcr die Teilnahme an den Deutschen Meisterschaften in Timmendorfer Strand (2. &#8211; 5. September)\u00a0 herangezogen wird.<\/p>\n<p style=\"text-align: justify;\">\u201eF\u00fcr die Gewinner f\u00fchlt sich ein Turniersieg hier an wie ein Sieg auf der Deutschen Tour. Da wird der Name \u201aQualifier\u2018 der Sache nicht entsprechend gerecht. Das ist schade\u201c, sagt Andreas Burkard, einer der beiden Organisatoren in Stuttgart. Obwohl die aus dem Boden gestammte Ersatz-Tour die Qualifikation zur Deutschen Meisterschaft dient, hat der nationale Verband den Namen \u201eGerman Beach Tour\u201c f\u00fcr die sechs Veranstaltungen nicht freigegeben.<\/p>\n<p style=\"text-align: justify;\">Beide Turnierwochenenden in Stuttgart gl\u00e4nzten mit einer \u00e4u\u00dferst famili\u00e4ren Atmosph\u00e4re und dem engen Zusammenhalt der einzelnen Beitragenden. \u201eEs ist unheimlich beeindruckend und ber\u00fchrend, zu sehen, wie alle an einem Strang gezogen haben. Die vielen freiwilligen Helfer oder die Schiedsrichter, die auf ihr \u00fcbliches Honorar verzichtet haben oder auch der Einsatz der Expertise und Manpower vom Volleyball-Landesverband W\u00fcrttemberg. Wie Zahnr\u00e4der, die perfekt ineinander gegriffen haben\u201c, res\u00fcmiert Constantin Adam, der Athletenmanager, der als Initialz\u00fcnder und treibende Kraft hinter der Turnier-Ausrichtung gesehen werden kann.<\/p>\n<p style=\"text-align: justify;\">\u00a0\u201eWo gibt es so etwas heute noch, dass sich ein freiwilliger Helfer mit einem Spitzensportler beim gemeinsamen Mittagessen im Zelt austauschen k\u00f6nnen\u201c, sagt Andreas Burkard, Gesch\u00e4ftsf\u00fchrer des Volleyball-Landesverband W\u00fcrttemberg (VLW). \u201eWir haben das Turnier f\u00fcr den Sport und die Sportlerinnen und Sportler organisiert und sp\u00fcren dabei so viel Herzblut, dass von allen Seiten gegeben wird. Normalerweise geh\u00f6rt zu Beachvolleyball viel Spektakel, aber f\u00fcr dieses Mal war dieser kleine, feine Charakter einfach perfekt passend.\u201c<\/p>\n<p style=\"text-align: justify;\">Und das Veranstalter-Duo hat Lust auf mehr. \u201eWir wollen Stuttgart wieder auf die Beachvolleyball-Landkarte bringen\u201c, sagt Adam. \u201eIn Zukunft soll jedes Jahr ein Veranstaltung in irgendeiner Form stattfinden.\u201c Das spielt auch dem Volleyball-Landesverband in die Karten. \u201eWir wollen Menschen bewegen\u201c, sagt Andreas Burkard. \u201eDas k\u00f6nnen Mitmach-Aktionen sein auf Events wie zum Beispiel auf dem im n\u00e4chsten Jahr wieder stattfindenden Kessel-Festival in Stuttgart, oder eben auch mit ein gro\u00dfen Turnier.\u201c Eine Fortsetzung der Zusammenarbeit der beiden Organisatoren ist sicher.<\/p>\n<p style=\"text-align: justify;\">Weiter geht die Ersatz-Deutsche-Tour im Norden. Von 23. bis 25. Juli ist die BeachArena in K\u00f6nigs Wusterhausen im\u00a0 Fokus der deutschen Beachvolleyball-Elite, die nicht gleichzeitig in Tokio bei den Olympischen Spielen weilt. Ein Wochenende sp\u00e4ter, von 30. Juli bis 1. August, trifft sich die Szene an der BeachMitte in Berlin.<\/p>\n<p style=\"text-align: justify;\"><strong>Bisherige Sieger der #QualifierTimmendorferStrand:<\/strong><\/p>\n<p style=\"text-align: justify;\">Stuttgart2: venja M\u00fcller\/Sarah Schneider \/\/ Philipp Arne Bergmann\/Yannick Harms<br \/>\nStuttgart 1: Anna-Lena Gr\u00fcne\/Leonie K\u00f6rtzinger \/\/ Paul Becker\/Armin Dollinger<br \/>\nD\u00fcsseldorf 2: Karla Borger\/Julia Sude \/\/ Rudy Schneider\/Clemens Wickler<br \/>\nD\u00fcsseldorf 1: Kim Behrens\/Sandra Ittlinger \/\/ Rudy Schneider\/Clemens Wickler<\/p>\n<hr \/>\n<p style=\"text-align: justify;\">\n","protected":false},"excerpt":{"rendered":"<p>Stuttgart.| Sie sind auf den Geschmack gekommen. Nach zwei Turnieren im NeckarPark, die als Ersatz f\u00fcr die ausgefallene deutsche Beachvolleyball-Tour gelten, wollen die Ausrichter ein Turnier in Stuttgart zur Regelm\u00e4\u00dfigkeit werden lassen. Die in wenigen Wochen aus dem Boden gestampften beiden Stuttgarter Turniere als Teil-Ersatz f\u00fcr die German Beach Tour, die vom Deutschen Volleyball-Verband kurzfristig [&hellip;]<\/p>\n","protected":false},"author":4,"featured_media":0,"comment_status":"closed","ping_status":"open","sticky":false,"template":"","format":"standard","meta":{"inline_featured_image":false,"_exactmetrics_skip_tracking":false,"_exactmetrics_sitenote_active":false,"_exactmetrics_sitenote_note":"","_exactmetrics_sitenote_category":0,"footnotes":""},"categories":[110],"tags":[15295,14857,5,68,9,275],"class_list":{"0":"post-142871","1":"post","2":"type-post","3":"status-publish","4":"format-standard","6":"category-sport","7":"tag-beach-volleyball","8":"tag-die-webzeitung","9":"tag-internetzeitung","10":"tag-online-zeitung","11":"tag-schaumedia","12":"tag-stuttgart"},"image_feature":null,"author_name":"Redaktion","pure_taxonomies":{"categories":[{"term_id":110,"name":"Sport","slug":"sport","term_group":0,"term_taxonomy_id":112,"taxonomy":"category","description":"Sportberichte","parent":0,"count":1043,"filter":"raw","image":""}],"tags":[{"term_id":15295,"name":"Beach-Volleyball","slug":"beach-volleyball","term_group":0,"term_taxonomy_id":15314,"taxonomy":"post_tag","description":"","parent":0,"count":6,"filter":"raw","image":""},{"term_id":14857,"name":"Die-Webzeitung","slug":"die-webzeitung","term_group":0,"term_taxonomy_id":14876,"taxonomy":"post_tag","description":"","parent":0,"count":3627,"filter":"raw","image":""},{"term_id":5,"name":"Internetzeitung","slug":"internetzeitung","term_group":0,"term_taxonomy_id":5,"taxonomy":"post_tag","description":"","parent":0,"count":1461,"filter":"raw","image":""},{"term_id":68,"name":"Online-Zeitung","slug":"online-zeitung","term_group":0,"term_taxonomy_id":69,"taxonomy":"post_tag","description":"","parent":0,"count":3597,"filter":"raw","image":""},{"term_id":9,"name":"SchauMedia","slug":"schaumedia","term_group":0,"term_taxonomy_id":9,"taxonomy":"post_tag","description":"","parent":0,"count":1607,"filter":"raw","image":""},{"term_id":275,"name":"Stuttgart","slug":"stuttgart","term_group":0,"term_taxonomy_id":281,"taxonomy":"post_tag","description":"","parent":0,"count":1195,"filter":"raw","image":""}]},"_links":{"self":[{"href":"https:\/\/die-webzeitung.de\/stuttgart\/wp-json\/wp\/v2\/posts\/142871","targetHints":{"allow":["GET"]}}],"collection":[{"href":"https:\/\/die-webzeitung.de\/stuttgart\/wp-json\/wp\/v2\/posts"}],"about":[{"href":"https:\/\/die-webzeitung.de\/stuttgart\/wp-json\/wp\/v2\/types\/post"}],"author":[{"embeddable":true,"href":"https:\/\/die-webzeitung.de\/stuttgart\/wp-json\/wp\/v2\/users\/4"}],"replies":[{"embeddable":true,"href":"https:\/\/die-webzeitung.de\/stuttgart\/wp-json\/wp\/v2\/comments?post=142871"}],"version-history":[{"count":1,"href":"https:\/\/die-webzeitung.de\/stuttgart\/wp-json\/wp\/v2\/posts\/142871\/revisions"}],"predecessor-version":[{"id":142872,"href":"https:\/\/die-webzeitung.de\/stuttgart\/wp-json\/wp\/v2\/posts\/142871\/revisions\/142872"}],"wp:attachment":[{"href":"https:\/\/die-webzeitung.de\/stuttgart\/wp-json\/wp\/v2\/media?parent=142871"}],"wp:term":[{"taxonomy":"category","embeddable":true,"href":"https:\/\/die-webzeitung.de\/stuttgart\/wp-json\/wp\/v2\/categories?post=142871"},{"taxonomy":"post_tag","embeddable":true,"href":"https:\/\/die-webzeitung.de\/stuttgart\/wp-json\/wp\/v2\/tags?post=142871"}],"curies":[{"name":"wp","href":"https:\/\/api.w.org\/{rel}","templated":true}]}}