{"id":142831,"date":"2021-07-06T16:15:43","date_gmt":"2021-07-06T15:15:43","guid":{"rendered":"https:\/\/die-webzeitung.de\/stuttgart\/?p=142831"},"modified":"2021-07-06T16:15:43","modified_gmt":"2021-07-06T15:15:43","slug":"im-kreis-esslingen-streiken-die-busfahrer","status":"publish","type":"post","link":"https:\/\/die-webzeitung.de\/stuttgart\/2021\/07\/06\/im-kreis-esslingen-streiken-die-busfahrer\/","title":{"rendered":"Im Kreis Esslingen streiken die Busfahrer"},"content":{"rendered":"<h5 style=\"text-align: justify;\"><strong>Am Mittwoch Warnstreiks im regionalen Busverkehr <\/strong><strong>und bei zwei SSB-Buslinien<\/strong><\/h5>\n<p style=\"text-align: justify;\"><strong>Fahrg\u00e4ste sollten sich vor der Fahrt informieren<\/strong><\/p>\n<p style=\"text-align: justify;\">Kreis Esslingen.| Die Gewerkschaft ver.di hat f\u00fcr <strong>Mittwoch, 7. Juli 2021<\/strong>, weitere ganzt\u00e4gige Warnstreiks im Busverkehr angek\u00fcndigt. Betroffen sind Teile des Landkreises Esslingens und der Stadt Stuttgart sowie teilweise angrenzende Bereiche.<\/p>\n<p style=\"text-align: justify;\">Der S-Bahn- und Regionalverkehr sowie die Busse und Bahnen der hier nicht genannten Verkehrsunternehmen werden nicht bestreikt. Je nach Stand unserer Informationen werden die bestreikten Linien aus der VVS-Fahrplanauskunft entfernt.<\/p>\n<p style=\"text-align: justify;\"><strong>Vom Streik betroffene Verkehrsunternehmen<\/strong><strong>\u00a0<\/strong><\/p>\n<p style=\"text-align: justify;\"><strong>Fischle Regionalverkehr<br \/>\n<\/strong><strong>Linien<\/strong>: 140, 141, 142, 143, 144, 148, 149, 262<br \/>\n<strong>Kommunen<\/strong>: Plochingen, Reichenbach (F), Altbach, Esslingen (N), Hochdorf, Kirchheim (T), Notzingen, Deizisau, Winterbach, Baltmannsweiler, Aichwald, Schorndorf,\u00a0Lichtenwald<\/p>\n<p style=\"text-align: justify;\">Durch den Warnstreik sind auch die Buslinien 54 und 60 der Stuttgarter Stra\u00dfenbahnen AG (SSB) betroffen, die von Fischle als Auftragsunternehmer gefahren werden \u2013 diese Busse sind am 7. Juli nicht im Einsatz. Davon betroffen sind unter anderem die Bereiche Freiberg, M\u00f6nchfeld, M\u00fchlhausen, Hofen, Neugereut, Steinhaldenfeld, Sommerrain, Untert\u00fcrkheim und Fellbach.<strong>\u00a0<\/strong><\/p>\n<p style=\"text-align: justify;\"><strong>In der elektronischen Fahrplanauskunft \u00fcber die App \u201eVVS Mobil\u201c und <a href=\"http:\/\/www.vvs.de\" target=\"_blank\" rel=\"noopener\" data-saferedirecturl=\"https:\/\/www.google.com\/url?q=http:\/\/www.vvs.de&amp;source=gmail&amp;ust=1625664917683000&amp;usg=AFQjCNGr-X0RgjooXE8JE-b0QObJ4d5PQg\">www.vvs.de<\/a> werden Fahrtverbindungen f\u00fcr den Streiktag automatisch ohne die bestreikten Linien angezeigt. Fahrg\u00e4ste k\u00f6nnen sich so schnell einen \u00dcberblick verschaffen, ob eine Verbindung auch ohne die betroffenen Busse m\u00f6glich ist.<\/strong><\/p>\n<p style=\"text-align: justify;\"><strong>Fahrrad, Mitfahrgelegenheit oder Sharing-Angebote sind im Streikfall Alternativen<\/strong><\/p>\n<p style=\"text-align: justify;\">F\u00fcr manche Fahrg\u00e4ste k\u00f6nnte es eine Alternative sein, mit dem Fahrrad zu fahren. Die Radroute kann man sich mit dem VVS-Radroutenplaner <strong><a href=\"http:\/\/www.vvs.de\/radroutenplaner\" target=\"_blank\" rel=\"noopener\" data-saferedirecturl=\"https:\/\/www.google.com\/url?q=http:\/\/www.vvs.de\/radroutenplaner&amp;source=gmail&amp;ust=1625664917683000&amp;usg=AFQjCNGV8aEybHJt6VkK3VcWsifUjgsKng\">www.vvs.de\/radroutenplaner<\/a><\/strong> ausgeben lassen. Auf einfache Weise kommt man so zu einer Routenempfehlung an den Arbeits- oder Ausbildungsplatz.<\/p>\n<p style=\"text-align: justify;\">Im Einzelfall k\u00f6nnen auch Carsharing, Miet-Roller, Fahrr\u00e4der, E-Bikes zum Leihen oder die private Mitfahrgelegenheit eine gute Alternative sein, um von A nach B zu kommen. Informationen dazu gibt es unter <a href=\"http:\/\/www.vvs.de\" target=\"_blank\" rel=\"noopener\" data-saferedirecturl=\"https:\/\/www.google.com\/url?q=http:\/\/www.vvs.de&amp;source=gmail&amp;ust=1625664917683000&amp;usg=AFQjCNGr-X0RgjooXE8JE-b0QObJ4d5PQg\">www.vvs.de<\/a> unter der Rubrik \u201eClever kombinieren\u201c auf der Seite \u201eRundum mobil\u201c (<a href=\"http:\/\/www.vvs.de\/rundum-mobil\" target=\"_blank\" rel=\"noopener\" data-saferedirecturl=\"https:\/\/www.google.com\/url?q=http:\/\/www.vvs.de\/rundum-mobil&amp;source=gmail&amp;ust=1625664917683000&amp;usg=AFQjCNHuBWlWdyEkV_NjWPBDAnTjuuBStA\">www.vvs.de\/rundum-mobil<\/a>).<\/p>\n<hr \/>\n<p style=\"text-align: justify;\">\n","protected":false},"excerpt":{"rendered":"<p>Am Mittwoch Warnstreiks im regionalen Busverkehr und bei zwei SSB-Buslinien Fahrg\u00e4ste sollten sich vor der Fahrt informieren Kreis Esslingen.| Die Gewerkschaft ver.di hat f\u00fcr Mittwoch, 7. Juli 2021, weitere ganzt\u00e4gige Warnstreiks im Busverkehr angek\u00fcndigt. Betroffen sind Teile des Landkreises Esslingens und der Stadt Stuttgart sowie teilweise angrenzende Bereiche. Der S-Bahn- und Regionalverkehr sowie die Busse [&hellip;]<\/p>\n","protected":false},"author":4,"featured_media":0,"comment_status":"closed","ping_status":"open","sticky":false,"template":"","format":"standard","meta":{"inline_featured_image":false,"_exactmetrics_skip_tracking":false,"_exactmetrics_sitenote_active":false,"_exactmetrics_sitenote_note":"","_exactmetrics_sitenote_category":0,"footnotes":""},"categories":[59,2247],"tags":[832,14857,14440,5,68,9,10898,12364],"class_list":{"0":"post-142831","1":"post","2":"type-post","3":"status-publish","4":"format-standard","6":"category-aktuell","7":"category-kreis-esslingen","8":"tag-busfahrer","9":"tag-die-webzeitung","10":"tag-esslingen","11":"tag-internetzeitung","12":"tag-online-zeitung","13":"tag-schaumedia","14":"tag-streik","15":"tag-warnstreik"},"image_feature":null,"author_name":"Redaktion","pure_taxonomies":{"categories":[{"term_id":59,"name":"Aktuell","slug":"aktuell","term_group":0,"term_taxonomy_id":60,"taxonomy":"category","description":"","parent":0,"count":1018,"filter":"raw","image":""},{"term_id":2247,"name":"Kreis Esslingen","slug":"kreis-esslingen","term_group":0,"term_taxonomy_id":2260,"taxonomy":"category","description":"Informationen aus dem Landkreis Esslingen","parent":171,"count":214,"filter":"raw","image":""}],"tags":[{"term_id":832,"name":"Busfahrer","slug":"busfahrer","term_group":0,"term_taxonomy_id":841,"taxonomy":"post_tag","description":"","parent":0,"count":2,"filter":"raw","image":""},{"term_id":14857,"name":"Die-Webzeitung","slug":"die-webzeitung","term_group":0,"term_taxonomy_id":14876,"taxonomy":"post_tag","description":"","parent":0,"count":3627,"filter":"raw","image":""},{"term_id":14440,"name":"Esslingen","slug":"esslingen","term_group":0,"term_taxonomy_id":3885,"taxonomy":"post_tag","description":"","parent":0,"count":202,"filter":"raw","image":""},{"term_id":5,"name":"Internetzeitung","slug":"internetzeitung","term_group":0,"term_taxonomy_id":5,"taxonomy":"post_tag","description":"","parent":0,"count":1461,"filter":"raw","image":""},{"term_id":68,"name":"Online-Zeitung","slug":"online-zeitung","term_group":0,"term_taxonomy_id":69,"taxonomy":"post_tag","description":"","parent":0,"count":3597,"filter":"raw","image":""},{"term_id":9,"name":"SchauMedia","slug":"schaumedia","term_group":0,"term_taxonomy_id":9,"taxonomy":"post_tag","description":"","parent":0,"count":1607,"filter":"raw","image":""},{"term_id":10898,"name":"Streik","slug":"streik","term_group":0,"term_taxonomy_id":10936,"taxonomy":"post_tag","description":"","parent":0,"count":9,"filter":"raw","image":""},{"term_id":12364,"name":"Warnstreik","slug":"warnstreik","term_group":0,"term_taxonomy_id":12402,"taxonomy":"post_tag","description":"","parent":0,"count":1,"filter":"raw","image":""}]},"_links":{"self":[{"href":"https:\/\/die-webzeitung.de\/stuttgart\/wp-json\/wp\/v2\/posts\/142831","targetHints":{"allow":["GET"]}}],"collection":[{"href":"https:\/\/die-webzeitung.de\/stuttgart\/wp-json\/wp\/v2\/posts"}],"about":[{"href":"https:\/\/die-webzeitung.de\/stuttgart\/wp-json\/wp\/v2\/types\/post"}],"author":[{"embeddable":true,"href":"https:\/\/die-webzeitung.de\/stuttgart\/wp-json\/wp\/v2\/users\/4"}],"replies":[{"embeddable":true,"href":"https:\/\/die-webzeitung.de\/stuttgart\/wp-json\/wp\/v2\/comments?post=142831"}],"version-history":[{"count":1,"href":"https:\/\/die-webzeitung.de\/stuttgart\/wp-json\/wp\/v2\/posts\/142831\/revisions"}],"predecessor-version":[{"id":142832,"href":"https:\/\/die-webzeitung.de\/stuttgart\/wp-json\/wp\/v2\/posts\/142831\/revisions\/142832"}],"wp:attachment":[{"href":"https:\/\/die-webzeitung.de\/stuttgart\/wp-json\/wp\/v2\/media?parent=142831"}],"wp:term":[{"taxonomy":"category","embeddable":true,"href":"https:\/\/die-webzeitung.de\/stuttgart\/wp-json\/wp\/v2\/categories?post=142831"},{"taxonomy":"post_tag","embeddable":true,"href":"https:\/\/die-webzeitung.de\/stuttgart\/wp-json\/wp\/v2\/tags?post=142831"}],"curies":[{"name":"wp","href":"https:\/\/api.w.org\/{rel}","templated":true}]}}