{"id":142791,"date":"2021-07-01T16:22:05","date_gmt":"2021-07-01T15:22:05","guid":{"rendered":"https:\/\/die-webzeitung.de\/stuttgart\/2021\/07\/01\/neues-fuehrungsteam-bei-der-gma\/"},"modified":"2021-07-01T16:22:05","modified_gmt":"2021-07-01T15:22:05","slug":"neues-fuehrungsteam-bei-der-gma","status":"publish","type":"post","link":"https:\/\/die-webzeitung.de\/stuttgart\/2021\/07\/01\/neues-fuehrungsteam-bei-der-gma\/","title":{"rendered":"Neues F\u00fchrungsteam bei der GMA"},"content":{"rendered":"<p style=\"text-align: justify;\">Oliver Matzek (49), Bereichsleiter des Gesch\u00e4ftsbereichs St\u00e4dtebau der W\u00fcstenrot Haus- und St\u00e4dtebau GmbH (WHS), ist seit 1. Juli neu in der Gesch\u00e4ftsf\u00fchrung der Gesellschaft f\u00fcr Markt- und Absatzforschung mbH (GMA). Dort wird er gemeinsam mit Gesch\u00e4ftsf\u00fchrer Dr. Stefan Holl (62) und dem erweiterten gesch\u00e4ftsf\u00fchrenden Team, bestehend aus Birgitt Wachs (47) und Gerhard Beck (53), die Leitung der WHS-Tochtergesellschaft \u00fcbernehmen. Den Kundinnen und Kunden steht damit auch auf diesem Weg das Dienstleistungsportfolio beider Unternehmen zur Verf\u00fcgung, da Oliver Matzek seine bisherige Position bei der WHS beibeh\u00e4lt.<\/p>\n<p style=\"text-align: justify;\">Ziel der Neubesetzung ist auch eine weitere Verzahnung des Gesch\u00e4ftsbereichs St\u00e4dtebau und der GMA. Marc Bosch, Gesch\u00e4ftsf\u00fchrer der WHS, dazu: \u201eWir stellen immer wieder fest, welch gro\u00dfe \u00dcberschneidung die beiden, sowohl bei ihrer Arbeit als auch beim Kundenkreis, haben. Eine engere Zusammenarbeit ist der n\u00e4chste logische Schritt.\u201c<\/p>\n<p style=\"text-align: justify;\">Dr. Stefan Holl, der als Gesch\u00e4ftsf\u00fchrer die GMA seit 2004 erfolgreich leitet, verkn\u00fcpft mit der Besetzung folgende Perspektive: \u201eHerr Matzek bringt viele Jahre Beratungs- und Praxiserfahrung im Bereich der St\u00e4dtebauf\u00f6rderung, der Bauland- und Projektentwicklung und der Stadtentwicklungs-konzepte in die GMA ein, zum Vorteil unserer Kunden. Den sprichw\u00f6rtlichen Blick \u00fcber den Tellerand hat die GMA mit ihren Beratungsangeboten f\u00fcr Handel, Gastronomie, Hotellerie, Immobilienwirtschaft und weitere Nutzungen und Kunden bereits vollzogen \u2013 bei der st\u00e4dtebaulichen Dienstleistung ist Luft nach oben.\u201c<\/p>\n<p style=\"text-align: justify;\">Durch die engere Zusammenarbeit von WHS und GMA \u201eprofitieren unsere Kunden von einer ganzheitlichen st\u00e4dtebaulichen Beratung beider Unternehmen. Die klassischen GMA-Leistungen Einzelhandelskonzepte, Vertr\u00e4glichkeitsanalysen, Bedarfsanalysen f\u00fcr Wohnraum- und Gewerbefl\u00e4chen, Bedarfsanalysen f\u00fcr Pflegeimmobilien, B\u00fcrgerbeteiligung und wissenschaftliche Studien werden k\u00fcnftig durch die Stadtentwicklungskonzepte, die Beratungen zur St\u00e4dtebauf\u00f6rderung sowie die Bauland- und Projektentwicklung erg\u00e4nzt\u201c, betont Matzek.<\/p>\n<hr \/>\n<p style=\"text-align: justify;\">\n","protected":false},"excerpt":{"rendered":"<p>Oliver Matzek (49), Bereichsleiter des Gesch\u00e4ftsbereichs St\u00e4dtebau der W\u00fcstenrot Haus- und St\u00e4dtebau GmbH (WHS), ist seit 1. Juli neu in der Gesch\u00e4ftsf\u00fchrung der Gesellschaft f\u00fcr Markt- und Absatzforschung mbH (GMA). Dort wird er gemeinsam mit Gesch\u00e4ftsf\u00fchrer Dr. Stefan Holl (62) und dem erweiterten gesch\u00e4ftsf\u00fchrenden Team, bestehend aus Birgitt Wachs (47) und Gerhard Beck (53), die [&hellip;]<\/p>\n","protected":false},"author":4,"featured_media":0,"comment_status":"closed","ping_status":"open","sticky":false,"template":"","format":"standard","meta":{"inline_featured_image":false,"_exactmetrics_skip_tracking":false,"_exactmetrics_sitenote_active":false,"_exactmetrics_sitenote_note":"","_exactmetrics_sitenote_category":0,"footnotes":""},"categories":[479],"tags":[14857,16275,1573,5,6,68],"class_list":{"0":"post-142791","1":"post","2":"type-post","3":"status-publish","4":"format-standard","6":"category-wirtschaft","7":"tag-die-webzeitung","8":"tag-gma","9":"tag-haus-und-stadtebau","10":"tag-internetzeitung","11":"tag-ludwigsburg","12":"tag-online-zeitung"},"image_feature":null,"author_name":"Redaktion","pure_taxonomies":{"categories":[{"term_id":479,"name":"Wirtschaft","slug":"wirtschaft","term_group":0,"term_taxonomy_id":1941,"taxonomy":"category","description":"","parent":0,"count":282,"filter":"raw","image":""}],"tags":[{"term_id":14857,"name":"Die-Webzeitung","slug":"die-webzeitung","term_group":0,"term_taxonomy_id":14876,"taxonomy":"post_tag","description":"","parent":0,"count":3627,"filter":"raw","image":""},{"term_id":16275,"name":"GMA","slug":"gma","term_group":0,"term_taxonomy_id":16294,"taxonomy":"post_tag","description":"","parent":0,"count":1,"filter":"raw","image":""},{"term_id":1573,"name":"Haus- und St\u00e4dtebau","slug":"haus-und-stadtebau","term_group":0,"term_taxonomy_id":1582,"taxonomy":"post_tag","description":"","parent":0,"count":3,"filter":"raw","image":""},{"term_id":5,"name":"Internetzeitung","slug":"internetzeitung","term_group":0,"term_taxonomy_id":5,"taxonomy":"post_tag","description":"","parent":0,"count":1461,"filter":"raw","image":""},{"term_id":6,"name":"Ludwigsburg","slug":"ludwigsburg","term_group":0,"term_taxonomy_id":6,"taxonomy":"post_tag","description":"","parent":0,"count":180,"filter":"raw","image":""},{"term_id":68,"name":"Online-Zeitung","slug":"online-zeitung","term_group":0,"term_taxonomy_id":69,"taxonomy":"post_tag","description":"","parent":0,"count":3597,"filter":"raw","image":""}]},"_links":{"self":[{"href":"https:\/\/die-webzeitung.de\/stuttgart\/wp-json\/wp\/v2\/posts\/142791","targetHints":{"allow":["GET"]}}],"collection":[{"href":"https:\/\/die-webzeitung.de\/stuttgart\/wp-json\/wp\/v2\/posts"}],"about":[{"href":"https:\/\/die-webzeitung.de\/stuttgart\/wp-json\/wp\/v2\/types\/post"}],"author":[{"embeddable":true,"href":"https:\/\/die-webzeitung.de\/stuttgart\/wp-json\/wp\/v2\/users\/4"}],"replies":[{"embeddable":true,"href":"https:\/\/die-webzeitung.de\/stuttgart\/wp-json\/wp\/v2\/comments?post=142791"}],"version-history":[{"count":0,"href":"https:\/\/die-webzeitung.de\/stuttgart\/wp-json\/wp\/v2\/posts\/142791\/revisions"}],"wp:attachment":[{"href":"https:\/\/die-webzeitung.de\/stuttgart\/wp-json\/wp\/v2\/media?parent=142791"}],"wp:term":[{"taxonomy":"category","embeddable":true,"href":"https:\/\/die-webzeitung.de\/stuttgart\/wp-json\/wp\/v2\/categories?post=142791"},{"taxonomy":"post_tag","embeddable":true,"href":"https:\/\/die-webzeitung.de\/stuttgart\/wp-json\/wp\/v2\/tags?post=142791"}],"curies":[{"name":"wp","href":"https:\/\/api.w.org\/{rel}","templated":true}]}}