{"id":142770,"date":"2021-06-30T13:34:58","date_gmt":"2021-06-30T12:34:58","guid":{"rendered":"https:\/\/die-webzeitung.de\/stuttgart\/?p=142770"},"modified":"2021-06-30T13:34:58","modified_gmt":"2021-06-30T12:34:58","slug":"impfquote-die-50-marke-ist-fast-erreicht","status":"publish","type":"post","link":"https:\/\/die-webzeitung.de\/stuttgart\/2021\/06\/30\/impfquote-die-50-marke-ist-fast-erreicht\/","title":{"rendered":"Impfquote: Die 50%-Marke ist fast erreicht"},"content":{"rendered":"<h5 style=\"text-align: justify;\"><strong>Im Landkreis B\u00f6blingen ist die H\u00e4lfte der Einwohnerschaft mindestens einmal geimpft<\/strong><\/h5>\n<p style=\"text-align: justify;\">Kreis B\u00f6blingen.| Stand 29. Juni, (das Land ver\u00f6ffentlicht w\u00f6chentlich die landkreisscharfen Impfquoten), hat der Landkreis B\u00f6blingen eine Erstimpfungsquote von 49,5%. Damit ist nun fast die H\u00e4lfte der Einwohnerschaft im Landkreis B\u00f6blingen mindestens einmal geimpft. Die einen in den Impfzentren, die anderen in den Arztpraxen, oder auch im Rahmen einer der zahlreichen Aktionen, die im Landkreis in den letzten Wochen auf die Beine gestellt wurden. Der Anteil der Vollgeimpften liegt aktuell bei 33,4%. Der Landesdurchschnitt liegt bei 50,2% an Erstimpfungen und 34,2% Vollimmunisierte.<\/p>\n<p style=\"text-align: justify;\">Landrat Roland Bernhard richtet ein herzliches Dankesch\u00f6n an die \u00c4rzteschaft und alle Beteiligten: \u201eDer Dank, dass wir das erreicht haben, geht in Richtung der \u00c4rzteschaft und an Alle, die sich in den Praxen, aber auch im Kreisimpfzentrum (KIZ) oder im Rahmen einer der vielen kommunalen Impfaktionen engagiert haben.\u201c Gerade auch das ehrenamtliche Engagement sei immer wieder sehr beeindruckend, hebt der Landrat hervor.<\/p>\n<p style=\"text-align: justify;\">Alles, was mit dem Impfen zu tun hat, sei z\u00e4h und stelle alle Beteiligten auf harte Geduldsproben, so Bernhard weiter. \u201eWir haben uns wohl alle gew\u00fcnscht, dass wir zu einem fr\u00fcheren Zeitpunkt mehr Impfstoff zur Verf\u00fcgung gehabt h\u00e4tten und damit in der Lage gewesen w\u00e4ren, mehr Menschen schon fr\u00fcher ein Impfangebot machen zu k\u00f6nnen.\u201c Der Landkreis B\u00f6blingen hatte von Anfang an damit zu k\u00e4mpfen, dass man trotz einer hohen Einwohnerzahl von knapp 400.000 Einwohnern nur ein KIZ zugesprochen kam. In einer \u00e4hnlichen Rolle fand sich der Rems-Murr-Kreis wieder, der im \u00dcbrigen in der aktuellen Auflistung mit 47,5% an Erstgeimpften und 31,8% an Vollimmunisierten hinter dem Kreis B\u00f6blingen liegt.<\/p>\n<p style=\"text-align: justify;\">\u201eDass wir trotz allem so nah am Durchschnitt liegen, hat viele Gr\u00fcnde\u201c, so Landrat Bernhard. \u201eEs ist der Verdienst derer, die sich seit Jahresbeginn im Kreisimpfzentrum engagieren, wo immer alles schnell verimpft wird, was dort ankommt. Und es ist auch unseren zahlreichen Appellen an und Vorst\u00f6\u00dfen in Richtung Land zu verdanken, dass wir immer wieder mit Sonderkontingenten bedacht wurden, wenn es welche zu verteilen gab.\u201c Insofern geb\u00fchre dem Land auch ein Dankesch\u00f6n, so der Landrat. \u201eEs ist aber auch ein Verdienst all derer, die \u2013 seit es m\u00f6glich ist \u2013 ohne gro\u00dfe T\u00f6ne in ihren Praxen impfen, neben ihrem eigentlichen Praxisbetrieb; und letztlich der Verdienst all derer, die sich in Erg\u00e4nzung zu den drei Impfs\u00e4ulen \u2013 Impfzentrum, \u00c4rzteschaft und Betriebs\u00e4rzte \u2013 in den zahlreichen zus\u00e4tzlichen Aktionen engagiert haben, mit denen ebenfalls viele Menschen erreicht wurden, die sonst noch weiter warten w\u00fcrden.\u201c Dank des Zusammenwirkens Aller sei es nur m\u00f6glich gewesen, mit nur einem Impfzentrum in einem so einwohnerstarken Landkreis wie dem Kreis B\u00f6blingen heute da zu stehen, wo man ist, so der Landrat.<\/p>\n<p style=\"text-align: justify;\">Die Zahlen machen es deutlich \u2013 erst seit Ostern impft die \u00c4rzteschaft in den Praxen. Nach rd. zweieinhalb Monaten war \u00fcber diese Schiene das Impfgeschehen im Impfzentrum eingeholt bzw. \u00fcberholt. Die Kapazit\u00e4ten w\u00e4ren im KIZ zwar an sich deutlich h\u00f6her, aber auch dort kann man nur verimpfen, was da ist. Dar\u00fcber hinaus gab und gibt es zahlreiche kreative Impfaktionen landkreisweit oder gab es \u2013 gerade in der Anfangszeit \u2013 auch Unterst\u00fctzung bei der Terminvereinbarung (damals durch den Kreisseniorenrat und das DRK). All diese Unterst\u00fctzung und die Aktionen in den Kommunen haben mit dazu beigetragen, dass der Landkreis B\u00f6blingen den Landesdurchschnitt nur knapp verfehlt. Was auch k\u00fcnftig besondere Impfaktionen angeht, so sieht sich der Landkreis in einer koordinierenden Rolle, wenn es darum geht, Ideen zu b\u00fcndeln und Aktive zusammenzubringen, so Landrat Bernhard. \u201eEs hat sich schon vielfach gezeigt, dass es zu guten Ergebnissen f\u00fchrt, wenn man sich austauscht und die Beteiligten zueinander finden. \u201eAlles, was Impfstoff schnell an die Menschen bringt, ist nach wie vor gut\u201c, so Roland Bernhard. \u201eDie 50% sind gut, aber wir wollen z\u00fcgig die f\u00fcr die Jahresmitte eigentlich angepeilten 60% erreichen und l\u00e4ngerfristig eine Herdenimmunit\u00e4t erreichen.\u201c<\/p>\n<p style=\"text-align: justify;\">Deshalb richtet Landrat Bernhard abschlie\u00dfend einen dringenden Appell an alle, die noch keine Impfung haben. \u201eWir d\u00fcrfen jetzt nicht leichtsinnig werden und denken, nur weil Corona aktuell etwas in den Hintergrund r\u00fcckt, braucht man die Impfung nicht mehr. Die steigenden Fallzahlen mit der Delta-Variante und die Erfahrungen aus dem letzten Jahr mit Reiser\u00fcckkehrern nach der Urlaubszeit sollten uns klar machen, dass es nicht die Zeit f\u00fcr Impfm\u00fcdigkeit ist.\u201c Landrat Bernhard appelliert deshalb, sich impfen zu lassen. Und auch unbedingt jeweils die Zweitimpfung abzuholen. Das Impfangebot steige aktuell wieder \u2013 und damit auch die M\u00f6glichkeit, sich einen Termin zu vereinbaren.<\/p>\n<hr \/>\n<p style=\"text-align: justify;\">\n","protected":false},"excerpt":{"rendered":"<p>Im Landkreis B\u00f6blingen ist die H\u00e4lfte der Einwohnerschaft mindestens einmal geimpft Kreis B\u00f6blingen.| Stand 29. Juni, (das Land ver\u00f6ffentlicht w\u00f6chentlich die landkreisscharfen Impfquoten), hat der Landkreis B\u00f6blingen eine Erstimpfungsquote von 49,5%. Damit ist nun fast die H\u00e4lfte der Einwohnerschaft im Landkreis B\u00f6blingen mindestens einmal geimpft. Die einen in den Impfzentren, die anderen in den Arztpraxen, [&hellip;]<\/p>\n","protected":false},"author":4,"featured_media":0,"comment_status":"closed","ping_status":"open","sticky":false,"template":"","format":"standard","meta":{"inline_featured_image":false,"_exactmetrics_skip_tracking":false,"_exactmetrics_sitenote_active":false,"_exactmetrics_sitenote_note":"","_exactmetrics_sitenote_category":0,"footnotes":""},"categories":[59,2246],"tags":[3061,14857,17076,5,68,9],"class_list":{"0":"post-142770","1":"post","2":"type-post","3":"status-publish","4":"format-standard","6":"category-aktuell","7":"category-kreis-boeblingen","8":"tag-boblingen","9":"tag-die-webzeitung","10":"tag-impfquote","11":"tag-internetzeitung","12":"tag-online-zeitung","13":"tag-schaumedia"},"image_feature":null,"author_name":"Redaktion","pure_taxonomies":{"categories":[{"term_id":59,"name":"Aktuell","slug":"aktuell","term_group":0,"term_taxonomy_id":60,"taxonomy":"category","description":"","parent":0,"count":1017,"filter":"raw","image":""},{"term_id":2246,"name":"Kreis B\u00f6blingen","slug":"kreis-boeblingen","term_group":0,"term_taxonomy_id":2259,"taxonomy":"category","description":"","parent":171,"count":197,"filter":"raw","image":""}],"tags":[{"term_id":3061,"name":"B\u00f6blingen","slug":"boblingen","term_group":0,"term_taxonomy_id":3075,"taxonomy":"post_tag","description":"","parent":0,"count":260,"filter":"raw","image":""},{"term_id":14857,"name":"Die-Webzeitung","slug":"die-webzeitung","term_group":0,"term_taxonomy_id":14876,"taxonomy":"post_tag","description":"","parent":0,"count":3621,"filter":"raw","image":""},{"term_id":17076,"name":"Impfquote","slug":"impfquote","term_group":0,"term_taxonomy_id":17095,"taxonomy":"post_tag","description":"","parent":0,"count":1,"filter":"raw","image":""},{"term_id":5,"name":"Internetzeitung","slug":"internetzeitung","term_group":0,"term_taxonomy_id":5,"taxonomy":"post_tag","description":"","parent":0,"count":1461,"filter":"raw","image":""},{"term_id":68,"name":"Online-Zeitung","slug":"online-zeitung","term_group":0,"term_taxonomy_id":69,"taxonomy":"post_tag","description":"","parent":0,"count":3591,"filter":"raw","image":""},{"term_id":9,"name":"SchauMedia","slug":"schaumedia","term_group":0,"term_taxonomy_id":9,"taxonomy":"post_tag","description":"","parent":0,"count":1607,"filter":"raw","image":""}]},"_links":{"self":[{"href":"https:\/\/die-webzeitung.de\/stuttgart\/wp-json\/wp\/v2\/posts\/142770","targetHints":{"allow":["GET"]}}],"collection":[{"href":"https:\/\/die-webzeitung.de\/stuttgart\/wp-json\/wp\/v2\/posts"}],"about":[{"href":"https:\/\/die-webzeitung.de\/stuttgart\/wp-json\/wp\/v2\/types\/post"}],"author":[{"embeddable":true,"href":"https:\/\/die-webzeitung.de\/stuttgart\/wp-json\/wp\/v2\/users\/4"}],"replies":[{"embeddable":true,"href":"https:\/\/die-webzeitung.de\/stuttgart\/wp-json\/wp\/v2\/comments?post=142770"}],"version-history":[{"count":1,"href":"https:\/\/die-webzeitung.de\/stuttgart\/wp-json\/wp\/v2\/posts\/142770\/revisions"}],"predecessor-version":[{"id":142771,"href":"https:\/\/die-webzeitung.de\/stuttgart\/wp-json\/wp\/v2\/posts\/142770\/revisions\/142771"}],"wp:attachment":[{"href":"https:\/\/die-webzeitung.de\/stuttgart\/wp-json\/wp\/v2\/media?parent=142770"}],"wp:term":[{"taxonomy":"category","embeddable":true,"href":"https:\/\/die-webzeitung.de\/stuttgart\/wp-json\/wp\/v2\/categories?post=142770"},{"taxonomy":"post_tag","embeddable":true,"href":"https:\/\/die-webzeitung.de\/stuttgart\/wp-json\/wp\/v2\/tags?post=142770"}],"curies":[{"name":"wp","href":"https:\/\/api.w.org\/{rel}","templated":true}]}}