{"id":142760,"date":"2021-06-29T13:59:26","date_gmt":"2021-06-29T12:59:26","guid":{"rendered":"https:\/\/die-webzeitung.de\/stuttgart\/2021\/06\/29\/christian-mistl-wechselt-vom-vfb-an-den-freiberger-wasen\/"},"modified":"2021-06-29T13:59:26","modified_gmt":"2021-06-29T12:59:26","slug":"christian-mistl-wechselt-vom-vfb-an-den-freiberger-wasen","status":"publish","type":"post","link":"https:\/\/die-webzeitung.de\/stuttgart\/2021\/06\/29\/christian-mistl-wechselt-vom-vfb-an-den-freiberger-wasen\/","title":{"rendered":"Christian Mistl wechselt vom VfB an den Freiberger Wasen"},"content":{"rendered":"<p style=\"text-align: justify;\">Freiberg a. N.| Das 19-j\u00e4hrige, 1,76 gro\u00dfe Jungtalent, wechselte 2014 vom FSV Waiblingen zu den \u201eJungen Wilden\u201c des Bundesligisten und durchlief von der U15 bis in die U21 dort seine Ausbildung. F\u00fcr den VfB spielte er 69 Mal in der Junioren-Bundesliga S\u00fcdwest (26 x U17, 43 x U19) und in der vergangenen Saison kam er in der Regionalliga S\u00fcdwest (U21) auf 7 Eins\u00e4tze. Der Rechtsfu\u00df ist haupts\u00e4chlich im defensiven Mittelfeld zu Hause, kann aber auch zentral eingesetzt werden.<\/p>\n<p style=\"text-align: justify;\">Christian Mistl: Ich freue mich sehr, jetzt Teil dieser Mannschaft zu sein. Ich bin sehr motiviert neue Herausforderungen und Aufgaben zu meistern und mich mit Hilfe der erfahrenen Spieler weiterzuentwickeln.<\/p>\n<p style=\"text-align: justify;\">Christian Werner, Sportdirektor SGV: Wir freuen uns sehr, dass wir Christian von unserem Verein \u00fcberzeugen konnten. Pers\u00f6nlich glaube ich, dass Christian das Potential, hat eine der \u00dcberraschungen der n\u00e4chsten Saison zu werden. Ich m\u00f6chte mich herzlich bei den Verantwortlichen des VfB Stuttgart bedanken, die diesen Wechsel unterst\u00fctzt haben.<\/p>\n<hr \/>\n<p style=\"text-align: justify;\">\n","protected":false},"excerpt":{"rendered":"<p>Freiberg a. N.| Das 19-j\u00e4hrige, 1,76 gro\u00dfe Jungtalent, wechselte 2014 vom FSV Waiblingen zu den \u201eJungen Wilden\u201c des Bundesligisten und durchlief von der U15 bis in die U21 dort seine Ausbildung. F\u00fcr den VfB spielte er 69 Mal in der Junioren-Bundesliga S\u00fcdwest (26 x U17, 43 x U19) und in der vergangenen Saison kam er [&hellip;]<\/p>\n","protected":false},"author":4,"featured_media":0,"comment_status":"closed","ping_status":"open","sticky":false,"template":"","format":"standard","meta":{"inline_featured_image":false,"_exactmetrics_skip_tracking":false,"_exactmetrics_sitenote_active":false,"_exactmetrics_sitenote_note":"","_exactmetrics_sitenote_category":0,"footnotes":""},"categories":[110],"tags":[14857,80,129,5,1080,68,119],"class_list":{"0":"post-142760","1":"post","2":"type-post","3":"status-publish","4":"format-standard","6":"category-sport","7":"tag-die-webzeitung","8":"tag-freiberger-seite","9":"tag-fusball","10":"tag-internetzeitung","11":"tag-oberliga","12":"tag-online-zeitung","13":"tag-sgv"},"image_feature":null,"author_name":"Redaktion","pure_taxonomies":{"categories":[{"term_id":110,"name":"Sport","slug":"sport","term_group":0,"term_taxonomy_id":112,"taxonomy":"category","description":"Sportberichte","parent":0,"count":1043,"filter":"raw","image":""}],"tags":[{"term_id":14857,"name":"Die-Webzeitung","slug":"die-webzeitung","term_group":0,"term_taxonomy_id":14876,"taxonomy":"post_tag","description":"","parent":0,"count":3627,"filter":"raw","image":""},{"term_id":80,"name":"Freiberg","slug":"freiberger-seite","term_group":0,"term_taxonomy_id":95,"taxonomy":"post_tag","description":"","parent":0,"count":78,"filter":"raw","image":""},{"term_id":129,"name":"Fu\u00dfball","slug":"fusball","term_group":0,"term_taxonomy_id":131,"taxonomy":"post_tag","description":"","parent":0,"count":171,"filter":"raw","image":""},{"term_id":5,"name":"Internetzeitung","slug":"internetzeitung","term_group":0,"term_taxonomy_id":5,"taxonomy":"post_tag","description":"","parent":0,"count":1461,"filter":"raw","image":""},{"term_id":1080,"name":"Oberliga","slug":"oberliga","term_group":0,"term_taxonomy_id":1089,"taxonomy":"post_tag","description":"","parent":0,"count":35,"filter":"raw","image":""},{"term_id":68,"name":"Online-Zeitung","slug":"online-zeitung","term_group":0,"term_taxonomy_id":69,"taxonomy":"post_tag","description":"","parent":0,"count":3597,"filter":"raw","image":""},{"term_id":119,"name":"SGV","slug":"sgv","term_group":0,"term_taxonomy_id":121,"taxonomy":"post_tag","description":"","parent":0,"count":66,"filter":"raw","image":""}]},"_links":{"self":[{"href":"https:\/\/die-webzeitung.de\/stuttgart\/wp-json\/wp\/v2\/posts\/142760","targetHints":{"allow":["GET"]}}],"collection":[{"href":"https:\/\/die-webzeitung.de\/stuttgart\/wp-json\/wp\/v2\/posts"}],"about":[{"href":"https:\/\/die-webzeitung.de\/stuttgart\/wp-json\/wp\/v2\/types\/post"}],"author":[{"embeddable":true,"href":"https:\/\/die-webzeitung.de\/stuttgart\/wp-json\/wp\/v2\/users\/4"}],"replies":[{"embeddable":true,"href":"https:\/\/die-webzeitung.de\/stuttgart\/wp-json\/wp\/v2\/comments?post=142760"}],"version-history":[{"count":0,"href":"https:\/\/die-webzeitung.de\/stuttgart\/wp-json\/wp\/v2\/posts\/142760\/revisions"}],"wp:attachment":[{"href":"https:\/\/die-webzeitung.de\/stuttgart\/wp-json\/wp\/v2\/media?parent=142760"}],"wp:term":[{"taxonomy":"category","embeddable":true,"href":"https:\/\/die-webzeitung.de\/stuttgart\/wp-json\/wp\/v2\/categories?post=142760"},{"taxonomy":"post_tag","embeddable":true,"href":"https:\/\/die-webzeitung.de\/stuttgart\/wp-json\/wp\/v2\/tags?post=142760"}],"curies":[{"name":"wp","href":"https:\/\/api.w.org\/{rel}","templated":true}]}}