{"id":142751,"date":"2021-06-28T16:01:01","date_gmt":"2021-06-28T15:01:01","guid":{"rendered":"https:\/\/die-webzeitung.de\/stuttgart\/2021\/06\/28\/azubis-volle-power\/"},"modified":"2021-06-28T16:01:01","modified_gmt":"2021-06-28T15:01:01","slug":"azubis-volle-power","status":"publish","type":"post","link":"https:\/\/die-webzeitung.de\/stuttgart\/2021\/06\/28\/azubis-volle-power\/","title":{"rendered":"Azubis \u2013 volle Power!"},"content":{"rendered":"<h5 style=\"text-align: justify;\"><strong>DVGW und VfEW haben die besten Azubiprojekte der Energie- und Wasserwirtschaft in Baden-W\u00fcrttemberg ausgezeichnet<\/strong><\/h5>\n<ul style=\"text-align: justify;\">\n<li><strong>Azubiteams der Schluchseewerk AG, der Energiedienst AG und der Stadtwerke Weinheim sind die Gewinner<\/strong><\/li>\n<li><strong>Preisverleihung fand am 23. Juni beim 10. Gas-Wasser-Tag der DVGW-LG Baden-W\u00fcrttemberg statt<\/strong><\/li>\n<\/ul>\n<p style=\"text-align: justify;\">Angesichts des zunehmenden Fachkr\u00e4ftemangels ist Nachwuchsf\u00f6rderung f\u00fcr Unternehmen der Energie- und Wasserwirtschaft ein gro\u00dfes Thema. Bei immer mehr Stadtwerken und Versorgern werden die Auszubildenen selbst zu Botschaftern f\u00fcr ihre Berufswahl und haben zahlreiche Projekte ins Leben gerufen. Die DVGW Landesgruppe Baden-W\u00fcrttemberg und der Verband f\u00fcr Energie- und Wasserwirtschaft Baden-W\u00fcrttemberg (VfEW) haben nun beim Wettbewerb \u201eAzubis \u2013 Volle Power!\u201c die besten Azubiprojekte der Branche in Baden-W\u00fcrttemberg ausgezeichnet. Die Preisverleihung fand online beim 10. Gas-Wasser-Tag des DVGW statt.<\/p>\n<p style=\"text-align: justify;\">\u201eDie Branche verf\u00fcgt \u00fcber engagierte Nachwuchskr\u00e4fte und damit \u00fcber ein gro\u00dfes Potenzial f\u00fcr die Zukunft\u201c, so Torsten H\u00f6ck, Gesch\u00e4ftsf\u00fchrer des VfEW. Die Azubis h\u00e4tten kreative Ideen, wie sie andere junge Menschen f\u00fcr eine Ausbildung in der Energie- und Wasserwirtschaft \u00fcberzeugen k\u00f6nnen. Eine Aussage, der auch Thomas Anders, Gesch\u00e4ftsf\u00fchrer der DVGW Landesgruppe Baden-W\u00fcrttemberg zustimmt: \u201eBei den Unternehmen in Baden-W\u00fcrttemberg laufen viele tolle Projekte, die Azubis zur Nachwuchsgewinnung gestalten. Es freut uns, diesen mit Azubis volle Power in der \u00d6ffentlichkeit und in der Brache mehr Aufmerksamkeit zu geben.\u201c<\/p>\n<p style=\"text-align: justify;\">In den vergangenen Monaten haben sich 15 Azubi-Teams mit insgesamt 16 Projekten beim Wettbewerb beworben. Die Einsendungen reichten von technischen Lehrsystemen \u00fcber von Azubis betriebene Social-Media-Kan\u00e4le bis hin zu selbst gedrehten Filmen und Konzepten zur digitalen Berufsorientierung. Eine Jury aus Unternehmens- und Verbandsvertretern hat diese gesichtet und in drei Kategorien Gewinner gek\u00fcrt.<\/p>\n<p style=\"text-align: justify;\">In der <strong>Kategorie \u201eExperiment\u201c<\/strong> konnte die Temperaturregelbox der Schluchseewerk AG \u00fcberzeugen, welche angehende Elektroniker f\u00fcr Betriebstechnik gebaut haben und die nun in der Ausbildung, bei Praktika aber auch bei Jobmessen zum Einsatz kommt. \u201eUnsere Jury befand die Idee einer mit vielen Raffinessen konstruierten Temperaturregelbox f\u00fcr die Simulation unterschiedlichster Temperatur-Regelungszust\u00e4nde als sehr praxisorientiert. Insbesondere hinsichtlich der Heranf\u00fchrung von Elektrikern f\u00fcr Betriebstechnik an die Heizungs- und Steuerungstechnik ist hiermit eine M\u00f6glichkeit entstanden, einen interessanten Einblick in die breitgef\u00e4cherte Berufswelt zu bekommen\u201c, lobte Jury-Mitglied Heiko Gittinger von der Netze BW den Beitrag.<\/p>\n<p style=\"text-align: justify;\">In der 2. <strong>Kategorie \u201eFilm\u201c<\/strong> konnten sich die Azubis und Studenten der Stadtwerke Weinheim \u00fcber den Preis freuen. Sie hatten im vergangenen Jahr einen Imagefilm gedreht, um ihre Ausbildungsberufe speziell f\u00fcr junge Menschen darzustellen. \u201eEs ist den Protagonisten eindrucksvoll gelungen, ihre Begeisterung f\u00fcr ihre Ausbildungsberufe und ihr Arbeitsumfeld in einem Kurzfilm authentisch und dabei h\u00f6chst unterhaltsam und am\u00fcsant festzuhalten\u201c, w\u00fcrdigte Laudator und Jury-Mitglied Dr. Frank Graf vom Engler-Bunte-Institut.<\/p>\n<p style=\"text-align: justify;\">In der letzten <strong>Kategorie \u201eEvent\u201c<\/strong> hat das Azubi-Team der Energiedienst AG mit ihrer Nacht der Ausbildung die Jury am meisten \u00fcberzeugt. \u201eMit ihrem Konzept zur \u201eNacht der Ausbildung\u201c wird aus Sicht der Jury die Balance zwischen einer erfolgreichen Zielgruppenansprache und der beabsichtigten Informationsvermittlung in sehr motivierender Weise gefunden\u201c, so Thomas Anders in seiner Laudatio, der ebenso wie die Azubis hofft, dass im kommenden Jahr wieder ein solches Event m\u00f6glich ist, nachdem es 2020 und 2021 aufgrund der Corona-Pandemie abgesagt werden musste.<\/p>\n<p style=\"text-align: justify;\">Alle drei Gewinnerteams k\u00f6nnen sich \u00fcber 1.000 Euro Preisgeld freuen, die ausschlie\u00dflich den Auszubildenden zugutekommen. Erste Ideen f\u00fcr die Verwendung gibt es schon, wie die Azubis bei der Online-Preisverleihung verrieten. Sie reichen von Spenden f\u00fcr eine wohlt\u00e4tige Organisation bis hin zu einem gemeinsamen Tag im Freizeitpark.<\/p>\n<hr \/>\n<p style=\"text-align: justify;\">\n","protected":false},"excerpt":{"rendered":"<p>DVGW und VfEW haben die besten Azubiprojekte der Energie- und Wasserwirtschaft in Baden-W\u00fcrttemberg ausgezeichnet Azubiteams der Schluchseewerk AG, der Energiedienst AG und der Stadtwerke Weinheim sind die Gewinner Preisverleihung fand am 23. Juni beim 10. Gas-Wasser-Tag der DVGW-LG Baden-W\u00fcrttemberg statt Angesichts des zunehmenden Fachkr\u00e4ftemangels ist Nachwuchsf\u00f6rderung f\u00fcr Unternehmen der Energie- und Wasserwirtschaft ein gro\u00dfes Thema. [&hellip;]<\/p>\n","protected":false},"author":4,"featured_media":0,"comment_status":"closed","ping_status":"open","sticky":false,"template":"","format":"standard","meta":{"inline_featured_image":false,"_exactmetrics_skip_tracking":false,"_exactmetrics_sitenote_active":false,"_exactmetrics_sitenote_note":"","_exactmetrics_sitenote_category":0,"footnotes":""},"categories":[9098],"tags":[828,90,14857,5,68,10920,9],"class_list":{"0":"post-142751","1":"post","2":"type-post","3":"status-publish","4":"format-standard","6":"category-baden-wuerttemberg","7":"tag-auszeichnung","8":"tag-azubi","9":"tag-die-webzeitung","10":"tag-internetzeitung","11":"tag-online-zeitung","12":"tag-projekt","13":"tag-schaumedia"},"image_feature":null,"author_name":"Redaktion","pure_taxonomies":{"categories":[{"term_id":9098,"name":"Baden-W\u00fcrttemberg","slug":"baden-wuerttemberg","term_group":0,"term_taxonomy_id":9124,"taxonomy":"category","description":"","parent":171,"count":238,"filter":"raw","image":""}],"tags":[{"term_id":828,"name":"Auszeichnung","slug":"auszeichnung","term_group":0,"term_taxonomy_id":837,"taxonomy":"post_tag","description":"","parent":0,"count":8,"filter":"raw","image":""},{"term_id":90,"name":"Azubi","slug":"azubi","term_group":0,"term_taxonomy_id":91,"taxonomy":"post_tag","description":"","parent":0,"count":3,"filter":"raw","image":""},{"term_id":14857,"name":"Die-Webzeitung","slug":"die-webzeitung","term_group":0,"term_taxonomy_id":14876,"taxonomy":"post_tag","description":"","parent":0,"count":3627,"filter":"raw","image":""},{"term_id":5,"name":"Internetzeitung","slug":"internetzeitung","term_group":0,"term_taxonomy_id":5,"taxonomy":"post_tag","description":"","parent":0,"count":1461,"filter":"raw","image":""},{"term_id":68,"name":"Online-Zeitung","slug":"online-zeitung","term_group":0,"term_taxonomy_id":69,"taxonomy":"post_tag","description":"","parent":0,"count":3597,"filter":"raw","image":""},{"term_id":10920,"name":"Projekt","slug":"projekt","term_group":0,"term_taxonomy_id":10958,"taxonomy":"post_tag","description":"","parent":0,"count":3,"filter":"raw","image":""},{"term_id":9,"name":"SchauMedia","slug":"schaumedia","term_group":0,"term_taxonomy_id":9,"taxonomy":"post_tag","description":"","parent":0,"count":1607,"filter":"raw","image":""}]},"_links":{"self":[{"href":"https:\/\/die-webzeitung.de\/stuttgart\/wp-json\/wp\/v2\/posts\/142751","targetHints":{"allow":["GET"]}}],"collection":[{"href":"https:\/\/die-webzeitung.de\/stuttgart\/wp-json\/wp\/v2\/posts"}],"about":[{"href":"https:\/\/die-webzeitung.de\/stuttgart\/wp-json\/wp\/v2\/types\/post"}],"author":[{"embeddable":true,"href":"https:\/\/die-webzeitung.de\/stuttgart\/wp-json\/wp\/v2\/users\/4"}],"replies":[{"embeddable":true,"href":"https:\/\/die-webzeitung.de\/stuttgart\/wp-json\/wp\/v2\/comments?post=142751"}],"version-history":[{"count":0,"href":"https:\/\/die-webzeitung.de\/stuttgart\/wp-json\/wp\/v2\/posts\/142751\/revisions"}],"wp:attachment":[{"href":"https:\/\/die-webzeitung.de\/stuttgart\/wp-json\/wp\/v2\/media?parent=142751"}],"wp:term":[{"taxonomy":"category","embeddable":true,"href":"https:\/\/die-webzeitung.de\/stuttgart\/wp-json\/wp\/v2\/categories?post=142751"},{"taxonomy":"post_tag","embeddable":true,"href":"https:\/\/die-webzeitung.de\/stuttgart\/wp-json\/wp\/v2\/tags?post=142751"}],"curies":[{"name":"wp","href":"https:\/\/api.w.org\/{rel}","templated":true}]}}