{"id":142736,"date":"2021-06-27T17:26:28","date_gmt":"2021-06-27T16:26:28","guid":{"rendered":"https:\/\/die-webzeitung.de\/stuttgart\/?p=142736"},"modified":"2021-06-27T17:26:28","modified_gmt":"2021-06-27T16:26:28","slug":"7-tage-inzidenz-unter-zehn-im-landkreis-esslingen","status":"publish","type":"post","link":"https:\/\/die-webzeitung.de\/stuttgart\/2021\/06\/27\/7-tage-inzidenz-unter-zehn-im-landkreis-esslingen\/","title":{"rendered":"7-Tage-Inzidenz unter zehn im Landkreis Esslingen"},"content":{"rendered":"<h5 style=\"text-align: justify;\"><strong>Weitere Lockerungen treten am Montag, 28. Juni in Kraft<\/strong><\/h5>\n<p style=\"text-align: justify;\">\nKreis Esslingen.| Das Gesundheitsamt Esslingen hat am Sonntag, 27. Juni die f\u00f6rmliche Feststellung getroffen, dass der Landkreis Esslingen seit f\u00fcnf Tagen in Folge eine 7-Tage-Inzidenz von unter zehn aufweist. Am Montag, 28. Juni treten weitere Lockerungen in Kraft.<\/p>\n<p style=\"text-align: justify;\">Die Landesregierung hat die Corona-Verordnung grundlegend \u00fcberarbeitet und damit dem derzeit deutlich entspannteren Infektionsgeschehen angepasst. Die vier neu definierten Inzidenzstufen gelten am Montag, 28. Juni und erm\u00f6glichen wieder mehr Alltag in den verschiedenen Lebensbereichen. In der Verordnung ist eine Bremse eingezogen, falls die Infektionszahlen wieder ansteigen.<\/p>\n<p style=\"text-align: justify;\">Das Gesundheitsamt im Landratsamt Esslingen hat am Sonntagabend die f\u00f6rmliche Feststellung getroffen, dass die 7-Tage-Inzidenz im Landkreis Esslingen an den vergangenen f\u00fcnf Tagen unter zehn lag. Somit gelten von Montag, 28. Juni an im Landkreis Esslingen die Regelungen der Inzidenzstufe 1 in der dann geltenden Corona-Verordnung. Die wichtigsten Neuerungen: Im privaten Bereich sind wieder Treffen mit bis zu 25 Personen m\u00f6glich, wobei Geimpfte und Genesene nicht mitgez\u00e4hlt werden. Private Veranstaltungen sind mit bis zu 300 Personen m\u00f6glich; im Freien ohne die sogenannte 3-G-Regel (geimpft, genesen oder getestet).<\/p>\n<p style=\"text-align: justify;\">Der Gastronomiebetrieb ist grunds\u00e4tzlich nicht mehr an die Einhaltung besonderer Regelungen gekoppelt und ohne Beschr\u00e4nkung der Personenzahl zul\u00e4ssig. \u00d6ffentliche Veranstaltungen wie Konzerte, Theater, Stadtfeste sind mit verschiedenen Voraussetzungen mit gestaffelter Personenzahl m\u00f6glich. In Kultur- und Freizeiteinrichtungen entf\u00e4llt die Beschr\u00e4nkung der Personenzahl. Es m\u00fcssen aber immer Hygienekonzepte vorliegen und die Kontaktpersonennachverfolgung im Falle eines Infektionsfalles gew\u00e4hrleistet werden.<\/p>\n<p style=\"text-align: justify;\">\u201eMit der Neufassung der Corona-Verordnung und den damit verbundenen Lockerungen wird den Menschen dank des derzeit niedrigen Inzidenzwertes im Landkreis Esslingen endlich wieder ein gro\u00dfes St\u00fcck Normalit\u00e4t in ihrem Alltag erm\u00f6glicht\u201c, sagt Gesundheitsdezernent Peter Freitag. \u201eZugleich beobachtet das Gesundheitsamt die Lage aber weiterhin sehr genau, insbesondere mit Blick auf die aktuelle Verbreitung der Delta-Variante des Corona-Virus.\u201c Er hoffe, dass sich die Lage weiter normalisiere, je mehr Menschen sich impfen lassen.<\/p>\n<p style=\"text-align: justify;\">Der Gesundheitsdezernent appelliert an die Bev\u00f6lkerung, weiterhin die Abstands- und Hygieneregeln einzuhalten und Masken zu tragen, dort wo es sinnvoll und vorgeschrieben ist. Personen sollten insbesondere dann Kontakte meiden und sich testen lassen, wenn sie typische Symptome einer Corona-Erkrankung aufweisen w\u00fcrden. Die Nutzung etwa der Luca-App k\u00f6nne im Einzelfall dem Gesundheitsamt die Kontaktpersonen-Nachverfolgung erleichtern. \u201eHalten Sie sich bitte weiterhin an die Regeln, nur dann k\u00f6nnen die jetzigen Lockerungen fortbestehen.\u201c<\/p>\n<p style=\"text-align: justify;\">Die f\u00f6rmliche Feststellung des Inzidenzwertes des Gesundheitsamts f\u00fcr die \u00d6ffnungsschritte wird auf der Startseite der Homepage des Landkreises eingestellt: <a href=\"http:\/\/www.landkreis-esslingen.de\" target=\"_blank\" rel=\"noopener\">www.landkreis-esslingen.de<\/a>. Hier sind auch Informationen des Landes zu den neuen Regelungen der Corona-Verordnung verlinkt.<\/p>\n<hr \/>\n<p style=\"text-align: justify;\">\n","protected":false},"excerpt":{"rendered":"<p>Weitere Lockerungen treten am Montag, 28. Juni in Kraft Kreis Esslingen.| Das Gesundheitsamt Esslingen hat am Sonntag, 27. Juni die f\u00f6rmliche Feststellung getroffen, dass der Landkreis Esslingen seit f\u00fcnf Tagen in Folge eine 7-Tage-Inzidenz von unter zehn aufweist. Am Montag, 28. Juni treten weitere Lockerungen in Kraft. Die Landesregierung hat die Corona-Verordnung grundlegend \u00fcberarbeitet und [&hellip;]<\/p>\n","protected":false},"author":4,"featured_media":0,"comment_status":"closed","ping_status":"open","sticky":false,"template":"","format":"standard","meta":{"inline_featured_image":false,"_exactmetrics_skip_tracking":false,"_exactmetrics_sitenote_active":false,"_exactmetrics_sitenote_note":"","_exactmetrics_sitenote_category":0,"footnotes":""},"categories":[59,2247],"tags":[16825,14857,14440,5,16838,17041,68],"class_list":{"0":"post-142736","1":"post","2":"type-post","3":"status-publish","4":"format-standard","6":"category-aktuell","7":"category-kreis-esslingen","8":"tag-corona-verordnung","9":"tag-die-webzeitung","10":"tag-esslingen","11":"tag-internetzeitung","12":"tag-inzidenz","13":"tag-lockerungen","14":"tag-online-zeitung"},"image_feature":null,"author_name":"Redaktion","pure_taxonomies":{"categories":[{"term_id":59,"name":"Aktuell","slug":"aktuell","term_group":0,"term_taxonomy_id":60,"taxonomy":"category","description":"","parent":0,"count":1018,"filter":"raw","image":""},{"term_id":2247,"name":"Kreis Esslingen","slug":"kreis-esslingen","term_group":0,"term_taxonomy_id":2260,"taxonomy":"category","description":"Informationen aus dem Landkreis Esslingen","parent":171,"count":214,"filter":"raw","image":""}],"tags":[{"term_id":16825,"name":"Corona-Verordnung","slug":"corona-verordnung","term_group":0,"term_taxonomy_id":16844,"taxonomy":"post_tag","description":"","parent":0,"count":5,"filter":"raw","image":""},{"term_id":14857,"name":"Die-Webzeitung","slug":"die-webzeitung","term_group":0,"term_taxonomy_id":14876,"taxonomy":"post_tag","description":"","parent":0,"count":3627,"filter":"raw","image":""},{"term_id":14440,"name":"Esslingen","slug":"esslingen","term_group":0,"term_taxonomy_id":3885,"taxonomy":"post_tag","description":"","parent":0,"count":202,"filter":"raw","image":""},{"term_id":5,"name":"Internetzeitung","slug":"internetzeitung","term_group":0,"term_taxonomy_id":5,"taxonomy":"post_tag","description":"","parent":0,"count":1461,"filter":"raw","image":""},{"term_id":16838,"name":"Inzidenz","slug":"inzidenz","term_group":0,"term_taxonomy_id":16857,"taxonomy":"post_tag","description":"","parent":0,"count":19,"filter":"raw","image":""},{"term_id":17041,"name":"Lockerungen","slug":"lockerungen","term_group":0,"term_taxonomy_id":17060,"taxonomy":"post_tag","description":"","parent":0,"count":3,"filter":"raw","image":""},{"term_id":68,"name":"Online-Zeitung","slug":"online-zeitung","term_group":0,"term_taxonomy_id":69,"taxonomy":"post_tag","description":"","parent":0,"count":3597,"filter":"raw","image":""}]},"_links":{"self":[{"href":"https:\/\/die-webzeitung.de\/stuttgart\/wp-json\/wp\/v2\/posts\/142736","targetHints":{"allow":["GET"]}}],"collection":[{"href":"https:\/\/die-webzeitung.de\/stuttgart\/wp-json\/wp\/v2\/posts"}],"about":[{"href":"https:\/\/die-webzeitung.de\/stuttgart\/wp-json\/wp\/v2\/types\/post"}],"author":[{"embeddable":true,"href":"https:\/\/die-webzeitung.de\/stuttgart\/wp-json\/wp\/v2\/users\/4"}],"replies":[{"embeddable":true,"href":"https:\/\/die-webzeitung.de\/stuttgart\/wp-json\/wp\/v2\/comments?post=142736"}],"version-history":[{"count":1,"href":"https:\/\/die-webzeitung.de\/stuttgart\/wp-json\/wp\/v2\/posts\/142736\/revisions"}],"predecessor-version":[{"id":142737,"href":"https:\/\/die-webzeitung.de\/stuttgart\/wp-json\/wp\/v2\/posts\/142736\/revisions\/142737"}],"wp:attachment":[{"href":"https:\/\/die-webzeitung.de\/stuttgart\/wp-json\/wp\/v2\/media?parent=142736"}],"wp:term":[{"taxonomy":"category","embeddable":true,"href":"https:\/\/die-webzeitung.de\/stuttgart\/wp-json\/wp\/v2\/categories?post=142736"},{"taxonomy":"post_tag","embeddable":true,"href":"https:\/\/die-webzeitung.de\/stuttgart\/wp-json\/wp\/v2\/tags?post=142736"}],"curies":[{"name":"wp","href":"https:\/\/api.w.org\/{rel}","templated":true}]}}