{"id":142734,"date":"2021-06-27T16:00:56","date_gmt":"2021-06-27T15:00:56","guid":{"rendered":"https:\/\/die-webzeitung.de\/stuttgart\/?p=142734"},"modified":"2021-06-27T16:00:56","modified_gmt":"2021-06-27T15:00:56","slug":"auswirkungen-der-neuen-corona-verordnung-auf-den-landkreis-2","status":"publish","type":"post","link":"https:\/\/die-webzeitung.de\/stuttgart\/2021\/06\/27\/auswirkungen-der-neuen-corona-verordnung-auf-den-landkreis-2\/","title":{"rendered":"Auswirkungen der neuen Corona-Verordnung auf den Landkreis"},"content":{"rendered":"<ul>\n<li style=\"text-align: justify;\"><strong>Der Landkreis B\u00f6blingen ist in Inzidenzstufe 1<\/strong><\/li>\n<li style=\"text-align: justify;\"><strong>Am Montag, 28. Juni, treten die neuen Regeln in Kraft<\/strong><\/li>\n<\/ul>\n<p style=\"text-align: justify;\">Kreis B\u00f6blingen.| Am Freitag, 25. Juni, hat die Landesregierung die neue Corona-Verordnung notverk\u00fcndet. Am Montag, 28. Juni, wird sie in Kraft treten. Neu sind nun insgesamt vier Inzidenzstufen im \u201eStufenplan f\u00fcr sichere \u00d6ffnungsschritte\u201c des Landes. Inzidenzstufe 1 meint eine Inzidenz unter 10. Die damit verbundenen Regelungen betreffen den Landkreis B\u00f6blingen, der schon seit 14. Juni konstant unter der Marke 10 ist (aktuell 7,1). Die entsprechende Allgemeinverf\u00fcgung, die diesen Umstand feststellt, wird heute verk\u00fcndet \u2013 die entsprechenden Regelungen der neuen Corona-Verordnung des Landes treten am Montag, 28. Juni, in Kraft.<\/p>\n<p style=\"text-align: justify;\">In der Inzidenzstufe 1 d\u00fcrfen im privaten Bereich 25 Personen zusammen kommen, egal aus wie vielen Haushalten. Private Feiern wie z.B. eine Hochzeit k\u00f6nnen mit max. 300 Personen stattfinden, in geschlossenen R\u00e4umen unter Beachtung der 3 Gs. In der Gastronomie sind die 3 Gs (Geimpft, Genesen oder Getestet) dagegen aufgehoben; hier sind lediglich noch ein Hygienekonzept und Datenverarbeitung erforderlich. Alle Regelungen hat das Land gut auf einen Blick aufbereitet in einem Stufenplan, der auch auf der Homepage des Landkreises verlinkt ist.<\/p>\n<p style=\"text-align: justify;\">Angesichts der auch im Landkreis B\u00f6blingen steigenden F\u00e4lle mit der Delta-Variante ist aber weiter Vorsicht geboten. \u201eEs ist weiterhin n\u00f6tig, dass wir uns \u2013 dort, wo es geboten ist, an die Maskenpflicht und die AHA-Regeln halten\u201c, mahnt Landrat Roland Bernhard. Und er appelliert, sich impfen zu lassen: \u201eWir gehen derzeit davon aus, dass die Impfzentren in den kommenden Wochen wieder mehr Impftermine anbieten k\u00f6nnen. Wer noch keinen Termin hat, sollte das nutzen\u201c.<\/p>\n<p style=\"text-align: justify;\">Derzeit konzentrieren sich die F\u00e4lle der Delta-Variante haupts\u00e4chlich auf den Leonberger Raum. Das Land hat den Kreisen vor wenigen Tagen Sonderkontingente des Impfstoffs Johnson&amp;Johnson zur Verf\u00fcgung gestellt mit der ausdr\u00fccklichen Bitte, diese gezielt dort einzusetzen, wo die Delta-Variante auftritt. Eine Impfaktion im Berufsschulzentrum Leonberg am kommenden Wochenende ist deshalb aktuell schon in der Vorbereitung.<\/p>\n<p style=\"text-align: justify;\">Und \u2013 noch eine Neuigkeit gibt es aktuell zu vermelden. Wegen der verheerenden Unwetter \u00fcber T\u00fcbingen in der vergangenen Woche hatte das Zentrale Impfzentrum (ZIZ) dort dringend Unterst\u00fctzung ben\u00f6tigt. Nachdem an den Tagen nach dem Unwetter bereits unb\u00fcrokratisch und schnell auch Impftermine durch das KIZ in Sindelfingen \u00fcbernommen worden waren, hat die Stadt Sindelfingen nun die Sommerhofenhalle f\u00fcr einen Impfbetrieb durch das ZIZ zur Verf\u00fcgung gestellt. Voraussichtlich f\u00fcr die n\u00e4chsten zwei bis drei Wochen wird das ZIZ nun auch in der Sommerhofenhalle in Sindelfingen Termine anbieten. Die Halle war schon f\u00fcr Impfaktionen genutzt worden und besitzt entsprechend die erforderliche Infrastruktur. \u201eF\u00fcr diesen gemeinsamen Kraftakt geb\u00fchrt allen Beteiligten ein dickes Dankesch\u00f6n, insbesondere der Stadt Sindelfingen\u201c, so Landrat Bernhard.<\/p>\n<hr \/>\n<p style=\"text-align: justify;\">\n","protected":false},"excerpt":{"rendered":"<p>Der Landkreis B\u00f6blingen ist in Inzidenzstufe 1 Am Montag, 28. Juni, treten die neuen Regeln in Kraft Kreis B\u00f6blingen.| Am Freitag, 25. Juni, hat die Landesregierung die neue Corona-Verordnung notverk\u00fcndet. Am Montag, 28. Juni, wird sie in Kraft treten. Neu sind nun insgesamt vier Inzidenzstufen im \u201eStufenplan f\u00fcr sichere \u00d6ffnungsschritte\u201c des Landes. Inzidenzstufe 1 meint [&hellip;]<\/p>\n","protected":false},"author":4,"featured_media":0,"comment_status":"closed","ping_status":"open","sticky":false,"template":"","format":"standard","meta":{"inline_featured_image":false,"_exactmetrics_skip_tracking":false,"_exactmetrics_sitenote_active":false,"_exactmetrics_sitenote_note":"","_exactmetrics_sitenote_category":0,"footnotes":""},"categories":[59,2246],"tags":[3061,16825,17073,14857,5,16838,16639,68,9],"class_list":{"0":"post-142734","1":"post","2":"type-post","3":"status-publish","4":"format-standard","6":"category-aktuell","7":"category-kreis-boeblingen","8":"tag-boblingen","9":"tag-corona-verordnung","10":"tag-delta-variante","11":"tag-die-webzeitung","12":"tag-internetzeitung","13":"tag-inzidenz","14":"tag-lockerung","15":"tag-online-zeitung","16":"tag-schaumedia"},"image_feature":null,"author_name":"Redaktion","pure_taxonomies":{"categories":[{"term_id":59,"name":"Aktuell","slug":"aktuell","term_group":0,"term_taxonomy_id":60,"taxonomy":"category","description":"","parent":0,"count":1018,"filter":"raw","image":""},{"term_id":2246,"name":"Kreis B\u00f6blingen","slug":"kreis-boeblingen","term_group":0,"term_taxonomy_id":2259,"taxonomy":"category","description":"","parent":171,"count":197,"filter":"raw","image":""}],"tags":[{"term_id":3061,"name":"B\u00f6blingen","slug":"boblingen","term_group":0,"term_taxonomy_id":3075,"taxonomy":"post_tag","description":"","parent":0,"count":260,"filter":"raw","image":""},{"term_id":16825,"name":"Corona-Verordnung","slug":"corona-verordnung","term_group":0,"term_taxonomy_id":16844,"taxonomy":"post_tag","description":"","parent":0,"count":5,"filter":"raw","image":""},{"term_id":17073,"name":"Delta-Variante","slug":"delta-variante","term_group":0,"term_taxonomy_id":17092,"taxonomy":"post_tag","description":"","parent":0,"count":1,"filter":"raw","image":""},{"term_id":14857,"name":"Die-Webzeitung","slug":"die-webzeitung","term_group":0,"term_taxonomy_id":14876,"taxonomy":"post_tag","description":"","parent":0,"count":3627,"filter":"raw","image":""},{"term_id":5,"name":"Internetzeitung","slug":"internetzeitung","term_group":0,"term_taxonomy_id":5,"taxonomy":"post_tag","description":"","parent":0,"count":1461,"filter":"raw","image":""},{"term_id":16838,"name":"Inzidenz","slug":"inzidenz","term_group":0,"term_taxonomy_id":16857,"taxonomy":"post_tag","description":"","parent":0,"count":19,"filter":"raw","image":""},{"term_id":16639,"name":"Lockerung","slug":"lockerung","term_group":0,"term_taxonomy_id":16658,"taxonomy":"post_tag","description":"","parent":0,"count":5,"filter":"raw","image":""},{"term_id":68,"name":"Online-Zeitung","slug":"online-zeitung","term_group":0,"term_taxonomy_id":69,"taxonomy":"post_tag","description":"","parent":0,"count":3597,"filter":"raw","image":""},{"term_id":9,"name":"SchauMedia","slug":"schaumedia","term_group":0,"term_taxonomy_id":9,"taxonomy":"post_tag","description":"","parent":0,"count":1607,"filter":"raw","image":""}]},"_links":{"self":[{"href":"https:\/\/die-webzeitung.de\/stuttgart\/wp-json\/wp\/v2\/posts\/142734","targetHints":{"allow":["GET"]}}],"collection":[{"href":"https:\/\/die-webzeitung.de\/stuttgart\/wp-json\/wp\/v2\/posts"}],"about":[{"href":"https:\/\/die-webzeitung.de\/stuttgart\/wp-json\/wp\/v2\/types\/post"}],"author":[{"embeddable":true,"href":"https:\/\/die-webzeitung.de\/stuttgart\/wp-json\/wp\/v2\/users\/4"}],"replies":[{"embeddable":true,"href":"https:\/\/die-webzeitung.de\/stuttgart\/wp-json\/wp\/v2\/comments?post=142734"}],"version-history":[{"count":1,"href":"https:\/\/die-webzeitung.de\/stuttgart\/wp-json\/wp\/v2\/posts\/142734\/revisions"}],"predecessor-version":[{"id":142735,"href":"https:\/\/die-webzeitung.de\/stuttgart\/wp-json\/wp\/v2\/posts\/142734\/revisions\/142735"}],"wp:attachment":[{"href":"https:\/\/die-webzeitung.de\/stuttgart\/wp-json\/wp\/v2\/media?parent=142734"}],"wp:term":[{"taxonomy":"category","embeddable":true,"href":"https:\/\/die-webzeitung.de\/stuttgart\/wp-json\/wp\/v2\/categories?post=142734"},{"taxonomy":"post_tag","embeddable":true,"href":"https:\/\/die-webzeitung.de\/stuttgart\/wp-json\/wp\/v2\/tags?post=142734"}],"curies":[{"name":"wp","href":"https:\/\/api.w.org\/{rel}","templated":true}]}}