{"id":142717,"date":"2021-06-26T15:39:23","date_gmt":"2021-06-26T14:39:23","guid":{"rendered":"https:\/\/die-webzeitung.de\/stuttgart\/2021\/06\/26\/neuer-hbf-vorstand-gewaehlt-2\/"},"modified":"2021-06-26T15:39:23","modified_gmt":"2021-06-26T14:39:23","slug":"neuer-hbf-vorstand-gewaehlt-2","status":"publish","type":"post","link":"https:\/\/die-webzeitung.de\/stuttgart\/2021\/06\/26\/neuer-hbf-vorstand-gewaehlt-2\/","title":{"rendered":"Neuer HBF-Vorstand gew\u00e4hlt"},"content":{"rendered":"<h5 style=\"text-align: justify;\"><strong>Andreas Thiel weiterhin Vorsitzender<\/strong><\/h5>\n<p style=\"text-align: justify;\">K\u00f6ln, 26. Juni 2021.| Die Vereinigung der Handball Bundesliga Frauen (HBV-F e.V.) hat am Samstag im Rahmen der j\u00e4hrlichen Mitgliederversammlung in K\u00f6ln einen neuen Vorstand bestimmt. In seinem Amt als Vorsitzender best\u00e4tigt wurde Andreas Thiel.<\/p>\n<p style=\"text-align: justify;\">Die Handball Bundesliga Frauen hat heute nach Ablauf der regul\u00e4ren Amtszeit von drei Jahren einen neuen Vorstand gew\u00e4hlt. Auf der Mitgliederversammlung in K\u00f6ln sprachen sich die Mitglieder mit gro\u00dfer Mehrheit f\u00fcr Andreas Thiel als Vorstandsvorsitzenden f\u00fcr die kommenden drei Jahre aus. Jens Genge von der HSG Blomberg-Lippe \u00fcbernimmt weiterhin die Stellvertretung der 1. Bundesliga. Neu in den Vorstand gew\u00e4hlt wurden Martin Lange vom SV Werder Bremen als Stellvertreter der 2. Bundesliga und Eva-Maria\u00a0 Federhenn vom 1. FSV Mainz 05 als Beisitzerin der 2. Bundesliga. Als Beisitzer der 1. Bundesliga komplettiert Ferenc Rott (TuS Metzingen) den neuen Vorstand.<\/p>\n<p style=\"text-align: justify;\">Zuvor sprach Andreas Thiel den bisherigen Vorstandsmitgliedern Andreas Zschiedrich, Karl-Heinz Els\u00e4\u00dfer und Anna Loerper seinen Dank f\u00fcr die geleistete Arbeit bei der Handball Bundesliga Frauen aus. Alle drei standen nicht f\u00fcr eine Wiederwahl zur Verf\u00fcgung. W\u00e4hrend Anna Loerper und Karl-Heinz Els\u00e4\u00dfer aus pers\u00f6nlichen Gr\u00fcnden verzichteten, konnte Andreas Zschiedrich aufgrund des Abstiegs vom HC R\u00f6dertal nicht mehr kandidieren.<\/p>\n<p style=\"text-align: justify;\">Neben den Vorstandswahlen wurden zudem die Mitglieder des Lizenzierungsausschusses in ihren \u00c4mtern best\u00e4tigt. Dieses Gremium besteht aus dem Fachanwalt Martin J\u00e4ger, Diplom-Kaufmann Axel Pick und HBF-Gesch\u00e4ftsf\u00fchrer Christoph Wendt.<\/p>\n<p>Als Kassenpr\u00fcfer wurden Sven Dubau (HL Buchholz 08-Rosengarten) und Ulrich Klein (TuS Lintfort) gew\u00e4hlt.<\/p>\n<hr \/>\n<p style=\"text-align: justify;\">\n","protected":false},"excerpt":{"rendered":"<p>Andreas Thiel weiterhin Vorsitzender K\u00f6ln, 26. Juni 2021.| Die Vereinigung der Handball Bundesliga Frauen (HBV-F e.V.) hat am Samstag im Rahmen der j\u00e4hrlichen Mitgliederversammlung in K\u00f6ln einen neuen Vorstand bestimmt. In seinem Amt als Vorsitzender best\u00e4tigt wurde Andreas Thiel. Die Handball Bundesliga Frauen hat heute nach Ablauf der regul\u00e4ren Amtszeit von drei Jahren einen neuen [&hellip;]<\/p>\n","protected":false},"author":4,"featured_media":142718,"comment_status":"closed","ping_status":"open","sticky":false,"template":"","format":"standard","meta":{"inline_featured_image":false,"_exactmetrics_skip_tracking":false,"_exactmetrics_sitenote_active":false,"_exactmetrics_sitenote_note":"","_exactmetrics_sitenote_category":0,"footnotes":""},"categories":[110],"tags":[131,14857,133,15779,5,68,9258],"class_list":{"0":"post-142717","1":"post","2":"type-post","3":"status-publish","4":"format-standard","5":"has-post-thumbnail","7":"category-sport","8":"tag-bundesliga","9":"tag-die-webzeitung","10":"tag-handball","11":"tag-hbf","12":"tag-internetzeitung","13":"tag-online-zeitung","14":"tag-vorstand"},"image_feature":"https:\/\/die-webzeitung.de\/stuttgart\/wp-content\/uploads\/sites\/4\/2021\/06\/HBF.jpg","author_name":"Redaktion","pure_taxonomies":{"categories":[{"term_id":110,"name":"Sport","slug":"sport","term_group":0,"term_taxonomy_id":112,"taxonomy":"category","description":"Sportberichte","parent":0,"count":1043,"filter":"raw","image":""}],"tags":[{"term_id":131,"name":"Bundesliga","slug":"bundesliga","term_group":0,"term_taxonomy_id":133,"taxonomy":"post_tag","description":"","parent":0,"count":699,"filter":"raw","image":""},{"term_id":14857,"name":"Die-Webzeitung","slug":"die-webzeitung","term_group":0,"term_taxonomy_id":14876,"taxonomy":"post_tag","description":"","parent":0,"count":3627,"filter":"raw","image":""},{"term_id":133,"name":"Handball","slug":"handball","term_group":0,"term_taxonomy_id":135,"taxonomy":"post_tag","description":"","parent":0,"count":387,"filter":"raw","image":""},{"term_id":15779,"name":"HBF","slug":"hbf","term_group":0,"term_taxonomy_id":15798,"taxonomy":"post_tag","description":"","parent":0,"count":4,"filter":"raw","image":""},{"term_id":5,"name":"Internetzeitung","slug":"internetzeitung","term_group":0,"term_taxonomy_id":5,"taxonomy":"post_tag","description":"","parent":0,"count":1461,"filter":"raw","image":""},{"term_id":68,"name":"Online-Zeitung","slug":"online-zeitung","term_group":0,"term_taxonomy_id":69,"taxonomy":"post_tag","description":"","parent":0,"count":3597,"filter":"raw","image":""},{"term_id":9258,"name":"Vorstand","slug":"vorstand","term_group":0,"term_taxonomy_id":9286,"taxonomy":"post_tag","description":"","parent":0,"count":8,"filter":"raw","image":""}]},"_links":{"self":[{"href":"https:\/\/die-webzeitung.de\/stuttgart\/wp-json\/wp\/v2\/posts\/142717","targetHints":{"allow":["GET"]}}],"collection":[{"href":"https:\/\/die-webzeitung.de\/stuttgart\/wp-json\/wp\/v2\/posts"}],"about":[{"href":"https:\/\/die-webzeitung.de\/stuttgart\/wp-json\/wp\/v2\/types\/post"}],"author":[{"embeddable":true,"href":"https:\/\/die-webzeitung.de\/stuttgart\/wp-json\/wp\/v2\/users\/4"}],"replies":[{"embeddable":true,"href":"https:\/\/die-webzeitung.de\/stuttgart\/wp-json\/wp\/v2\/comments?post=142717"}],"version-history":[{"count":0,"href":"https:\/\/die-webzeitung.de\/stuttgart\/wp-json\/wp\/v2\/posts\/142717\/revisions"}],"wp:featuredmedia":[{"embeddable":true,"href":"https:\/\/die-webzeitung.de\/stuttgart\/wp-json\/wp\/v2\/media\/142718"}],"wp:attachment":[{"href":"https:\/\/die-webzeitung.de\/stuttgart\/wp-json\/wp\/v2\/media?parent=142717"}],"wp:term":[{"taxonomy":"category","embeddable":true,"href":"https:\/\/die-webzeitung.de\/stuttgart\/wp-json\/wp\/v2\/categories?post=142717"},{"taxonomy":"post_tag","embeddable":true,"href":"https:\/\/die-webzeitung.de\/stuttgart\/wp-json\/wp\/v2\/tags?post=142717"}],"curies":[{"name":"wp","href":"https:\/\/api.w.org\/{rel}","templated":true}]}}