{"id":142705,"date":"2021-06-24T16:34:36","date_gmt":"2021-06-24T15:34:36","guid":{"rendered":"https:\/\/die-webzeitung.de\/stuttgart\/?p=142705"},"modified":"2021-06-24T16:34:36","modified_gmt":"2021-06-24T15:34:36","slug":"polizei-ueberwacht-aufenthaltsverbot-an-hotspots","status":"publish","type":"post","link":"https:\/\/die-webzeitung.de\/stuttgart\/2021\/06\/24\/polizei-ueberwacht-aufenthaltsverbot-an-hotspots\/","title":{"rendered":"Polizei \u00fcberwacht Aufenthaltsverbot an Hotspots \u00a0"},"content":{"rendered":"<p style=\"text-align: justify;\">Stuttgart .| Die Stuttgarter Polizei wird das von der Stadt Stuttgart verf\u00fcgte Aufenthaltsverbot ab Samstag (26.06.2021), 24.00 Uhr, f\u00fcr die Bereiche Feuersee und Marienplatz im Rahmen der bisherigen Kommunikations- und Pr\u00e4senzstrategie \u00fcberwachen. Dabei werden die Beamtinnen und Beamten der Sicherheitskonzeption Stuttgart neben dem Feuersee und dem Marienplatz aber auch an den weiteren Hotspots in der Innenstadt rund um den Schlossplatz oder am Killesberg und am Max-Eyth-See f\u00fcr die Aufrechterhaltung der Sicherheit und Ordnung pr\u00e4sent sein.<\/p>\n<p style=\"text-align: justify;\">Die Kommunikationsteams der Polizei berichten aus den vergangenen Wochenenden \u00fcber viele gute Gespr\u00e4che mit den jungen Menschen in der Stadt. Je weiter die Zeit in den N\u00e4chten fortschreitet und sich die Mischung des Publikums ver\u00e4ndert, desto mehr nehmen die Einsatzkr\u00e4fte aber aggressives, provozierendes und auch unkooperatives Verhalten von Teilen der jungen Stadtbesucher &#8211; h\u00e4ufig auch alkoholenthemmt &#8211; gegen die Ordnungskr\u00e4fte wahr. Die Polizei wird deshalb ihre Einsatzma\u00dfnahmen und ihre sichtbare Pr\u00e4senz im Raum, einhergehend mit den Aufenthaltsverboten gegen auffallende, uneinsichtige und provozierende Personengruppen nun weiter verst\u00e4rken.<\/p>\n<p style=\"text-align: justify;\">Dabei wird die Stuttgarter Polizei bei Straftaten und bei Gewalt gegen Personen und Sachen entschieden einschreiten. Dies gilt auch f\u00fcr ACAB-Rufe in Sprechch\u00f6ren (ACAB: All cops are bastards), die zur\u00fcckliegend gegen die Polizeibeamtinnen und Polizeibeamten angestimmt wurden.<\/p>\n<hr \/>\n<p style=\"text-align: justify;\">\n","protected":false},"excerpt":{"rendered":"<p>Stuttgart .| Die Stuttgarter Polizei wird das von der Stadt Stuttgart verf\u00fcgte Aufenthaltsverbot ab Samstag (26.06.2021), 24.00 Uhr, f\u00fcr die Bereiche Feuersee und Marienplatz im Rahmen der bisherigen Kommunikations- und Pr\u00e4senzstrategie \u00fcberwachen. Dabei werden die Beamtinnen und Beamten der Sicherheitskonzeption Stuttgart neben dem Feuersee und dem Marienplatz aber auch an den weiteren Hotspots in der [&hellip;]<\/p>\n","protected":false},"author":4,"featured_media":0,"comment_status":"closed","ping_status":"open","sticky":false,"template":"","format":"standard","meta":{"inline_featured_image":false,"_exactmetrics_skip_tracking":false,"_exactmetrics_sitenote_active":false,"_exactmetrics_sitenote_note":"","_exactmetrics_sitenote_category":0,"footnotes":""},"categories":[59,2239],"tags":[14857,11439,17069,5,5907,68,205,9,275],"class_list":{"0":"post-142705","1":"post","2":"type-post","3":"status-publish","4":"format-standard","6":"category-aktuell","7":"category-stuttgart-lokal","8":"tag-die-webzeitung","9":"tag-feuersee","10":"tag-hotspot","11":"tag-internetzeitung","12":"tag-marienplatz","13":"tag-online-zeitung","14":"tag-polizei","15":"tag-schaumedia","16":"tag-stuttgart"},"image_feature":null,"author_name":"Redaktion","pure_taxonomies":{"categories":[{"term_id":59,"name":"Aktuell","slug":"aktuell","term_group":0,"term_taxonomy_id":60,"taxonomy":"category","description":"","parent":0,"count":1018,"filter":"raw","image":""},{"term_id":2239,"name":"Stuttgart","slug":"stuttgart-lokal","term_group":0,"term_taxonomy_id":2252,"taxonomy":"category","description":"Berichte und Informationen aus Stuttgart","parent":1433,"count":942,"filter":"raw","image":""}],"tags":[{"term_id":14857,"name":"Die-Webzeitung","slug":"die-webzeitung","term_group":0,"term_taxonomy_id":14876,"taxonomy":"post_tag","description":"","parent":0,"count":3627,"filter":"raw","image":""},{"term_id":11439,"name":"Feuersee","slug":"feuersee","term_group":0,"term_taxonomy_id":11477,"taxonomy":"post_tag","description":"","parent":0,"count":1,"filter":"raw","image":""},{"term_id":17069,"name":"Hotspot","slug":"hotspot","term_group":0,"term_taxonomy_id":17088,"taxonomy":"post_tag","description":"","parent":0,"count":2,"filter":"raw","image":""},{"term_id":5,"name":"Internetzeitung","slug":"internetzeitung","term_group":0,"term_taxonomy_id":5,"taxonomy":"post_tag","description":"","parent":0,"count":1461,"filter":"raw","image":""},{"term_id":5907,"name":"Marienplatz","slug":"marienplatz","term_group":0,"term_taxonomy_id":5928,"taxonomy":"post_tag","description":"","parent":0,"count":1,"filter":"raw","image":""},{"term_id":68,"name":"Online-Zeitung","slug":"online-zeitung","term_group":0,"term_taxonomy_id":69,"taxonomy":"post_tag","description":"","parent":0,"count":3597,"filter":"raw","image":""},{"term_id":205,"name":"Polizei","slug":"polizei","term_group":0,"term_taxonomy_id":208,"taxonomy":"post_tag","description":"","parent":0,"count":277,"filter":"raw","image":""},{"term_id":9,"name":"SchauMedia","slug":"schaumedia","term_group":0,"term_taxonomy_id":9,"taxonomy":"post_tag","description":"","parent":0,"count":1607,"filter":"raw","image":""},{"term_id":275,"name":"Stuttgart","slug":"stuttgart","term_group":0,"term_taxonomy_id":281,"taxonomy":"post_tag","description":"","parent":0,"count":1195,"filter":"raw","image":""}]},"_links":{"self":[{"href":"https:\/\/die-webzeitung.de\/stuttgart\/wp-json\/wp\/v2\/posts\/142705","targetHints":{"allow":["GET"]}}],"collection":[{"href":"https:\/\/die-webzeitung.de\/stuttgart\/wp-json\/wp\/v2\/posts"}],"about":[{"href":"https:\/\/die-webzeitung.de\/stuttgart\/wp-json\/wp\/v2\/types\/post"}],"author":[{"embeddable":true,"href":"https:\/\/die-webzeitung.de\/stuttgart\/wp-json\/wp\/v2\/users\/4"}],"replies":[{"embeddable":true,"href":"https:\/\/die-webzeitung.de\/stuttgart\/wp-json\/wp\/v2\/comments?post=142705"}],"version-history":[{"count":1,"href":"https:\/\/die-webzeitung.de\/stuttgart\/wp-json\/wp\/v2\/posts\/142705\/revisions"}],"predecessor-version":[{"id":142706,"href":"https:\/\/die-webzeitung.de\/stuttgart\/wp-json\/wp\/v2\/posts\/142705\/revisions\/142706"}],"wp:attachment":[{"href":"https:\/\/die-webzeitung.de\/stuttgart\/wp-json\/wp\/v2\/media?parent=142705"}],"wp:term":[{"taxonomy":"category","embeddable":true,"href":"https:\/\/die-webzeitung.de\/stuttgart\/wp-json\/wp\/v2\/categories?post=142705"},{"taxonomy":"post_tag","embeddable":true,"href":"https:\/\/die-webzeitung.de\/stuttgart\/wp-json\/wp\/v2\/tags?post=142705"}],"curies":[{"name":"wp","href":"https:\/\/api.w.org\/{rel}","templated":true}]}}