{"id":142663,"date":"2021-06-21T15:23:04","date_gmt":"2021-06-21T14:23:04","guid":{"rendered":"https:\/\/die-webzeitung.de\/stuttgart\/?p=142663"},"modified":"2021-06-21T15:23:04","modified_gmt":"2021-06-21T14:23:04","slug":"kuemmerer-konzept-fuer-die-stadtteile-steht-in-den-startloechern","status":"publish","type":"post","link":"https:\/\/die-webzeitung.de\/stuttgart\/2021\/06\/21\/kuemmerer-konzept-fuer-die-stadtteile-steht-in-den-startloechern\/","title":{"rendered":"K\u00fcmmerer-Konzept f\u00fcr die Stadtteile steht in den Startl\u00f6chern"},"content":{"rendered":"<h5 style=\"text-align: justify;\"><strong>Tolle Hilfestellung f\u00fcr die Mitgliedsvereine<\/strong><\/h5>\n<p style=\"text-align: justify;\">S-Cannstatt (mueb).| Seit l\u00e4ngerer Zeit befassen sich die aktiven Stuttgarter und einige Mitgliedsvereine mit der Idee, einen K\u00fcmmerer in den Stadtteilen zu installieren. Der K\u00fcmmerer ist als wichtige Schnittstelle in erster Linie innerhalb der Handels- und Gewerbevereine zwischen den Vorst\u00e4nden und Mitgliedern, aber auch zu den aktiven Stuttgartern und der Wirtschaftsf\u00f6rderung gedacht. Nun endlich geht das lange geplante Konzept in die Umsetzungsphase, die sich beteiligenden Stadtteile haben k\u00fcnftig eine Person vor Ort, die die ehrenamtlichen Vorst\u00e4nde und die Vereinsarbeit mit pers\u00f6nlichem Engagement unterst\u00fctzt.<\/p>\n<p>\u201eWir suchen jetzt f\u00fcr die teilnehmenden Stadtteile Pers\u00f6nlichkeiten, die bereit sind, diese Position zu \u00fcbernehmen\u201c, freut sich Angelika Grupp \u00fcber das neu geschaffene Angebot f\u00fcr Ihre Mitgliedsvereine. In vielen Vorabgespr\u00e4chen wurden deren Bed\u00fcrfnisse und auch finanziellen M\u00f6glichkeiten ausgelotet sowie mit der Wirtschaftsf\u00f6rderung \u00fcber Unterst\u00fctzung f\u00fcr die K\u00fcmmerer gesprochen.<\/p>\n<p style=\"text-align: justify;\">\u201eUm vor Ort die Kommunikation untereinander zu st\u00e4rken und viele tolle Ideen umzusetzen braucht es eine Person, die mit viel Herzblut und im pers\u00f6nlichen Gespr\u00e4ch die Vermittlung der Vereinsarbeit, vieler Aktionen und Angebote sowohl innerhalb der Vereine als auch nach au\u00dfen f\u00fcr ihre Mitglieder \u00fcbernimmt\u201c, beschreibt Angelika Grupp den Aufgabenbereich des K\u00fcmmerers.<\/p>\n<p style=\"text-align: justify;\">\u201eIch sehe es als ein bezahltes Ehrenamt, da diese Person viel pers\u00f6nliches Engagement und Motivation f\u00fcr diese Aufgabe ben\u00f6tigt. Aber die Mitglieder in den Vereinen brauchen \u00a0deshalb umso mehr Hilfe, um ihr Angebot in Waren oder Dienstleistung an die Anwohner oder potenziellen Kunden zu bringen. Ideal w\u00e4re es daher, wenn der K\u00fcmmerer aus dem jeweiligen oder einem angrenzenden Stadtteil kommt, da durch bereits bestehende Kontakte oder Ortskenntnisse und dem Willen, f\u00fcr den eigenen Stadtteil etwas Gutes zu tun, es eher eine echte Aufgabe als nur ein Job ist\u201c, umrei\u00dft Grupp ihr Konzept.<\/p>\n<p style=\"text-align: justify;\">In der Pilotphase, die von Juli bis Dezember 2021 gehen wird, sind max. 4 K\u00fcmmerer geplant, die bei mehreren aneinandergrenzenden Stadtbezirken deren HGVs nebst Mitgliedern betreuen sollen. Sp\u00e4tere Ausweitung auf individuelle K\u00fcmmerer je HGV sind nach erfolgreichem Abschluss der Pilotphase durchaus angedacht.<\/p>\n<p>Die aktiven Stuttgarter haben sich zur Aufgabe gemacht, \u00e4hnlich dem City-Manager f\u00fcr das Zentrum von Stuttgart, auch f\u00fcr die Stadtteile mehr personelle Unterst\u00fctzung zu schaffen. Die K\u00fcmmerer sollen den ehrenamtlich arbeitenden Vorst\u00e4nden der Handels- und Gewerbevereine zur Seite stehen, deren Vorstellungen umsetzen sowie Aktionen und weitere Vereinsaufgaben abnehmen.<\/p>\n<p>Wer mehr \u00fcber die Aufgaben und Einsatzm\u00f6glichkeiten des K\u00fcmmerers (m\/w\/d) wissen m\u00f6chte oder Interesse daran hat, diese Aufgabe zu \u00fcbernehmen, darf sich gerne an die aktiven Stuttgarter, Angelika Grupp, wenden.<\/p>\n<hr \/>\n<p style=\"text-align: justify;\">\n","protected":false},"excerpt":{"rendered":"<p>Tolle Hilfestellung f\u00fcr die Mitgliedsvereine S-Cannstatt (mueb).| Seit l\u00e4ngerer Zeit befassen sich die aktiven Stuttgarter und einige Mitgliedsvereine mit der Idee, einen K\u00fcmmerer in den Stadtteilen zu installieren. Der K\u00fcmmerer ist als wichtige Schnittstelle in erster Linie innerhalb der Handels- und Gewerbevereine zwischen den Vorst\u00e4nden und Mitgliedern, aber auch zu den aktiven Stuttgartern und der [&hellip;]<\/p>\n","protected":false},"author":4,"featured_media":0,"comment_status":"closed","ping_status":"open","sticky":false,"template":"","format":"standard","meta":{"inline_featured_image":false,"_exactmetrics_skip_tracking":false,"_exactmetrics_sitenote_active":false,"_exactmetrics_sitenote_note":"","_exactmetrics_sitenote_category":0,"footnotes":""},"categories":[2239],"tags":[14759,14857,5,68,9,275,11867],"class_list":{"0":"post-142663","1":"post","2":"type-post","3":"status-publish","4":"format-standard","6":"category-stuttgart-lokal","7":"tag-aktive","8":"tag-die-webzeitung","9":"tag-internetzeitung","10":"tag-online-zeitung","11":"tag-schaumedia","12":"tag-stuttgart","13":"tag-stuttgarter"},"image_feature":null,"author_name":"Redaktion","pure_taxonomies":{"categories":[{"term_id":2239,"name":"Stuttgart","slug":"stuttgart-lokal","term_group":0,"term_taxonomy_id":2252,"taxonomy":"category","description":"Berichte und Informationen aus Stuttgart","parent":1433,"count":942,"filter":"raw","image":""}],"tags":[{"term_id":14759,"name":"aktive","slug":"aktive","term_group":0,"term_taxonomy_id":14778,"taxonomy":"post_tag","description":"","parent":0,"count":3,"filter":"raw","image":""},{"term_id":14857,"name":"Die-Webzeitung","slug":"die-webzeitung","term_group":0,"term_taxonomy_id":14876,"taxonomy":"post_tag","description":"","parent":0,"count":3627,"filter":"raw","image":""},{"term_id":5,"name":"Internetzeitung","slug":"internetzeitung","term_group":0,"term_taxonomy_id":5,"taxonomy":"post_tag","description":"","parent":0,"count":1461,"filter":"raw","image":""},{"term_id":68,"name":"Online-Zeitung","slug":"online-zeitung","term_group":0,"term_taxonomy_id":69,"taxonomy":"post_tag","description":"","parent":0,"count":3597,"filter":"raw","image":""},{"term_id":9,"name":"SchauMedia","slug":"schaumedia","term_group":0,"term_taxonomy_id":9,"taxonomy":"post_tag","description":"","parent":0,"count":1607,"filter":"raw","image":""},{"term_id":275,"name":"Stuttgart","slug":"stuttgart","term_group":0,"term_taxonomy_id":281,"taxonomy":"post_tag","description":"","parent":0,"count":1195,"filter":"raw","image":""},{"term_id":11867,"name":"Stuttgarter","slug":"stuttgarter","term_group":0,"term_taxonomy_id":11905,"taxonomy":"post_tag","description":"","parent":0,"count":3,"filter":"raw","image":""}]},"_links":{"self":[{"href":"https:\/\/die-webzeitung.de\/stuttgart\/wp-json\/wp\/v2\/posts\/142663","targetHints":{"allow":["GET"]}}],"collection":[{"href":"https:\/\/die-webzeitung.de\/stuttgart\/wp-json\/wp\/v2\/posts"}],"about":[{"href":"https:\/\/die-webzeitung.de\/stuttgart\/wp-json\/wp\/v2\/types\/post"}],"author":[{"embeddable":true,"href":"https:\/\/die-webzeitung.de\/stuttgart\/wp-json\/wp\/v2\/users\/4"}],"replies":[{"embeddable":true,"href":"https:\/\/die-webzeitung.de\/stuttgart\/wp-json\/wp\/v2\/comments?post=142663"}],"version-history":[{"count":1,"href":"https:\/\/die-webzeitung.de\/stuttgart\/wp-json\/wp\/v2\/posts\/142663\/revisions"}],"predecessor-version":[{"id":142664,"href":"https:\/\/die-webzeitung.de\/stuttgart\/wp-json\/wp\/v2\/posts\/142663\/revisions\/142664"}],"wp:attachment":[{"href":"https:\/\/die-webzeitung.de\/stuttgart\/wp-json\/wp\/v2\/media?parent=142663"}],"wp:term":[{"taxonomy":"category","embeddable":true,"href":"https:\/\/die-webzeitung.de\/stuttgart\/wp-json\/wp\/v2\/categories?post=142663"},{"taxonomy":"post_tag","embeddable":true,"href":"https:\/\/die-webzeitung.de\/stuttgart\/wp-json\/wp\/v2\/tags?post=142663"}],"curies":[{"name":"wp","href":"https:\/\/api.w.org\/{rel}","templated":true}]}}