{"id":142653,"date":"2021-06-21T14:59:46","date_gmt":"2021-06-21T13:59:46","guid":{"rendered":"https:\/\/die-webzeitung.de\/stuttgart\/?p=142653"},"modified":"2021-06-21T14:59:46","modified_gmt":"2021-06-21T13:59:46","slug":"stuttgart-reds-sichern-sich-platz-3-und-sind-in-den-playoffs","status":"publish","type":"post","link":"https:\/\/die-webzeitung.de\/stuttgart\/2021\/06\/21\/stuttgart-reds-sichern-sich-platz-3-und-sind-in-den-playoffs\/","title":{"rendered":"Stuttgart Reds sichern sich Platz 3 und sind in den Playoffs"},"content":{"rendered":"<p style=\"text-align: justify;\"><img loading=\"lazy\" decoding=\"async\" class=\"alignleft size-thumbnail wp-image-141811\" src=\"https:\/\/die-webzeitung.de\/stuttgart\/wp-content\/uploads\/sites\/4\/2021\/04\/Reds-Logo-small.jpg\" alt=\"\" width=\"150\" height=\"150\" \/>Stuttgart.| Die Stuttgart Reds haben am Wochenende eines der gro\u00dfen Saisonziele erreicht. Gegen den direkten Konkurrenten um die Playoff-Pl\u00e4tze, die Mannheim Tornados, fuhren die TVC Baseballer zwei \u00fcberzeugende Siege ein. Spiel eins des Doppelspieltages ging mit 12:7 an die Reds, Spiel zwei fiel mit 19:3 noch deutlicher aus. Damit sicherten sich die Reds erstmals nach jahrelanger Durststrecke nicht nur die Teilnahme an den Bundesliga-Playoffs, sondern auch Platz drei in der Bundesliga S\u00fcd &#8211; und das bereits vor dem letzten Spieltag der regul\u00e4ren Saison.<\/p>\n<p style=\"text-align: justify;\">Dabei war es in den vergangenen Wochen nochmals spannend geworden um die beiden verbleibenden Playoff-Pl\u00e4tze im S\u00fcden. Die Stuttgarter Baseballer mussten im schlechtesten Fall sogar noch um die Playoff -Teilnahme f\u00fcrchten, nachdem sie \u00fcber die gesamte Saison oben in der Tabelle mitmischten, weil die Konkurrenz aus M\u00fcnchen und Mannheim n\u00e4her gekommen war.<\/p>\n<p style=\"text-align: justify;\">Entsprechend war durchaus Druck sp\u00fcrbar vor den beiden Ausw\u00e4rtspartien des Doppelspieltages in Mannheim, denn Mannheim entwickelte sich in den letzten Jahren nach schmerzlichen Niederlagen zum Angstgegner der Reds.<\/p>\n<p style=\"text-align: justify;\">Doch die Reds zeigten sich unbeeindruckt beim Gastspiel in der Kurpfalz und nahmen das Heft in die Hand. Fridolin Fink markierte den ersten Punkt f\u00fcr die Reds im dritten Spielabschnitt auf den Base Hit von Danilo Weber, ein Double von Kruno Gojkovic sowie ein Fehler der Mannheimer Defensive brachten die Punkte 2 und 3.<\/p>\n<p style=\"text-align: justify;\">W\u00e4hrend Starting Pitcher Marcel Giraud die Mannheimer Offensive gut im Griff hatte bauten die Reds ihre F\u00fchrung aus. Auf Elias Macias Schlag ins Centerfield erliefen Fink und William Germain zwei weitere Punkte f\u00fcr die Reds zum 5:0.<\/p>\n<p style=\"text-align: justify;\">Die Tornados verk\u00fcrzten durch einen Home Run auf 5:1, doch die Reds Verteidigung lie\u00df sich nicht aus der Ruhe bringen und hielt die Mannheimer Schlagleute kurz. Im siebten und achten Inning gelang den G\u00e4sten die Vorentscheidung, Highlight hierbei war ein Home Run von Moritz van Bergen, auf den auch Daniel Zeller und Toni Horvatic punkteten. Beim Zwischenstand von 12:1 f\u00fcr die Roten erschien der erste Sieg des Tages zum greifen nahe, doch kurz vor Schluss begannen die Reds zu wackeln.<\/p>\n<p style=\"text-align: justify;\">Im achten und neunten Schlagdurchgang kam Mannheim auf 12:7 heran. Langj\u00e4hrigen Fans kamen ungute Erinnerungen ins Ged\u00e4chtnis, als Stuttgart gegen Mannheim bereits sicher geglaubte Siege kurz vor Schluss aus der Hand gab. Doch die Reds Defense behielt am Ende die Nerven und erreichte das letzte Aus durch Toni Horvatic zum wichtigen ersten Sieg.<\/p>\n<p style=\"text-align: justify;\">Mit R\u00fcckenwind durch diesen Sieg im ersten Spiel war Spiel zwei f\u00fcr die Reds eine klare Angelegenheit. Ein Offensivfeuerwerk mit 17 Base Hits und 19 Runs sowie einer fehlerfreien Defensive um Starting Pitcher Dustin Ward,\u00a0 waren die Zutaten f\u00fcr den deutlichen 19:3 Sieg. Home Runs durch Danilo Weber und Daniel Zeller waren die Highlights der starken Offensive, zu der fast die gesamte Mannschaft beitragen konnte. William Germain, Weber und Zeller waren zudem die st\u00e4rksten Schlagleute des Spiel, sie steuerten\u00a0 alleine 10 der 17 Basehits bei. Dustin Ward zeigte eine starke Leistung, absolvierte das gesamte Spiel auf dem Werferh\u00fcgel und lie\u00df dabei nur drei Runs zu.<\/p>\n<p style=\"text-align: justify;\">Zum Abschluss der regul\u00e4ren Saison freuen sich die Reds auf einen weiteren Top Gegner im heimischen TVC Ballpark. Die Legion\u00e4re aus Regensburg, Tabellenzweiter im S\u00fcden, sind sicherlich ein idealer Ma\u00dfstab f\u00fcr die danach anstehenden Playoff-Aufgaben gegen die Teams aus der Bundesliga Nord. Spielbeginn von Spiel eins ist am Freitag, 25.6. um 19 Uhr, Spiel zwei startet am Samstag, 26.6. um 14 Uhr im TVC Ballpark auf dem Stuttgarter Schnarrenberg. Die Reds freuen sich, wieder Zuschauer im Ballpark begr\u00fc\u00dfen zu d\u00fcrfen.<\/p>\n<hr \/>\n<p style=\"text-align: justify;\">\n","protected":false},"excerpt":{"rendered":"<p>Stuttgart.| Die Stuttgart Reds haben am Wochenende eines der gro\u00dfen Saisonziele erreicht. Gegen den direkten Konkurrenten um die Playoff-Pl\u00e4tze, die Mannheim Tornados, fuhren die TVC Baseballer zwei \u00fcberzeugende Siege ein. Spiel eins des Doppelspieltages ging mit 12:7 an die Reds, Spiel zwei fiel mit 19:3 noch deutlicher aus. Damit sicherten sich die Reds erstmals nach [&hellip;]<\/p>\n","protected":false},"author":4,"featured_media":142654,"comment_status":"closed","ping_status":"open","sticky":false,"template":"","format":"standard","meta":{"inline_featured_image":false,"_exactmetrics_skip_tracking":false,"_exactmetrics_sitenote_active":false,"_exactmetrics_sitenote_note":"","_exactmetrics_sitenote_category":0,"footnotes":""},"categories":[110],"tags":[2760,131,14857,5,68,6908,9,8275],"class_list":{"0":"post-142653","1":"post","2":"type-post","3":"status-publish","4":"format-standard","5":"has-post-thumbnail","7":"category-sport","8":"tag-baseball","9":"tag-bundesliga","10":"tag-die-webzeitung","11":"tag-internetzeitung","12":"tag-online-zeitung","13":"tag-reds","14":"tag-schaumedia","15":"tag-tv-cannstatt"},"image_feature":"https:\/\/die-webzeitung.de\/stuttgart\/wp-content\/uploads\/sites\/4\/2021\/06\/210621.jpg","author_name":"Redaktion","pure_taxonomies":{"categories":[{"term_id":110,"name":"Sport","slug":"sport","term_group":0,"term_taxonomy_id":112,"taxonomy":"category","description":"Sportberichte","parent":0,"count":1043,"filter":"raw","image":""}],"tags":[{"term_id":2760,"name":"Baseball","slug":"baseball","term_group":0,"term_taxonomy_id":2774,"taxonomy":"post_tag","description":"","parent":0,"count":126,"filter":"raw","image":""},{"term_id":131,"name":"Bundesliga","slug":"bundesliga","term_group":0,"term_taxonomy_id":133,"taxonomy":"post_tag","description":"","parent":0,"count":699,"filter":"raw","image":""},{"term_id":14857,"name":"Die-Webzeitung","slug":"die-webzeitung","term_group":0,"term_taxonomy_id":14876,"taxonomy":"post_tag","description":"","parent":0,"count":3627,"filter":"raw","image":""},{"term_id":5,"name":"Internetzeitung","slug":"internetzeitung","term_group":0,"term_taxonomy_id":5,"taxonomy":"post_tag","description":"","parent":0,"count":1461,"filter":"raw","image":""},{"term_id":68,"name":"Online-Zeitung","slug":"online-zeitung","term_group":0,"term_taxonomy_id":69,"taxonomy":"post_tag","description":"","parent":0,"count":3597,"filter":"raw","image":""},{"term_id":6908,"name":"Reds","slug":"reds","term_group":0,"term_taxonomy_id":6930,"taxonomy":"post_tag","description":"","parent":0,"count":127,"filter":"raw","image":""},{"term_id":9,"name":"SchauMedia","slug":"schaumedia","term_group":0,"term_taxonomy_id":9,"taxonomy":"post_tag","description":"","parent":0,"count":1607,"filter":"raw","image":""},{"term_id":8275,"name":"TV Cannstatt","slug":"tv-cannstatt","term_group":0,"term_taxonomy_id":8298,"taxonomy":"post_tag","description":"","parent":0,"count":124,"filter":"raw","image":""}]},"_links":{"self":[{"href":"https:\/\/die-webzeitung.de\/stuttgart\/wp-json\/wp\/v2\/posts\/142653","targetHints":{"allow":["GET"]}}],"collection":[{"href":"https:\/\/die-webzeitung.de\/stuttgart\/wp-json\/wp\/v2\/posts"}],"about":[{"href":"https:\/\/die-webzeitung.de\/stuttgart\/wp-json\/wp\/v2\/types\/post"}],"author":[{"embeddable":true,"href":"https:\/\/die-webzeitung.de\/stuttgart\/wp-json\/wp\/v2\/users\/4"}],"replies":[{"embeddable":true,"href":"https:\/\/die-webzeitung.de\/stuttgart\/wp-json\/wp\/v2\/comments?post=142653"}],"version-history":[{"count":1,"href":"https:\/\/die-webzeitung.de\/stuttgart\/wp-json\/wp\/v2\/posts\/142653\/revisions"}],"predecessor-version":[{"id":142655,"href":"https:\/\/die-webzeitung.de\/stuttgart\/wp-json\/wp\/v2\/posts\/142653\/revisions\/142655"}],"wp:featuredmedia":[{"embeddable":true,"href":"https:\/\/die-webzeitung.de\/stuttgart\/wp-json\/wp\/v2\/media\/142654"}],"wp:attachment":[{"href":"https:\/\/die-webzeitung.de\/stuttgart\/wp-json\/wp\/v2\/media?parent=142653"}],"wp:term":[{"taxonomy":"category","embeddable":true,"href":"https:\/\/die-webzeitung.de\/stuttgart\/wp-json\/wp\/v2\/categories?post=142653"},{"taxonomy":"post_tag","embeddable":true,"href":"https:\/\/die-webzeitung.de\/stuttgart\/wp-json\/wp\/v2\/tags?post=142653"}],"curies":[{"name":"wp","href":"https:\/\/api.w.org\/{rel}","templated":true}]}}