{"id":142615,"date":"2021-06-18T16:11:41","date_gmt":"2021-06-18T15:11:41","guid":{"rendered":"https:\/\/die-webzeitung.de\/stuttgart\/?p=142615"},"modified":"2021-06-18T16:11:41","modified_gmt":"2021-06-18T15:11:41","slug":"startschuss-fuer-praeventive-videoueberwachung-faellt","status":"publish","type":"post","link":"https:\/\/die-webzeitung.de\/stuttgart\/2021\/06\/18\/startschuss-fuer-praeventive-videoueberwachung-faellt\/","title":{"rendered":"Startschuss f\u00fcr pr\u00e4ventive Video\u00fcberwachung f\u00e4llt"},"content":{"rendered":"<h5 style=\"text-align: justify;\"><strong>Kameras gehen in Betrieb<\/strong><\/h5>\n<p style=\"text-align: justify;\">Stuttgart.| Nach der sogenannten Krawallnacht am Samstag\/Sonntag, 20.\/21. Juni 2020 vereinbarten das Ministerium des Inneren, f\u00fcr Digitalisierung und Kommunen Baden-W\u00fcrttemberg und die Landeshauptstadt Stuttgart eine Sicherheitspartnerschaft. In einem 10-Punkte-Plan wurde unter anderem auch die Pr\u00fcfung der Einrichtung einer Video\u00fcberwachung mit aufgenommen.<\/p>\n<p style=\"text-align: justify;\">Nach intensiver Planung und Vorbereitung werden am Samstagabend (19.06.2021) in einem ersten Schritt an drei Standorten rund um das Neue Schloss die Kameras f\u00fcr eine offene, polizeirechtliche Video\u00fcberwachung in Betrieb genommen. Die Kameras erfassen Teilbereiche des Oberen Schlossgartens und des Schlossplatzes. Hinweisschilder informieren Passantinnen und Passanten in den relevanten Bereichen \u00fcber den Einsatz der Video\u00fcberwachung.<\/p>\n<p style=\"text-align: justify;\">Der Einsatz der Videokameras beschr\u00e4nkt sich auf die Zeiten, in denen zur\u00fcckliegend eine H\u00e4ufung von Straftaten festzustellen war. Die Video\u00fcberwachung ist nur in den N\u00e4chten von Freitag auf Samstag, von Samstag auf Sonntag sowie vor Feiertagen in der Zeit zwischen 20.00 Uhr und 6.00 Uhr in Betrieb. Bei Versammlungen im Video\u00fcberwachungsbereich bleibt die Anlage grunds\u00e4tzlich deaktiviert. Besonders schutzw\u00fcrdige Bereiche, wie beispielsweise private und gewerbliche Fl\u00e4chen, werden von der \u00dcberwachung ausgenommen. Die Ma\u00dfnahme verfolgt in erster Linie pr\u00e4ventive Ziele. Straftaten sollen gar nicht erst begangen oder bereits bei der Entstehung entdeckt werden, so dass von polizeilicher Seite ein schnelles Eingreifen gew\u00e4hrleistet werden kann. Das Sicherheitsgef\u00fchl der B\u00fcrgerinnen und B\u00fcrger soll hierdurch an lokalen Brennpunktbereichen erh\u00f6ht werden.<\/p>\n<p style=\"text-align: justify;\">Die aktuelle Video\u00fcberwachungsanlage stellt einen ersten Ansatz dar, um dort ab sofort noch besser auf St\u00f6rungen und problematische Entwicklungen in der Stuttgarter Innenstadt reagieren zu k\u00f6nnen. In Zukunft soll gegebenenfalls eine st\u00e4dtische Video\u00fcberwachung im Innenstadtbereich realisiert werden, welche sich allerdings noch in der Planungsphase befindet. Die technische Machbarkeitsstudie zur Video\u00fcberwachung die aus dem 10-Punkte-Plan resultiert, sieht eine mehrstufige Erweiterung der Video\u00fcberwachung f\u00fcr den Oberen Schlossgarten, den Schlossplatz, den Kleinen Schlossplatz sowie die Klett-Passage vor. F\u00fcr alle genannten Bereiche ist die rechtliche Pr\u00fcfung f\u00fcr die Voraussetzungen einer Video\u00fcberwachung bereits erfolgt.<\/p>\n<hr \/>\n<p style=\"text-align: justify;\">\n","protected":false},"excerpt":{"rendered":"<p>Kameras gehen in Betrieb Stuttgart.| Nach der sogenannten Krawallnacht am Samstag\/Sonntag, 20.\/21. Juni 2020 vereinbarten das Ministerium des Inneren, f\u00fcr Digitalisierung und Kommunen Baden-W\u00fcrttemberg und die Landeshauptstadt Stuttgart eine Sicherheitspartnerschaft. In einem 10-Punkte-Plan wurde unter anderem auch die Pr\u00fcfung der Einrichtung einer Video\u00fcberwachung mit aufgenommen. Nach intensiver Planung und Vorbereitung werden am Samstagabend (19.06.2021) in [&hellip;]<\/p>\n","protected":false},"author":4,"featured_media":142616,"comment_status":"closed","ping_status":"open","sticky":false,"template":"","format":"standard","meta":{"inline_featured_image":false,"_exactmetrics_skip_tracking":false,"_exactmetrics_sitenote_active":false,"_exactmetrics_sitenote_note":"","_exactmetrics_sitenote_category":0,"footnotes":""},"categories":[59,2239],"tags":[14857,5,17054,68,9,17055,1561,275,17053],"class_list":{"0":"post-142615","1":"post","2":"type-post","3":"status-publish","4":"format-standard","5":"has-post-thumbnail","7":"category-aktuell","8":"category-stuttgart-lokal","9":"tag-die-webzeitung","10":"tag-internetzeitung","11":"tag-krawall","12":"tag-online-zeitung","13":"tag-schaumedia","14":"tag-schlaegerei","15":"tag-schutz","16":"tag-stuttgart","17":"tag-videoueberwachung"},"image_feature":"https:\/\/die-webzeitung.de\/stuttgart\/wp-content\/uploads\/sites\/4\/2021\/06\/U\u0308berwachung.jpg","author_name":"Redaktion","pure_taxonomies":{"categories":[{"term_id":59,"name":"Aktuell","slug":"aktuell","term_group":0,"term_taxonomy_id":60,"taxonomy":"category","description":"","parent":0,"count":1018,"filter":"raw","image":""},{"term_id":2239,"name":"Stuttgart","slug":"stuttgart-lokal","term_group":0,"term_taxonomy_id":2252,"taxonomy":"category","description":"Berichte und Informationen aus Stuttgart","parent":1433,"count":942,"filter":"raw","image":""}],"tags":[{"term_id":14857,"name":"Die-Webzeitung","slug":"die-webzeitung","term_group":0,"term_taxonomy_id":14876,"taxonomy":"post_tag","description":"","parent":0,"count":3627,"filter":"raw","image":""},{"term_id":5,"name":"Internetzeitung","slug":"internetzeitung","term_group":0,"term_taxonomy_id":5,"taxonomy":"post_tag","description":"","parent":0,"count":1461,"filter":"raw","image":""},{"term_id":17054,"name":"Krawall","slug":"krawall","term_group":0,"term_taxonomy_id":17073,"taxonomy":"post_tag","description":"","parent":0,"count":1,"filter":"raw","image":""},{"term_id":68,"name":"Online-Zeitung","slug":"online-zeitung","term_group":0,"term_taxonomy_id":69,"taxonomy":"post_tag","description":"","parent":0,"count":3597,"filter":"raw","image":""},{"term_id":9,"name":"SchauMedia","slug":"schaumedia","term_group":0,"term_taxonomy_id":9,"taxonomy":"post_tag","description":"","parent":0,"count":1607,"filter":"raw","image":""},{"term_id":17055,"name":"Schl\u00e4gerei","slug":"schlaegerei","term_group":0,"term_taxonomy_id":17074,"taxonomy":"post_tag","description":"","parent":0,"count":1,"filter":"raw","image":""},{"term_id":1561,"name":"Schutz","slug":"schutz","term_group":0,"term_taxonomy_id":1570,"taxonomy":"post_tag","description":"","parent":0,"count":11,"filter":"raw","image":""},{"term_id":275,"name":"Stuttgart","slug":"stuttgart","term_group":0,"term_taxonomy_id":281,"taxonomy":"post_tag","description":"","parent":0,"count":1195,"filter":"raw","image":""},{"term_id":17053,"name":"Video\u00fcberwachung","slug":"videoueberwachung","term_group":0,"term_taxonomy_id":17072,"taxonomy":"post_tag","description":"","parent":0,"count":1,"filter":"raw","image":""}]},"_links":{"self":[{"href":"https:\/\/die-webzeitung.de\/stuttgart\/wp-json\/wp\/v2\/posts\/142615","targetHints":{"allow":["GET"]}}],"collection":[{"href":"https:\/\/die-webzeitung.de\/stuttgart\/wp-json\/wp\/v2\/posts"}],"about":[{"href":"https:\/\/die-webzeitung.de\/stuttgart\/wp-json\/wp\/v2\/types\/post"}],"author":[{"embeddable":true,"href":"https:\/\/die-webzeitung.de\/stuttgart\/wp-json\/wp\/v2\/users\/4"}],"replies":[{"embeddable":true,"href":"https:\/\/die-webzeitung.de\/stuttgart\/wp-json\/wp\/v2\/comments?post=142615"}],"version-history":[{"count":1,"href":"https:\/\/die-webzeitung.de\/stuttgart\/wp-json\/wp\/v2\/posts\/142615\/revisions"}],"predecessor-version":[{"id":142617,"href":"https:\/\/die-webzeitung.de\/stuttgart\/wp-json\/wp\/v2\/posts\/142615\/revisions\/142617"}],"wp:featuredmedia":[{"embeddable":true,"href":"https:\/\/die-webzeitung.de\/stuttgart\/wp-json\/wp\/v2\/media\/142616"}],"wp:attachment":[{"href":"https:\/\/die-webzeitung.de\/stuttgart\/wp-json\/wp\/v2\/media?parent=142615"}],"wp:term":[{"taxonomy":"category","embeddable":true,"href":"https:\/\/die-webzeitung.de\/stuttgart\/wp-json\/wp\/v2\/categories?post=142615"},{"taxonomy":"post_tag","embeddable":true,"href":"https:\/\/die-webzeitung.de\/stuttgart\/wp-json\/wp\/v2\/tags?post=142615"}],"curies":[{"name":"wp","href":"https:\/\/api.w.org\/{rel}","templated":true}]}}