{"id":142558,"date":"2021-06-13T14:37:17","date_gmt":"2021-06-13T13:37:17","guid":{"rendered":"https:\/\/die-webzeitung.de\/stuttgart\/2021\/06\/13\/160317\/"},"modified":"2021-06-14T13:39:53","modified_gmt":"2021-06-14T12:39:53","slug":"160317","status":"publish","type":"post","link":"https:\/\/die-webzeitung.de\/stuttgart\/2021\/06\/13\/160317\/","title":{"rendered":"\u201e24 Heures Motos\u201c in Le Mans"},"content":{"rendered":"<h5 style=\"text-align: justify;\"><strong>BMW Motorrad World Endurance Team f\u00e4hrt mit grandioser Aufholjagd auf das Podium der \u201e24 Heures Motos\u201c in Le Mans<\/strong><\/h5>\n<p style=\"text-align: justify;\">Le Mans.| Das BMW Motorrad World Endurance Team ist mit einer Podiumsplatzierung in die Saison 2021 der FIM Endurance World Championship (FIM EWC) gestartet. Bei den \u201e24 Heures Motos\u201c in Le Mans (FRA) sicherten sich Markus Reiterberger (GER), Ilya Mikhalchik (UKR) und Xavi For\u00e9s (ESP) auf der neuen #37 BMW M 1000 RR mit einer grandiosen Aufholjagd den dritten Rang.<\/p>\n<p style=\"text-align: justify;\">Bereits in der Qualifikation hatte das Team um Werner Daemen den dritten Platz belegt. Als der Langstreckenklassiker am Samstag um 12.00 Uhr (MESZ) begann, gelang Reiterberger ein perfekter Start: Er \u00fcbernahm sofort die F\u00fchrung. Doch bereits kurz darauf musste das BMW Motorrad World Endurance Team einen R\u00fcckschlag hinnehmen. Ein Problem mit dem Kraftstoffsystem f\u00fchrte zu mehreren ungeplanten Boxenstopps. Das Team fiel mit vielen Runden R\u00fcckstand auf den scheinbar aussichtslosen 43. Rang zur\u00fcck.<\/p>\n<p style=\"text-align: justify;\">Aber das Team bewies seinen gro\u00dfartigen Kampfgeist, und die drei Fahrer \u00fcberzeugten mit einer begeisternden Performance auf der M RR. Mit sehr schnellen Rundenzeiten arbeiteten sie sich Position um Position wieder nach vorn. Zur Rennhalbzeit um Mitternacht lag die #37 bereits schon wieder auf dem f\u00fcnften Platz, kurz darauf \u00fcbernahm Mikhalchik Position vier. Am Sonntagmorgen lag das BMW Motorrad World Endurance Team dann auf Rang drei und nahm damit endg\u00fcltig Kurs auf das Podium. So blieb es \u00fcber die gesamte verbleibende Renndistanz, und nach 24 Stunden brachte For\u00e9s die #37 BMW M 1000 RR auf dem dritten Platz ins Ziel.<\/p>\n<p style=\"text-align: justify;\">Die beiden privaten BMW Motorrad Motorsport Teams, das Team LRP Poland (#90 BMW S 1000 RR) und das Team Univers Racing\/AC Racing (#23 BMW S 1000 RR) schieden vorzeitig aus.<\/p>\n<p style=\"text-align: justify;\">Die zweite Runde der FIM Endurance World Championship 2021, das 12-Stunden-Rennen in Estoril (POR), wird am 17. Juli ausgetragen.<\/p>\n<p style=\"text-align: justify;\">Stimmen nach den \u201e24 Heures Motos\u201c in Le Mans.<\/p>\n<p style=\"text-align: justify;\">Marc Bongers, BMW Motorrad Motorsport Direktor:\u00a0\u201eHerzlichen Gl\u00fcckwunsch an das gesamte BMW Motorrad World Endurance Team zu dieser fantastischen Leistung. Ich selbst habe das Rennen von Misano aus verfolgt, wo wir an diesem Wochenende zeitgleich mit der FIM Superbike World Championship zu Gast sind. Doch wann immer es ging, lief bei uns die Fernseh\u00fcbertragung aus Le Mans und ich stand in permanentem Kontakt mit dem Team. Nach dem starken Start von Markus Reiterberger bekamen wir leider das Problem mit dem Kraftstoffsystem, das uns weit zur\u00fcckgeworfen hat. Da k\u00f6nnte man meinen, das Rennen sei bereits in der ersten Stunde gelaufen. Doch die Mannschaft von Werner Daemen und unsere Fahrer Markus, Ilya und Xavi haben den Kopf nicht in den Sand gesteckt und die Herausforderung angenommen. Es war gro\u00dfartig zu sehen, wie sie das Feld von hinten aufgerollt haben und immer weiter nach vorn kamen. Dass sie nach 24 Stunden auf dem Podium stehen, ist mehr als verdient und ein Beweis f\u00fcr das K\u00f6nnen und den Kampfgeist dieses Teams. Damit wurde es nach dem fr\u00fchen R\u00fcckschlag doch noch ein guter Auftakt in die Saison.\u201c<\/p>\n<p style=\"text-align: justify;\">Werner Daemen, Team Manager BMW Motorrad World Endurance Team:\u00a0\u201eIch bin sehr stolz auf das Ergebnis. Im Rennen selbst hatten wir nach Markus\u2018 kleinem Crash nicht den besten Start. Zudem hatten wir technische Probleme, und wir haben ungef\u00e4hr acht, neun Runden dadurch verloren. Anschlie\u00dfend haben die Fahrer und das Team einen tollen Job gemacht und zur\u00fcckgeschlagen. Zum Gl\u00fcck haben wir am Ende den dritten Platz geholt \u2013 das war besser, als wir es nach den ersten Runden erwartet haben. Das Team hat w\u00e4hrend der gesamten Woche perfekt zusammengearbeitet, und so wollen wir in Estoril weitermachen.\u201c<\/p>\n<p style=\"text-align: justify;\">Markus Reiterberger:\u00a0\u201eIch habe mich geehrt gef\u00fchlt, den Start fahren zu d\u00fcrfen. Schon der Lauf zum Bike war gut, und als ich dann weggefahren bin, war es richtig gut. Ich habe ganz vorsichtig versucht, die Reifen nicht so abk\u00fchlen zu lassen und Sprit zu sparen. Anscheinend war der Reifen aber doch noch nicht ganz auf Temperatur, was mich sehr gewundert hat, denn es war wirklich hei\u00df. Letztendlich ist mir in der vorletzten Kurve das Vorderrad eingeknickt, und ich bin ins Kiesbett geschlittert. Ich bin anschlie\u00dfend noch zwei Runden mit dem besch\u00e4digten Bike gefahren, musste dann aber doch an die Box. Es tut mir leid f\u00fcr das ganze Team, dass mir dieser Fehler unterlaufen ist. Der Sturz war im Endeffekt gar nicht so schlimm, das Problem waren die technischen Defekte. Nachdem diese behoben waren, sind wir quasi fehlerfrei durch die 24 Stunden gekommen. Ich m\u00f6chte mich beim ganzen Team f\u00fcr die harte Arbeit bedanken, und auch bei meinen Teamkollegen, dass sie so tapfer durchgehalten haben.\u201c<\/p>\n<hr \/>\n<p style=\"text-align: justify;\">\n","protected":false},"excerpt":{"rendered":"<p>BMW Motorrad World Endurance Team f\u00e4hrt mit grandioser Aufholjagd auf das Podium der \u201e24 Heures Motos\u201c in Le Mans Le Mans.| Das BMW Motorrad World Endurance Team ist mit einer Podiumsplatzierung in die Saison 2021 der FIM Endurance World Championship (FIM EWC) gestartet. Bei den \u201e24 Heures Motos\u201c in Le Mans (FRA) sicherten sich Markus [&hellip;]<\/p>\n","protected":false},"author":4,"featured_media":142559,"comment_status":"closed","ping_status":"open","sticky":false,"template":"","format":"standard","meta":{"inline_featured_image":false,"_exactmetrics_skip_tracking":false,"_exactmetrics_sitenote_active":false,"_exactmetrics_sitenote_note":"","_exactmetrics_sitenote_category":0,"footnotes":""},"categories":[110],"tags":[98,14857,5,1628,17049,10195,68,9],"class_list":{"0":"post-142558","1":"post","2":"type-post","3":"status-publish","4":"format-standard","5":"has-post-thumbnail","7":"category-sport","8":"tag-bmw","9":"tag-die-webzeitung","10":"tag-internetzeitung","11":"tag-le-mans","12":"tag-moto","13":"tag-motorrad","14":"tag-online-zeitung","15":"tag-schaumedia"},"image_feature":"https:\/\/die-webzeitung.de\/stuttgart\/wp-content\/uploads\/sites\/4\/2021\/06\/BMW-Moto.jpg","author_name":"Redaktion","pure_taxonomies":{"categories":[{"term_id":110,"name":"Sport","slug":"sport","term_group":0,"term_taxonomy_id":112,"taxonomy":"category","description":"Sportberichte","parent":0,"count":1043,"filter":"raw","image":""}],"tags":[{"term_id":98,"name":"BMW","slug":"bmw","term_group":0,"term_taxonomy_id":100,"taxonomy":"post_tag","description":"","parent":0,"count":3,"filter":"raw","image":""},{"term_id":14857,"name":"Die-Webzeitung","slug":"die-webzeitung","term_group":0,"term_taxonomy_id":14876,"taxonomy":"post_tag","description":"","parent":0,"count":3627,"filter":"raw","image":""},{"term_id":5,"name":"Internetzeitung","slug":"internetzeitung","term_group":0,"term_taxonomy_id":5,"taxonomy":"post_tag","description":"","parent":0,"count":1461,"filter":"raw","image":""},{"term_id":1628,"name":"Le Mans","slug":"le-mans","term_group":0,"term_taxonomy_id":1637,"taxonomy":"post_tag","description":"","parent":0,"count":13,"filter":"raw","image":""},{"term_id":17049,"name":"Moto","slug":"moto","term_group":0,"term_taxonomy_id":17068,"taxonomy":"post_tag","description":"","parent":0,"count":1,"filter":"raw","image":""},{"term_id":10195,"name":"Motorrad","slug":"motorrad","term_group":0,"term_taxonomy_id":10227,"taxonomy":"post_tag","description":"","parent":0,"count":3,"filter":"raw","image":""},{"term_id":68,"name":"Online-Zeitung","slug":"online-zeitung","term_group":0,"term_taxonomy_id":69,"taxonomy":"post_tag","description":"","parent":0,"count":3597,"filter":"raw","image":""},{"term_id":9,"name":"SchauMedia","slug":"schaumedia","term_group":0,"term_taxonomy_id":9,"taxonomy":"post_tag","description":"","parent":0,"count":1607,"filter":"raw","image":""}]},"_links":{"self":[{"href":"https:\/\/die-webzeitung.de\/stuttgart\/wp-json\/wp\/v2\/posts\/142558","targetHints":{"allow":["GET"]}}],"collection":[{"href":"https:\/\/die-webzeitung.de\/stuttgart\/wp-json\/wp\/v2\/posts"}],"about":[{"href":"https:\/\/die-webzeitung.de\/stuttgart\/wp-json\/wp\/v2\/types\/post"}],"author":[{"embeddable":true,"href":"https:\/\/die-webzeitung.de\/stuttgart\/wp-json\/wp\/v2\/users\/4"}],"replies":[{"embeddable":true,"href":"https:\/\/die-webzeitung.de\/stuttgart\/wp-json\/wp\/v2\/comments?post=142558"}],"version-history":[{"count":2,"href":"https:\/\/die-webzeitung.de\/stuttgart\/wp-json\/wp\/v2\/posts\/142558\/revisions"}],"predecessor-version":[{"id":142562,"href":"https:\/\/die-webzeitung.de\/stuttgart\/wp-json\/wp\/v2\/posts\/142558\/revisions\/142562"}],"wp:featuredmedia":[{"embeddable":true,"href":"https:\/\/die-webzeitung.de\/stuttgart\/wp-json\/wp\/v2\/media\/142559"}],"wp:attachment":[{"href":"https:\/\/die-webzeitung.de\/stuttgart\/wp-json\/wp\/v2\/media?parent=142558"}],"wp:term":[{"taxonomy":"category","embeddable":true,"href":"https:\/\/die-webzeitung.de\/stuttgart\/wp-json\/wp\/v2\/categories?post=142558"},{"taxonomy":"post_tag","embeddable":true,"href":"https:\/\/die-webzeitung.de\/stuttgart\/wp-json\/wp\/v2\/tags?post=142558"}],"curies":[{"name":"wp","href":"https:\/\/api.w.org\/{rel}","templated":true}]}}