{"id":142500,"date":"2021-06-08T16:15:48","date_gmt":"2021-06-08T15:15:48","guid":{"rendered":"https:\/\/die-webzeitung.de\/stuttgart\/?p=142500"},"modified":"2021-06-08T16:15:48","modified_gmt":"2021-06-08T15:15:48","slug":"landkreis-boeblingen-unterschreitet-inzidenzstufe-35","status":"publish","type":"post","link":"https:\/\/die-webzeitung.de\/stuttgart\/2021\/06\/08\/landkreis-boeblingen-unterschreitet-inzidenzstufe-35\/","title":{"rendered":"Landkreis B\u00f6blingen unterschreitet Inzidenzstufe 35"},"content":{"rendered":"<h5 style=\"text-align: justify;\"><strong>Keine Testpflicht f\u00fcr Angebote im Freien<\/strong><\/h5>\n<p style=\"text-align: justify;\">Kreis B\u00f6blingen.| Die von der Landesregierung in der Corona-Verordnung eingezogene Inzidenzstufe von 35 hat der Landkreis B\u00f6blingen am Dienstag an f\u00fcnf Tagen unterschritten. Die Kreisverwaltung stellt deshalb am Mittwoch mittels Allgemeinverf\u00fcgung fest, dass damit die in der Verordnung vorgesehenen Lockerungen ab Donnerstag gelten.<\/p>\n<p style=\"text-align: justify;\">Eine Neuerung ist der Wegfall der Testpflicht f\u00fcr die Au\u00dfenbereiche von Gastronomie, Veranstaltungen und Einrichtungen, wie etwa Freib\u00e4dern. In Innenbereichen gilt die Testpflicht weiterhin. Bei Feiern im Gastgewerbe sind bis 50 Personen innen und au\u00dfen mit Test-, Impf- oder Genesenennachweis erlaubt.<\/p>\n<p style=\"text-align: justify;\">Bei Messen, Ausstellungen und Kongressen sind auf die Fl\u00e4che bezogen eine Person pro 7 m\u00b2 zugelassen.<\/p>\n<p style=\"text-align: justify;\">F\u00fcr Kulturveranstaltungen, Vortrags- und Informationsveranstaltungen sowie nicht notwendige Gremiensitzungen oder Betriebsversammlungen in Vereinen, Betrieben o.\u00e4. erh\u00f6ht sich die Teilnehmeranzahl auf h\u00f6chstens 750 Personen im Au\u00dfenbereich. Im Innenbereich bleibt es bei 250 Personen.<\/p>\n<p style=\"text-align: justify;\">Die bisherigen, allgemeinen Regelungen aus der Corona-Verordnung gelten weiterhin, z.B. Kontaktbeschr\u00e4nkungen, Abstandsregeln, Testpflicht f\u00fcr Freizeitangebote, Maskenpflicht.<\/p>\n<hr \/>\n<p style=\"text-align: justify;\">\n","protected":false},"excerpt":{"rendered":"<p>Keine Testpflicht f\u00fcr Angebote im Freien Kreis B\u00f6blingen.| Die von der Landesregierung in der Corona-Verordnung eingezogene Inzidenzstufe von 35 hat der Landkreis B\u00f6blingen am Dienstag an f\u00fcnf Tagen unterschritten. Die Kreisverwaltung stellt deshalb am Mittwoch mittels Allgemeinverf\u00fcgung fest, dass damit die in der Verordnung vorgesehenen Lockerungen ab Donnerstag gelten. Eine Neuerung ist der Wegfall der [&hellip;]<\/p>\n","protected":false},"author":4,"featured_media":0,"comment_status":"closed","ping_status":"open","sticky":false,"template":"","format":"standard","meta":{"inline_featured_image":false,"_exactmetrics_skip_tracking":false,"_exactmetrics_sitenote_active":false,"_exactmetrics_sitenote_note":"","_exactmetrics_sitenote_category":0,"footnotes":""},"categories":[59,2246],"tags":[3061,14857,5,16838,68,9],"class_list":{"0":"post-142500","1":"post","2":"type-post","3":"status-publish","4":"format-standard","6":"category-aktuell","7":"category-kreis-boeblingen","8":"tag-boblingen","9":"tag-die-webzeitung","10":"tag-internetzeitung","11":"tag-inzidenz","12":"tag-online-zeitung","13":"tag-schaumedia"},"image_feature":null,"author_name":"Redaktion","pure_taxonomies":{"categories":[{"term_id":59,"name":"Aktuell","slug":"aktuell","term_group":0,"term_taxonomy_id":60,"taxonomy":"category","description":"","parent":0,"count":1018,"filter":"raw","image":""},{"term_id":2246,"name":"Kreis B\u00f6blingen","slug":"kreis-boeblingen","term_group":0,"term_taxonomy_id":2259,"taxonomy":"category","description":"","parent":171,"count":197,"filter":"raw","image":""}],"tags":[{"term_id":3061,"name":"B\u00f6blingen","slug":"boblingen","term_group":0,"term_taxonomy_id":3075,"taxonomy":"post_tag","description":"","parent":0,"count":260,"filter":"raw","image":""},{"term_id":14857,"name":"Die-Webzeitung","slug":"die-webzeitung","term_group":0,"term_taxonomy_id":14876,"taxonomy":"post_tag","description":"","parent":0,"count":3627,"filter":"raw","image":""},{"term_id":5,"name":"Internetzeitung","slug":"internetzeitung","term_group":0,"term_taxonomy_id":5,"taxonomy":"post_tag","description":"","parent":0,"count":1461,"filter":"raw","image":""},{"term_id":16838,"name":"Inzidenz","slug":"inzidenz","term_group":0,"term_taxonomy_id":16857,"taxonomy":"post_tag","description":"","parent":0,"count":19,"filter":"raw","image":""},{"term_id":68,"name":"Online-Zeitung","slug":"online-zeitung","term_group":0,"term_taxonomy_id":69,"taxonomy":"post_tag","description":"","parent":0,"count":3597,"filter":"raw","image":""},{"term_id":9,"name":"SchauMedia","slug":"schaumedia","term_group":0,"term_taxonomy_id":9,"taxonomy":"post_tag","description":"","parent":0,"count":1607,"filter":"raw","image":""}]},"_links":{"self":[{"href":"https:\/\/die-webzeitung.de\/stuttgart\/wp-json\/wp\/v2\/posts\/142500","targetHints":{"allow":["GET"]}}],"collection":[{"href":"https:\/\/die-webzeitung.de\/stuttgart\/wp-json\/wp\/v2\/posts"}],"about":[{"href":"https:\/\/die-webzeitung.de\/stuttgart\/wp-json\/wp\/v2\/types\/post"}],"author":[{"embeddable":true,"href":"https:\/\/die-webzeitung.de\/stuttgart\/wp-json\/wp\/v2\/users\/4"}],"replies":[{"embeddable":true,"href":"https:\/\/die-webzeitung.de\/stuttgart\/wp-json\/wp\/v2\/comments?post=142500"}],"version-history":[{"count":1,"href":"https:\/\/die-webzeitung.de\/stuttgart\/wp-json\/wp\/v2\/posts\/142500\/revisions"}],"predecessor-version":[{"id":142501,"href":"https:\/\/die-webzeitung.de\/stuttgart\/wp-json\/wp\/v2\/posts\/142500\/revisions\/142501"}],"wp:attachment":[{"href":"https:\/\/die-webzeitung.de\/stuttgart\/wp-json\/wp\/v2\/media?parent=142500"}],"wp:term":[{"taxonomy":"category","embeddable":true,"href":"https:\/\/die-webzeitung.de\/stuttgart\/wp-json\/wp\/v2\/categories?post=142500"},{"taxonomy":"post_tag","embeddable":true,"href":"https:\/\/die-webzeitung.de\/stuttgart\/wp-json\/wp\/v2\/tags?post=142500"}],"curies":[{"name":"wp","href":"https:\/\/api.w.org\/{rel}","templated":true}]}}