{"id":142454,"date":"2021-06-04T13:43:17","date_gmt":"2021-06-04T12:43:17","guid":{"rendered":"https:\/\/die-webzeitung.de\/stuttgart\/?p=142454"},"modified":"2021-06-04T13:43:17","modified_gmt":"2021-06-04T12:43:17","slug":"auswirkungen-der-neuen-corona-verordnung-auf-den-landkreis","status":"publish","type":"post","link":"https:\/\/die-webzeitung.de\/stuttgart\/2021\/06\/04\/auswirkungen-der-neuen-corona-verordnung-auf-den-landkreis\/","title":{"rendered":"Auswirkungen der neuen Corona-Verordnung auf den Landkreis"},"content":{"rendered":"<ul>\n<li style=\"text-align: justify;\"><strong>Gastronomie darf bis 1 Uhr \u00f6ffnen<\/strong><\/li>\n<li style=\"text-align: justify;\"><strong>Schulische Testbescheinigungen gelten 60 Stunden<\/strong><\/li>\n<\/ul>\n<p style=\"text-align: justify;\">Kreis B\u00f6blingen.| Die Landesregierung hat eine neue Corona-Verordnung erlassen, die ab Montag auch im Landkreis B\u00f6blingen weitere Lockerungen zul\u00e4sst.<\/p>\n<p style=\"text-align: justify;\">Neu ist, dass bei Unterschreitung der Sieben-Tage-Inzidenz von 50 an f\u00fcnf aufeinander folgenden Tagen zugleich alle Erleichterungen der \u00d6ffnungsstufe 3 gelten. Nachdem dies im Landkreis B\u00f6blingen bereits seit 30. Mai 2021 der Fall ist, sind damit ab Montag, 07.06.2021 weitere Lockerungen verbunden. So d\u00fcrfen Gastronomen ab n\u00e4chster Woche G\u00e4ste bis 1 Uhr bewirten. Im Spitzen- und Amateursport sind Wettk\u00e4mpfe bis zu 500 Zuschauern im Freien und bis 250 Zuschauern innen erlaubt. Diese Zuschauerregelung gilt auch bei Kulturveranstaltungen und sonstigen Veranstaltungen und Versammlungen.<\/p>\n<p style=\"text-align: justify;\">Die Regel, dass eine Person pro 10 qm zul\u00e4ssig ist, gilt f\u00fcr Freizeiteinrichtungen, Schwimmb\u00e4der und Messen.<\/p>\n<p style=\"text-align: justify;\">Ebenfalls neu sind Lockerungen unter dem Inzidenzwert von 35, wenn dieser f\u00fcnf Tage lang unterschritten wird. Der Landkreis liegt derzeit ganz knapp dar\u00fcber.<br \/>\nF\u00fcr Familien und Jugendliche sind zwei weitere \u00c4nderungen relevant.<\/p>\n<p style=\"text-align: justify;\">F\u00fcr Sch\u00fcler gelten die von der Schule ausgestellten negativen Testbescheinigungen 60 Stunden lang f\u00fcr alle Angebote, die mit einer Testpflicht verbunden sind, z.B. der Vereinssport.<\/p>\n<p style=\"text-align: justify;\">Bei einer Inzidenz unter 50 sind wie bislang Treffen im privaten oder \u00f6ffentlichen Raum mit zehn Person aus bis zu drei Haushalten erlaubt, wobei Kinder der Haushalte bis einschlie\u00dflich 13 Jahre nicht mitgez\u00e4hlt werden. Neu ist nun, dass dazu f\u00fcnf Kinder bis einschlie\u00dflich bis 13 Jahre aus f\u00fcnf weiteren Haushalten dazu kommen d\u00fcrfen. So sind Kindergeburtstage in kleinem Rahmen wieder m\u00f6glich.<\/p>\n<hr \/>\n<p style=\"text-align: justify;\">\n","protected":false},"excerpt":{"rendered":"<p>Gastronomie darf bis 1 Uhr \u00f6ffnen Schulische Testbescheinigungen gelten 60 Stunden Kreis B\u00f6blingen.| Die Landesregierung hat eine neue Corona-Verordnung erlassen, die ab Montag auch im Landkreis B\u00f6blingen weitere Lockerungen zul\u00e4sst. Neu ist, dass bei Unterschreitung der Sieben-Tage-Inzidenz von 50 an f\u00fcnf aufeinander folgenden Tagen zugleich alle Erleichterungen der \u00d6ffnungsstufe 3 gelten. Nachdem dies im Landkreis [&hellip;]<\/p>\n","protected":false},"author":4,"featured_media":0,"comment_status":"closed","ping_status":"open","sticky":false,"template":"","format":"standard","meta":{"inline_featured_image":false,"_exactmetrics_skip_tracking":false,"_exactmetrics_sitenote_active":false,"_exactmetrics_sitenote_note":"","_exactmetrics_sitenote_category":0,"footnotes":""},"categories":[59,2246],"tags":[3061,16573,14857,5,68,9],"class_list":{"0":"post-142454","1":"post","2":"type-post","3":"status-publish","4":"format-standard","6":"category-aktuell","7":"category-kreis-boeblingen","8":"tag-boblingen","9":"tag-corona","10":"tag-die-webzeitung","11":"tag-internetzeitung","12":"tag-online-zeitung","13":"tag-schaumedia"},"image_feature":null,"author_name":"Redaktion","pure_taxonomies":{"categories":[{"term_id":59,"name":"Aktuell","slug":"aktuell","term_group":0,"term_taxonomy_id":60,"taxonomy":"category","description":"","parent":0,"count":1018,"filter":"raw","image":""},{"term_id":2246,"name":"Kreis B\u00f6blingen","slug":"kreis-boeblingen","term_group":0,"term_taxonomy_id":2259,"taxonomy":"category","description":"","parent":171,"count":197,"filter":"raw","image":""}],"tags":[{"term_id":3061,"name":"B\u00f6blingen","slug":"boblingen","term_group":0,"term_taxonomy_id":3075,"taxonomy":"post_tag","description":"","parent":0,"count":260,"filter":"raw","image":""},{"term_id":16573,"name":"Corona","slug":"corona","term_group":0,"term_taxonomy_id":16592,"taxonomy":"post_tag","description":"","parent":0,"count":81,"filter":"raw","image":""},{"term_id":14857,"name":"Die-Webzeitung","slug":"die-webzeitung","term_group":0,"term_taxonomy_id":14876,"taxonomy":"post_tag","description":"","parent":0,"count":3627,"filter":"raw","image":""},{"term_id":5,"name":"Internetzeitung","slug":"internetzeitung","term_group":0,"term_taxonomy_id":5,"taxonomy":"post_tag","description":"","parent":0,"count":1461,"filter":"raw","image":""},{"term_id":68,"name":"Online-Zeitung","slug":"online-zeitung","term_group":0,"term_taxonomy_id":69,"taxonomy":"post_tag","description":"","parent":0,"count":3597,"filter":"raw","image":""},{"term_id":9,"name":"SchauMedia","slug":"schaumedia","term_group":0,"term_taxonomy_id":9,"taxonomy":"post_tag","description":"","parent":0,"count":1607,"filter":"raw","image":""}]},"_links":{"self":[{"href":"https:\/\/die-webzeitung.de\/stuttgart\/wp-json\/wp\/v2\/posts\/142454","targetHints":{"allow":["GET"]}}],"collection":[{"href":"https:\/\/die-webzeitung.de\/stuttgart\/wp-json\/wp\/v2\/posts"}],"about":[{"href":"https:\/\/die-webzeitung.de\/stuttgart\/wp-json\/wp\/v2\/types\/post"}],"author":[{"embeddable":true,"href":"https:\/\/die-webzeitung.de\/stuttgart\/wp-json\/wp\/v2\/users\/4"}],"replies":[{"embeddable":true,"href":"https:\/\/die-webzeitung.de\/stuttgart\/wp-json\/wp\/v2\/comments?post=142454"}],"version-history":[{"count":1,"href":"https:\/\/die-webzeitung.de\/stuttgart\/wp-json\/wp\/v2\/posts\/142454\/revisions"}],"predecessor-version":[{"id":142455,"href":"https:\/\/die-webzeitung.de\/stuttgart\/wp-json\/wp\/v2\/posts\/142454\/revisions\/142455"}],"wp:attachment":[{"href":"https:\/\/die-webzeitung.de\/stuttgart\/wp-json\/wp\/v2\/media?parent=142454"}],"wp:term":[{"taxonomy":"category","embeddable":true,"href":"https:\/\/die-webzeitung.de\/stuttgart\/wp-json\/wp\/v2\/categories?post=142454"},{"taxonomy":"post_tag","embeddable":true,"href":"https:\/\/die-webzeitung.de\/stuttgart\/wp-json\/wp\/v2\/tags?post=142454"}],"curies":[{"name":"wp","href":"https:\/\/api.w.org\/{rel}","templated":true}]}}