{"id":142424,"date":"2021-06-01T13:38:12","date_gmt":"2021-06-01T12:38:12","guid":{"rendered":"https:\/\/die-webzeitung.de\/stuttgart\/2021\/06\/01\/kevin-rauhut-wird-ein-sgvler\/"},"modified":"2021-06-01T13:38:12","modified_gmt":"2021-06-01T12:38:12","slug":"kevin-rauhut-wird-ein-sgvler","status":"publish","type":"post","link":"https:\/\/die-webzeitung.de\/stuttgart\/2021\/06\/01\/kevin-rauhut-wird-ein-sgvler\/","title":{"rendered":"Kevin Rauhut wird ein SGVler"},"content":{"rendered":"<h5 style=\"text-align: justify;\"><strong>Fortuna K\u00f6ln-Keeper wechselt zur Saison 2021\/22 vom West-Regionalligisten an den Freiberger Wasen<\/strong><\/h5>\n<p style=\"text-align: justify;\">Freiberg a. N.| Diese Wechselpersonalie d\u00fcrfte in der K\u00f6lner S\u00fcdstadt nicht nur viele Fortuna-Fans sehr \u00fcberrascht haben, denn nach zwei Jahren und bislang insgesamt 55 Begegnungen (55 Gegentore, 21 Mal zu Null) wird der Familienvater zur neuen Saison vom Rhein an den Neckar nach Freiberg wechseln.<\/p>\n<p style=\"text-align: justify;\">Auch die Zahlen der aktuell auslaufenden Spielzeit, 33 Spiele, 29 Gegentore und 14 Mal zu Null, sprachen eher f\u00fcr eine Vertragsverl\u00e4ngerung f\u00fcr den 31-j\u00e4hrigen, 1,88 gro\u00dfen, geb\u00fcrtigen Oberhausener.<\/p>\n<p style=\"text-align: justify;\">Nun darf sich der SGV Freiberg Fu\u00dfball auf Kevin Rauhut, seine Frau, die dreij\u00e4hrige Tochter und den im August bevorstehenden famili\u00e4ren Zuwachs, freuen.<\/p>\n<p style=\"text-align: justify;\">Rauhut kam im Sommer 2019 von Energie Cottbus nach K\u00f6ln. Zuvor hatte er auch f\u00fcr die Spfr. Siegen in der Regionalliga West, Wacker Nordhausen in der Regionalliga \u2028Nordost, und Hessen Kassel in der S\u00fcdwest-Staffel gespielt. Seine Karriere-Bilanz kann sich sehen lassen. Er bestritt in seiner Laufbahn 205 Ligaspiele, (11 x 3. Liga, 179 x 4. Liga und 15 x 5. Liga, kassierte dabei 200 Gegentore und hielt den Kasten 85 Mal sauber.<\/p>\n<p style=\"text-align: justify;\">Rauhut suchte eine neue Herausforderung und fand diese im Projekt des ambitionierten SGV Freiberg Fu\u00dfball.<\/p>\n<p style=\"text-align: justify;\">Rauhut: &#8220;Ich freue mich auf die neue Aufgabe beim SGV. Ich identifiziere mich zu 100% mit den gesteckten Zielen des Vereins und werde meine St\u00e4rken einbringen, um diese zu erreichen.&#8221;<\/p>\n<hr \/>\n<p style=\"text-align: justify;\">\n","protected":false},"excerpt":{"rendered":"<p>Fortuna K\u00f6ln-Keeper wechselt zur Saison 2021\/22 vom West-Regionalligisten an den Freiberger Wasen Freiberg a. N.| Diese Wechselpersonalie d\u00fcrfte in der K\u00f6lner S\u00fcdstadt nicht nur viele Fortuna-Fans sehr \u00fcberrascht haben, denn nach zwei Jahren und bislang insgesamt 55 Begegnungen (55 Gegentore, 21 Mal zu Null) wird der Familienvater zur neuen Saison vom Rhein an den Neckar [&hellip;]<\/p>\n","protected":false},"author":4,"featured_media":0,"comment_status":"closed","ping_status":"open","sticky":false,"template":"","format":"standard","meta":{"inline_featured_image":false,"_exactmetrics_skip_tracking":false,"_exactmetrics_sitenote_active":false,"_exactmetrics_sitenote_note":"","_exactmetrics_sitenote_category":0,"footnotes":""},"categories":[110],"tags":[14857,80,129,5,1080,68,17037,9,13716],"class_list":{"0":"post-142424","1":"post","2":"type-post","3":"status-publish","4":"format-standard","6":"category-sport","7":"tag-die-webzeitung","8":"tag-freiberger-seite","9":"tag-fusball","10":"tag-internetzeitung","11":"tag-oberliga","12":"tag-online-zeitung","13":"tag-rauhut","14":"tag-schaumedia","15":"tag-torhueter"},"image_feature":null,"author_name":"Redaktion","pure_taxonomies":{"categories":[{"term_id":110,"name":"Sport","slug":"sport","term_group":0,"term_taxonomy_id":112,"taxonomy":"category","description":"Sportberichte","parent":0,"count":1044,"filter":"raw","image":""}],"tags":[{"term_id":14857,"name":"Die-Webzeitung","slug":"die-webzeitung","term_group":0,"term_taxonomy_id":14876,"taxonomy":"post_tag","description":"","parent":0,"count":3629,"filter":"raw","image":""},{"term_id":80,"name":"Freiberg","slug":"freiberger-seite","term_group":0,"term_taxonomy_id":95,"taxonomy":"post_tag","description":"","parent":0,"count":78,"filter":"raw","image":""},{"term_id":129,"name":"Fu\u00dfball","slug":"fusball","term_group":0,"term_taxonomy_id":131,"taxonomy":"post_tag","description":"","parent":0,"count":171,"filter":"raw","image":""},{"term_id":5,"name":"Internetzeitung","slug":"internetzeitung","term_group":0,"term_taxonomy_id":5,"taxonomy":"post_tag","description":"","parent":0,"count":1461,"filter":"raw","image":""},{"term_id":1080,"name":"Oberliga","slug":"oberliga","term_group":0,"term_taxonomy_id":1089,"taxonomy":"post_tag","description":"","parent":0,"count":35,"filter":"raw","image":""},{"term_id":68,"name":"Online-Zeitung","slug":"online-zeitung","term_group":0,"term_taxonomy_id":69,"taxonomy":"post_tag","description":"","parent":0,"count":3599,"filter":"raw","image":""},{"term_id":17037,"name":"Rauhut","slug":"rauhut","term_group":0,"term_taxonomy_id":17056,"taxonomy":"post_tag","description":"","parent":0,"count":1,"filter":"raw","image":""},{"term_id":9,"name":"SchauMedia","slug":"schaumedia","term_group":0,"term_taxonomy_id":9,"taxonomy":"post_tag","description":"","parent":0,"count":1607,"filter":"raw","image":""},{"term_id":13716,"name":"Torh\u00fcter","slug":"torhueter","term_group":0,"term_taxonomy_id":13758,"taxonomy":"post_tag","description":"","parent":0,"count":3,"filter":"raw","image":""}]},"_links":{"self":[{"href":"https:\/\/die-webzeitung.de\/stuttgart\/wp-json\/wp\/v2\/posts\/142424","targetHints":{"allow":["GET"]}}],"collection":[{"href":"https:\/\/die-webzeitung.de\/stuttgart\/wp-json\/wp\/v2\/posts"}],"about":[{"href":"https:\/\/die-webzeitung.de\/stuttgart\/wp-json\/wp\/v2\/types\/post"}],"author":[{"embeddable":true,"href":"https:\/\/die-webzeitung.de\/stuttgart\/wp-json\/wp\/v2\/users\/4"}],"replies":[{"embeddable":true,"href":"https:\/\/die-webzeitung.de\/stuttgart\/wp-json\/wp\/v2\/comments?post=142424"}],"version-history":[{"count":0,"href":"https:\/\/die-webzeitung.de\/stuttgart\/wp-json\/wp\/v2\/posts\/142424\/revisions"}],"wp:attachment":[{"href":"https:\/\/die-webzeitung.de\/stuttgart\/wp-json\/wp\/v2\/media?parent=142424"}],"wp:term":[{"taxonomy":"category","embeddable":true,"href":"https:\/\/die-webzeitung.de\/stuttgart\/wp-json\/wp\/v2\/categories?post=142424"},{"taxonomy":"post_tag","embeddable":true,"href":"https:\/\/die-webzeitung.de\/stuttgart\/wp-json\/wp\/v2\/tags?post=142424"}],"curies":[{"name":"wp","href":"https:\/\/api.w.org\/{rel}","templated":true}]}}