{"id":142414,"date":"2021-05-31T14:13:23","date_gmt":"2021-05-31T13:13:23","guid":{"rendered":"https:\/\/die-webzeitung.de\/stuttgart\/2021\/05\/31\/sgv-freiberg-fussball-verpflichtet-abwehrhuene-michael-zant\/"},"modified":"2021-05-31T14:13:23","modified_gmt":"2021-05-31T13:13:23","slug":"sgv-freiberg-fussball-verpflichtet-abwehrhuene-michael-zant","status":"publish","type":"post","link":"https:\/\/die-webzeitung.de\/stuttgart\/2021\/05\/31\/sgv-freiberg-fussball-verpflichtet-abwehrhuene-michael-zant\/","title":{"rendered":"SGV Freiberg Fu\u00dfball verpflichtet Abwehrh\u00fcne Michael Zant"},"content":{"rendered":"<p style=\"text-align: justify;\"><img loading=\"lazy\" decoding=\"async\" class=\"alignleft size-thumbnail wp-image-160113\" src=\"https:\/\/die-webzeitung.de\/ludwigsburg\/wp-content\/uploads\/sites\/5\/2021\/05\/SGV100-small.jpg\" alt=\"\" width=\"100\" height=\"128\" \/>Freiberg a. N.| Mit dem Fu\u00dfballspielen begann der 25-j\u00e4hrige, bei der SpVgg Unterhaching. Als U19-Spieler wechselte er f\u00fcr ein halbes Jahr zum Regionalligisten TSV 1860 Rosenheim, ehe er sich 2013 den Junioren des FC Ingolstadt anschloss. Nach drei Jahren im Herrenbereich bei den Schanzern (37 Regionalliga-Eins\u00e4tze, 2 Tore) ging Zant erneut f\u00fcr ein halbes Jahr nach Rosenheim, ehe der 1,96 Meter gro\u00dfe Innenverteidiger 2018 zum VfB Eichst\u00e4tt kam. Nach 21 Eins\u00e4tzen (zwei Tore) verabschiedete er sich 2019 als Bayerischer Amateurmeister zu T\u00fcrkg\u00fcc\u00fc M\u00fcnchen.<\/p>\n<p style=\"text-align: justify;\">In der Regionalliga-Saison in Diensten von T\u00fcrkg\u00fcc\u00fc M\u00fcnchen z\u00e4hlte der 25-j\u00e4hrige Abwehrh\u00fcne, nach auskuriertem Sehnenriss im Adduktorenbereich, zum Stammpersonal in der Defensive, 11 Eins\u00e4tze (2 Tore). Als einer der wenigen wurde er nach dem Aufstieg in den Kader der 3. Liga \u00fcbernommen und erhielt einen 2-j\u00e4hrigen Profivertrag. Doch die Verletzung holte Michael Zant vergangenen Sommer wieder ein und verhinderte seinen Traum im Profibereich Fu\u00df zu fassen. Nach einer erneuten Operation mit Reha und fu\u00dfballspezifischem Aufbautraining ist Michael Zant nun wieder fit und bereit beim SGV Freiberg Fu\u00dfball in der Saison 2021\/22 wieder voll angreifen zu k\u00f6nnen.<\/p>\n<p style=\"text-align: justify;\">Zant: \u201eIch freue mich sehr auf die neue Aufgabe bei Freiberg und danke den Verantwortlichen f\u00fcr das entgegengebrachte Vertrauen und bin mir sicher, dass ich mich hier sehr wohl f\u00fchlen werde um dann auf dem Platz wieder einiges zur\u00fcckgeben zu k\u00f6nnen.\u201c<\/p>\n<hr \/>\n<p style=\"text-align: justify;\">\n","protected":false},"excerpt":{"rendered":"<p>Freiberg a. N.| Mit dem Fu\u00dfballspielen begann der 25-j\u00e4hrige, bei der SpVgg Unterhaching. Als U19-Spieler wechselte er f\u00fcr ein halbes Jahr zum Regionalligisten TSV 1860 Rosenheim, ehe er sich 2013 den Junioren des FC Ingolstadt anschloss. Nach drei Jahren im Herrenbereich bei den Schanzern (37 Regionalliga-Eins\u00e4tze, 2 Tore) ging Zant erneut f\u00fcr ein halbes Jahr [&hellip;]<\/p>\n","protected":false},"author":4,"featured_media":142415,"comment_status":"closed","ping_status":"open","sticky":false,"template":"","format":"standard","meta":{"inline_featured_image":false,"_exactmetrics_skip_tracking":false,"_exactmetrics_sitenote_active":false,"_exactmetrics_sitenote_note":"","_exactmetrics_sitenote_category":0,"footnotes":""},"categories":[110],"tags":[14857,80,129,5,1080,68,9],"class_list":{"0":"post-142414","1":"post","2":"type-post","3":"status-publish","4":"format-standard","5":"has-post-thumbnail","7":"category-sport","8":"tag-die-webzeitung","9":"tag-freiberger-seite","10":"tag-fusball","11":"tag-internetzeitung","12":"tag-oberliga","13":"tag-online-zeitung","14":"tag-schaumedia"},"image_feature":"https:\/\/die-webzeitung.de\/stuttgart\/wp-content\/uploads\/sites\/4\/2021\/05\/sgvzant.jpg","author_name":"Redaktion","pure_taxonomies":{"categories":[{"term_id":110,"name":"Sport","slug":"sport","term_group":0,"term_taxonomy_id":112,"taxonomy":"category","description":"Sportberichte","parent":0,"count":1043,"filter":"raw","image":""}],"tags":[{"term_id":14857,"name":"Die-Webzeitung","slug":"die-webzeitung","term_group":0,"term_taxonomy_id":14876,"taxonomy":"post_tag","description":"","parent":0,"count":3627,"filter":"raw","image":""},{"term_id":80,"name":"Freiberg","slug":"freiberger-seite","term_group":0,"term_taxonomy_id":95,"taxonomy":"post_tag","description":"","parent":0,"count":78,"filter":"raw","image":""},{"term_id":129,"name":"Fu\u00dfball","slug":"fusball","term_group":0,"term_taxonomy_id":131,"taxonomy":"post_tag","description":"","parent":0,"count":171,"filter":"raw","image":""},{"term_id":5,"name":"Internetzeitung","slug":"internetzeitung","term_group":0,"term_taxonomy_id":5,"taxonomy":"post_tag","description":"","parent":0,"count":1461,"filter":"raw","image":""},{"term_id":1080,"name":"Oberliga","slug":"oberliga","term_group":0,"term_taxonomy_id":1089,"taxonomy":"post_tag","description":"","parent":0,"count":35,"filter":"raw","image":""},{"term_id":68,"name":"Online-Zeitung","slug":"online-zeitung","term_group":0,"term_taxonomy_id":69,"taxonomy":"post_tag","description":"","parent":0,"count":3597,"filter":"raw","image":""},{"term_id":9,"name":"SchauMedia","slug":"schaumedia","term_group":0,"term_taxonomy_id":9,"taxonomy":"post_tag","description":"","parent":0,"count":1607,"filter":"raw","image":""}]},"_links":{"self":[{"href":"https:\/\/die-webzeitung.de\/stuttgart\/wp-json\/wp\/v2\/posts\/142414","targetHints":{"allow":["GET"]}}],"collection":[{"href":"https:\/\/die-webzeitung.de\/stuttgart\/wp-json\/wp\/v2\/posts"}],"about":[{"href":"https:\/\/die-webzeitung.de\/stuttgart\/wp-json\/wp\/v2\/types\/post"}],"author":[{"embeddable":true,"href":"https:\/\/die-webzeitung.de\/stuttgart\/wp-json\/wp\/v2\/users\/4"}],"replies":[{"embeddable":true,"href":"https:\/\/die-webzeitung.de\/stuttgart\/wp-json\/wp\/v2\/comments?post=142414"}],"version-history":[{"count":0,"href":"https:\/\/die-webzeitung.de\/stuttgart\/wp-json\/wp\/v2\/posts\/142414\/revisions"}],"wp:featuredmedia":[{"embeddable":true,"href":"https:\/\/die-webzeitung.de\/stuttgart\/wp-json\/wp\/v2\/media\/142415"}],"wp:attachment":[{"href":"https:\/\/die-webzeitung.de\/stuttgart\/wp-json\/wp\/v2\/media?parent=142414"}],"wp:term":[{"taxonomy":"category","embeddable":true,"href":"https:\/\/die-webzeitung.de\/stuttgart\/wp-json\/wp\/v2\/categories?post=142414"},{"taxonomy":"post_tag","embeddable":true,"href":"https:\/\/die-webzeitung.de\/stuttgart\/wp-json\/wp\/v2\/tags?post=142414"}],"curies":[{"name":"wp","href":"https:\/\/api.w.org\/{rel}","templated":true}]}}