{"id":142404,"date":"2021-05-30T15:15:26","date_gmt":"2021-05-30T14:15:26","guid":{"rendered":"https:\/\/die-webzeitung.de\/stuttgart\/?p=142404"},"modified":"2021-05-30T15:15:26","modified_gmt":"2021-05-30T14:15:26","slug":"inzidenz-50-stabil-unterschritten","status":"publish","type":"post","link":"https:\/\/die-webzeitung.de\/stuttgart\/2021\/05\/30\/inzidenz-50-stabil-unterschritten\/","title":{"rendered":"Inzidenz 50 stabil unterschritten"},"content":{"rendered":"<ul>\n<li style=\"text-align: justify;\"><strong>Der Landkreis kommt in die 2. Stufe des \u00d6ffnungskonzepts des Landes<\/strong><\/li>\n<li style=\"text-align: justify;\"><strong>Landrat Bernhard: \u201eDie Lockerungen sind lang ersehnt und sehr erfreulich\u201c<\/strong><\/li>\n<\/ul>\n<p style=\"text-align: justify;\">Kreis B\u00f6blingen.| Die Inzidenz von 50 ist stabil unterschritten \u2013 mit Bekanntmachung am 30. Mai stellt der Landkreis B\u00f6blingen dies fest, und die damit verbundenen Lockerungen greifen ab 31. Mai 2021.<\/p>\n<p style=\"text-align: justify;\">Mit der Unterschreitung der Marke 50 ist verbunden, dass Treffen im privaten oder \u00f6ffentlichen Raum mit 10 Person aus bis zu 3 Haushalten m\u00f6glich sind (Kinder bis einschlie\u00dflich 13 Jahre werden nicht mitgez\u00e4hlt), der Einzelhandel kann ohne Testpflicht und mit ge\u00e4nderten Regelungen hinsichtlich der Fl\u00e4che \u00f6ffnen und B\u00fcchereien, Museen u.\u00e4.. k\u00f6nnen wieder ohne Auflagen \u00f6ffnen. Aber auch f\u00fcr den Schulbetrieb, der in einer Woche wieder startet, haben die guten Werte Auswirkungen: F\u00fcr alle Schularten gilt das Abstandsgebot nicht mehr und es kann zum Regelbetrieb zur\u00fcckgekehrt werden (f\u00fcr die Grundschulen galt das bereits ab Inzidenz unter 100, f\u00fcr Realschulen, Gymnasien, usw. jetzt ab Inzidenz unter 50). Zudem sind Sportaus\u00fcbung im Freien und Tagesausfl\u00fcge im Klassenverbund wieder gestattet. (Die Regelungen gelten ab 1.6., Schulbeginn ist aber erst am 7.6.)<\/p>\n<p style=\"text-align: justify;\">\u201eDiese neuerlichen Lockerungen sind \u00fcberaus erfreulich\u201c, \u00e4u\u00dfert sich Landrat Roland Bernhard. \u201eIch freue mich insbesondere f\u00fcr die jungen Menschen, f\u00fcr die die aktuellen Wochen und Monate ebenfalls eine sehr schwere Zeit darstellen.\u201c Mit der R\u00fcckkehr zum Regelbetrieb und einem Schulalltag ohne Abstandsgebot k\u00e4men lang ersehnte Lockerungen im Alltag der Jugendlichen endlich wieder, so der Landrat. \u201eNat\u00fcrlich gilt es weiterhin, sich an die Masken- und die Testpflicht zu halten. Insbesondere diese regelm\u00e4\u00dfigen Testungen sind ein wichtiges Instrument, um den Weg der sinkenden Zahlen konsequent weiter zu beschreiten.\u201c<\/p>\n<p style=\"text-align: justify;\">Auch au\u00dferhalb des Schulbetriebs sei nun wieder mehr m\u00f6glich, freut sich Roland Bernhard. \u201eIch bin sehr stolz darauf, dass wir im Landkreis B\u00f6blingen unsere Fallzahlen zuletzt so schnell nach unten bringen konnten.\u201c Er freue sich f\u00fcr alle, die jetzt wieder mehr Kontakt pflegen, Sport treiben oder die Gastronomie besuchen k\u00f6nnen \u2013 und nat\u00fcrlich, neben den Nutzern auch f\u00fcr vielen Gastronomen, Einzelh\u00e4ndler und sonstige Dienstleister, die nun ihre T\u00fcren wieder \u00f6ffnen k\u00f6nnen.<\/p>\n<p style=\"text-align: justify;\">Am 1. Juni tritt der Landkreis B\u00f6blingen zudem auch in Stufe 2 des Stufenkonzepts des Landes ein (14 Tage nach \u00d6ffnungsschritt 1). Dann sind mit Test- und Hygienekonzept weitere \u00d6ffnungen m\u00f6glich: Beispielsweise kann die Gastronomie dann von 6 bis 22 Uhr \u00f6ffnen, au\u00dferdem k\u00f6nnen Kulturveranstaltungen innen bis 100, au\u00dfen bis 250 Personen stattfinden. Wellnessbereiche, Saunen und Schwimmb\u00e4der innen und au\u00dfen in Beherbergungsbetrieben f\u00fcr \u00dcbernachtungsg\u00e4ste k\u00f6nnen \u00f6ffnen (1 Person pro 20 m\u00b2), ansonsten Wellnessbereiche und Saunen innen und au\u00dfen f\u00fcr Gruppen bis 10 Personen, Schwimmb\u00e4der innen und au\u00dfen (1 Person pro 20 m\u00b2). Kontaktarmer Freizeit- und Amateursport in Sportanlagen, -st\u00e4tten und -studios (1 Person pro 20 m\u00b2) ist innen und au\u00dfen erlaubt, Veranstaltungen des Spitzen- und Profisports k\u00f6nnen mit bis zu 250 Zuschauern innen und au\u00dfen stattfinden. Bei Veranstaltungen zur Religionsaus\u00fcbung ist Gemeindegesang zul\u00e4ssig.<\/p>\n<p style=\"text-align: justify;\">\u201eBleiben wir bei aller Freude vorsichtig und genie\u00dfen wir die neuen Lockerungen im Rahmen dessen, was erlaubt ist\u201c, so Landrat Bernhard. Mit Blick auf den Schulbeginn am 7. Juni werde man in der einen Tag sp\u00e4ter (8. Juni) stattfindenden Sitzung der AG Corona auch dar\u00fcber diskutieren, ob die Testpflicht f\u00fcr die Kita-Einrichtungen an das Prozedere an den Schulen angeglichen werde, so die Ank\u00fcndigung des Landrats. \u201eAngesichts der guten Entwicklung werden wir dann auch \u00fcber eine Anpassung dieser Allgemeinverf\u00fcgung sprechen.\u201c<\/p>\n<p style=\"text-align: justify;\">Auf der Corona-Informationsseite des Landkreises B\u00f6blingen, <a href=\"http:\/\/www.lrabb.de\" target=\"_blank\" rel=\"noopener\">www.lrabb.de<\/a>, Informationen zum Corona-Virus, finden sich die entsprechenden Allgemeinverf\u00fcgungen, die jeweils geltenden Ma\u00dfnahmen und viele andere Informationen.<\/p>\n<hr \/>\n<p style=\"text-align: justify;\">\n","protected":false},"excerpt":{"rendered":"<p>Der Landkreis kommt in die 2. Stufe des \u00d6ffnungskonzepts des Landes Landrat Bernhard: \u201eDie Lockerungen sind lang ersehnt und sehr erfreulich\u201c Kreis B\u00f6blingen.| Die Inzidenz von 50 ist stabil unterschritten \u2013 mit Bekanntmachung am 30. Mai stellt der Landkreis B\u00f6blingen dies fest, und die damit verbundenen Lockerungen greifen ab 31. Mai 2021. Mit der Unterschreitung [&hellip;]<\/p>\n","protected":false},"author":4,"featured_media":0,"comment_status":"closed","ping_status":"open","sticky":false,"template":"","format":"standard","meta":{"inline_featured_image":false,"_exactmetrics_skip_tracking":false,"_exactmetrics_sitenote_active":false,"_exactmetrics_sitenote_note":"","_exactmetrics_sitenote_category":0,"footnotes":""},"categories":[59,2246],"tags":[3061,16573,14857,5,16838,17025,68,9],"class_list":{"0":"post-142404","1":"post","2":"type-post","3":"status-publish","4":"format-standard","6":"category-aktuell","7":"category-kreis-boeblingen","8":"tag-boblingen","9":"tag-corona","10":"tag-die-webzeitung","11":"tag-internetzeitung","12":"tag-inzidenz","13":"tag-oeffnungen","14":"tag-online-zeitung","15":"tag-schaumedia"},"image_feature":null,"author_name":"Redaktion","pure_taxonomies":{"categories":[{"term_id":59,"name":"Aktuell","slug":"aktuell","term_group":0,"term_taxonomy_id":60,"taxonomy":"category","description":"","parent":0,"count":1017,"filter":"raw","image":""},{"term_id":2246,"name":"Kreis B\u00f6blingen","slug":"kreis-boeblingen","term_group":0,"term_taxonomy_id":2259,"taxonomy":"category","description":"","parent":171,"count":197,"filter":"raw","image":""}],"tags":[{"term_id":3061,"name":"B\u00f6blingen","slug":"boblingen","term_group":0,"term_taxonomy_id":3075,"taxonomy":"post_tag","description":"","parent":0,"count":260,"filter":"raw","image":""},{"term_id":16573,"name":"Corona","slug":"corona","term_group":0,"term_taxonomy_id":16592,"taxonomy":"post_tag","description":"","parent":0,"count":81,"filter":"raw","image":""},{"term_id":14857,"name":"Die-Webzeitung","slug":"die-webzeitung","term_group":0,"term_taxonomy_id":14876,"taxonomy":"post_tag","description":"","parent":0,"count":3625,"filter":"raw","image":""},{"term_id":5,"name":"Internetzeitung","slug":"internetzeitung","term_group":0,"term_taxonomy_id":5,"taxonomy":"post_tag","description":"","parent":0,"count":1461,"filter":"raw","image":""},{"term_id":16838,"name":"Inzidenz","slug":"inzidenz","term_group":0,"term_taxonomy_id":16857,"taxonomy":"post_tag","description":"","parent":0,"count":19,"filter":"raw","image":""},{"term_id":17025,"name":"\u00d6ffnungen","slug":"oeffnungen","term_group":0,"term_taxonomy_id":17044,"taxonomy":"post_tag","description":"","parent":0,"count":2,"filter":"raw","image":""},{"term_id":68,"name":"Online-Zeitung","slug":"online-zeitung","term_group":0,"term_taxonomy_id":69,"taxonomy":"post_tag","description":"","parent":0,"count":3595,"filter":"raw","image":""},{"term_id":9,"name":"SchauMedia","slug":"schaumedia","term_group":0,"term_taxonomy_id":9,"taxonomy":"post_tag","description":"","parent":0,"count":1607,"filter":"raw","image":""}]},"_links":{"self":[{"href":"https:\/\/die-webzeitung.de\/stuttgart\/wp-json\/wp\/v2\/posts\/142404","targetHints":{"allow":["GET"]}}],"collection":[{"href":"https:\/\/die-webzeitung.de\/stuttgart\/wp-json\/wp\/v2\/posts"}],"about":[{"href":"https:\/\/die-webzeitung.de\/stuttgart\/wp-json\/wp\/v2\/types\/post"}],"author":[{"embeddable":true,"href":"https:\/\/die-webzeitung.de\/stuttgart\/wp-json\/wp\/v2\/users\/4"}],"replies":[{"embeddable":true,"href":"https:\/\/die-webzeitung.de\/stuttgart\/wp-json\/wp\/v2\/comments?post=142404"}],"version-history":[{"count":1,"href":"https:\/\/die-webzeitung.de\/stuttgart\/wp-json\/wp\/v2\/posts\/142404\/revisions"}],"predecessor-version":[{"id":142405,"href":"https:\/\/die-webzeitung.de\/stuttgart\/wp-json\/wp\/v2\/posts\/142404\/revisions\/142405"}],"wp:attachment":[{"href":"https:\/\/die-webzeitung.de\/stuttgart\/wp-json\/wp\/v2\/media?parent=142404"}],"wp:term":[{"taxonomy":"category","embeddable":true,"href":"https:\/\/die-webzeitung.de\/stuttgart\/wp-json\/wp\/v2\/categories?post=142404"},{"taxonomy":"post_tag","embeddable":true,"href":"https:\/\/die-webzeitung.de\/stuttgart\/wp-json\/wp\/v2\/tags?post=142404"}],"curies":[{"name":"wp","href":"https:\/\/api.w.org\/{rel}","templated":true}]}}