{"id":142376,"date":"2021-05-29T10:27:59","date_gmt":"2021-05-29T09:27:59","guid":{"rendered":"https:\/\/die-webzeitung.de\/stuttgart\/2021\/05\/29\/personalveraenderungen-beim-oberligisten-sgv-freiberg\/"},"modified":"2021-05-29T11:27:03","modified_gmt":"2021-05-29T10:27:03","slug":"personalveraenderungen-beim-oberligisten-sgv-freiberg","status":"publish","type":"post","link":"https:\/\/die-webzeitung.de\/stuttgart\/2021\/05\/29\/personalveraenderungen-beim-oberligisten-sgv-freiberg\/","title":{"rendered":"Personalver\u00e4nderungen beim Oberligisten SGV Freiberg"},"content":{"rendered":"<h5 style=\"text-align: justify;\"><strong>Vertr\u00e4ge mit Mario Ebenhofer, Frano Buhovac, Talha \u00d6zen und Leon Cerkez, werden nicht verl\u00e4ngert.<\/strong><\/h5>\n<p style=\"text-align: justify;\"><img loading=\"lazy\" decoding=\"async\" class=\"alignleft wp-image-142377\" src=\"https:\/\/die-webzeitung.de\/stuttgart\/wp-content\/uploads\/sites\/4\/2021\/05\/SGV-medium.jpg\" alt=\"\" width=\"134\" height=\"172\" srcset=\"https:\/\/die-webzeitung.de\/stuttgart\/wp-content\/uploads\/sites\/4\/2021\/05\/SGV-medium.jpg 234w, https:\/\/die-webzeitung.de\/stuttgart\/wp-content\/uploads\/sites\/4\/2021\/05\/SGV-696x893.jpg 696w, https:\/\/die-webzeitung.de\/stuttgart\/wp-content\/uploads\/sites\/4\/2021\/05\/SGV-327x420.jpg 327w, https:\/\/die-webzeitung.de\/stuttgart\/wp-content\/uploads\/sites\/4\/2021\/05\/SGV.jpg 700w\" sizes=\"auto, (max-width: 134px) 100vw, 134px\" \/>Freiberg a. N.| Mario Ebenhofer und Leon Cerkez l\u00f6sten ihre Vertr\u00e4ge aus privaten Gr\u00fcnden auf, Frano Buhovac konnte in Freiberg leider seine Ambitionen nicht verwirklichen und das U19 Eigengew\u00e4chs Talha \u00d6zen m\u00f6chte sich mit seinem Wechsel zu T\u00fcrkspor Neckarsulm mit mehr Spielzeiten weiterentwickeln.<\/p>\n<p style=\"text-align: justify;\">Der SGV Freiberg Fu\u00dfball bedankt sich bei allen f\u00fcr ihr Engagement und w\u00fcnschen viel Gl\u00fcck und Erfolg auf ihrem weiteren Weg!<\/p>\n<figure id=\"attachment_142380\" aria-describedby=\"caption-attachment-142380\" style=\"width: 700px\" class=\"wp-caption aligncenter\"><img loading=\"lazy\" decoding=\"async\" class=\"size-full wp-image-142380\" src=\"https:\/\/die-webzeitung.de\/stuttgart\/wp-content\/uploads\/sites\/4\/2021\/05\/sgv3.jpg\" alt=\"\" width=\"700\" height=\"570\" srcset=\"https:\/\/die-webzeitung.de\/stuttgart\/wp-content\/uploads\/sites\/4\/2021\/05\/sgv3.jpg 700w, https:\/\/die-webzeitung.de\/stuttgart\/wp-content\/uploads\/sites\/4\/2021\/05\/sgv3-medium.jpg 300w, https:\/\/die-webzeitung.de\/stuttgart\/wp-content\/uploads\/sites\/4\/2021\/05\/sgv3-696x567.jpg 696w, https:\/\/die-webzeitung.de\/stuttgart\/wp-content\/uploads\/sites\/4\/2021\/05\/sgv3-516x420.jpg 516w\" sizes=\"auto, (max-width: 700px) 100vw, 700px\" \/><figcaption id=\"caption-attachment-142380\" class=\"wp-caption-text\">Foto: SGV Freiberg Fu\u00dfball<\/figcaption><\/figure>\n<p style=\"text-align: justify;\"><strong>Freiberg verl\u00e4ngert Vertr\u00e4ge mit Kevin Ikpide und Dean Melo.<\/strong><br \/>\nKevin Ikpide (linkes Bild) kam in allen 13 Ligaspielen und 4 Pokalspielen der annullierten Saison zum Einsatz. Der 23-j\u00e4hrige, 1,88 gro\u00dfe defensive Mittelfeldspieler kam von Kickers Offenbach nach Freiberg und entwickelte sich zur festen Gr\u00f6\u00dfe im Team.<\/p>\n<p style=\"text-align: justify;\">Das 19-j\u00e4hrige, 1,80 gro\u00dfe, St\u00fcrmertalent Dean Melo, ist ein Freiberger Eigengew\u00e4chs. Er kam in seiner ersten (Rumpf)Saison zu 2 Oberligaeins\u00e4tzen und 3 Pokalspielen (1 Tor). Der SGV setzt weitere zwei Jahre auf sein vorhandenes Potential und gibt ihm die Chance sich in einem starken Kader weiter zu entwickeln.<\/p>\n<hr \/>\n<p style=\"text-align: justify;\">\n","protected":false},"excerpt":{"rendered":"<p>Vertr\u00e4ge mit Mario Ebenhofer, Frano Buhovac, Talha \u00d6zen und Leon Cerkez, werden nicht verl\u00e4ngert. Freiberg a. N.| Mario Ebenhofer und Leon Cerkez l\u00f6sten ihre Vertr\u00e4ge aus privaten Gr\u00fcnden auf, Frano Buhovac konnte in Freiberg leider seine Ambitionen nicht verwirklichen und das U19 Eigengew\u00e4chs Talha \u00d6zen m\u00f6chte sich mit seinem Wechsel zu T\u00fcrkspor Neckarsulm mit mehr [&hellip;]<\/p>\n","protected":false},"author":4,"featured_media":0,"comment_status":"closed","ping_status":"open","sticky":false,"template":"","format":"standard","meta":{"inline_featured_image":false,"_exactmetrics_skip_tracking":false,"_exactmetrics_sitenote_active":false,"_exactmetrics_sitenote_note":"","_exactmetrics_sitenote_category":0,"footnotes":""},"categories":[110],"tags":[14857,80,129,5,1080,68,9,119],"class_list":{"0":"post-142376","1":"post","2":"type-post","3":"status-publish","4":"format-standard","6":"category-sport","7":"tag-die-webzeitung","8":"tag-freiberger-seite","9":"tag-fusball","10":"tag-internetzeitung","11":"tag-oberliga","12":"tag-online-zeitung","13":"tag-schaumedia","14":"tag-sgv"},"image_feature":null,"author_name":"Redaktion","pure_taxonomies":{"categories":[{"term_id":110,"name":"Sport","slug":"sport","term_group":0,"term_taxonomy_id":112,"taxonomy":"category","description":"Sportberichte","parent":0,"count":1043,"filter":"raw","image":""}],"tags":[{"term_id":14857,"name":"Die-Webzeitung","slug":"die-webzeitung","term_group":0,"term_taxonomy_id":14876,"taxonomy":"post_tag","description":"","parent":0,"count":3625,"filter":"raw","image":""},{"term_id":80,"name":"Freiberg","slug":"freiberger-seite","term_group":0,"term_taxonomy_id":95,"taxonomy":"post_tag","description":"","parent":0,"count":78,"filter":"raw","image":""},{"term_id":129,"name":"Fu\u00dfball","slug":"fusball","term_group":0,"term_taxonomy_id":131,"taxonomy":"post_tag","description":"","parent":0,"count":171,"filter":"raw","image":""},{"term_id":5,"name":"Internetzeitung","slug":"internetzeitung","term_group":0,"term_taxonomy_id":5,"taxonomy":"post_tag","description":"","parent":0,"count":1461,"filter":"raw","image":""},{"term_id":1080,"name":"Oberliga","slug":"oberliga","term_group":0,"term_taxonomy_id":1089,"taxonomy":"post_tag","description":"","parent":0,"count":35,"filter":"raw","image":""},{"term_id":68,"name":"Online-Zeitung","slug":"online-zeitung","term_group":0,"term_taxonomy_id":69,"taxonomy":"post_tag","description":"","parent":0,"count":3595,"filter":"raw","image":""},{"term_id":9,"name":"SchauMedia","slug":"schaumedia","term_group":0,"term_taxonomy_id":9,"taxonomy":"post_tag","description":"","parent":0,"count":1607,"filter":"raw","image":""},{"term_id":119,"name":"SGV","slug":"sgv","term_group":0,"term_taxonomy_id":121,"taxonomy":"post_tag","description":"","parent":0,"count":66,"filter":"raw","image":""}]},"_links":{"self":[{"href":"https:\/\/die-webzeitung.de\/stuttgart\/wp-json\/wp\/v2\/posts\/142376","targetHints":{"allow":["GET"]}}],"collection":[{"href":"https:\/\/die-webzeitung.de\/stuttgart\/wp-json\/wp\/v2\/posts"}],"about":[{"href":"https:\/\/die-webzeitung.de\/stuttgart\/wp-json\/wp\/v2\/types\/post"}],"author":[{"embeddable":true,"href":"https:\/\/die-webzeitung.de\/stuttgart\/wp-json\/wp\/v2\/users\/4"}],"replies":[{"embeddable":true,"href":"https:\/\/die-webzeitung.de\/stuttgart\/wp-json\/wp\/v2\/comments?post=142376"}],"version-history":[{"count":3,"href":"https:\/\/die-webzeitung.de\/stuttgart\/wp-json\/wp\/v2\/posts\/142376\/revisions"}],"predecessor-version":[{"id":142381,"href":"https:\/\/die-webzeitung.de\/stuttgart\/wp-json\/wp\/v2\/posts\/142376\/revisions\/142381"}],"wp:attachment":[{"href":"https:\/\/die-webzeitung.de\/stuttgart\/wp-json\/wp\/v2\/media?parent=142376"}],"wp:term":[{"taxonomy":"category","embeddable":true,"href":"https:\/\/die-webzeitung.de\/stuttgart\/wp-json\/wp\/v2\/categories?post=142376"},{"taxonomy":"post_tag","embeddable":true,"href":"https:\/\/die-webzeitung.de\/stuttgart\/wp-json\/wp\/v2\/tags?post=142376"}],"curies":[{"name":"wp","href":"https:\/\/api.w.org\/{rel}","templated":true}]}}