{"id":142371,"date":"2021-05-28T16:32:55","date_gmt":"2021-05-28T15:32:55","guid":{"rendered":"https:\/\/die-webzeitung.de\/stuttgart\/?p=142371"},"modified":"2021-05-28T16:32:55","modified_gmt":"2021-05-28T15:32:55","slug":"allianz-mtv-neuzugang-aus-den-niederlanden","status":"publish","type":"post","link":"https:\/\/die-webzeitung.de\/stuttgart\/2021\/05\/28\/allianz-mtv-neuzugang-aus-den-niederlanden\/","title":{"rendered":"Allianz-MTV: Neuzugang aus den Niederlanden"},"content":{"rendered":"<div>\n<pre><\/pre>\n<\/div>\n<div>\n<div style=\"text-align: justify;\"><img loading=\"lazy\" decoding=\"async\" class=\"alignleft size-thumbnail wp-image-142174\" src=\"https:\/\/die-webzeitung.de\/stuttgart\/wp-content\/uploads\/sites\/4\/2021\/05\/mtv-small.png\" alt=\"\" width=\"150\" height=\"150\" srcset=\"https:\/\/die-webzeitung.de\/stuttgart\/wp-content\/uploads\/sites\/4\/2021\/05\/mtv-small.png 150w, https:\/\/die-webzeitung.de\/stuttgart\/wp-content\/uploads\/sites\/4\/2021\/05\/mtv-medium.png 300w, https:\/\/die-webzeitung.de\/stuttgart\/wp-content\/uploads\/sites\/4\/2021\/05\/mtv.png 700w, https:\/\/die-webzeitung.de\/stuttgart\/wp-content\/uploads\/sites\/4\/2021\/05\/mtv-696x696.png 696w, https:\/\/die-webzeitung.de\/stuttgart\/wp-content\/uploads\/sites\/4\/2021\/05\/mtv-420x420.png 420w\" sizes=\"auto, (max-width: 150px) 100vw, 150px\" \/>Stuttgart.| Eline Timmerman wechselt vom Ligakonkurrenten Ladies in Black Aachen an den Neckar. Mit der Verpflichtung der niederl\u00e4ndischen Nationalspielerin ist der Mittelblock beim Vizemeister aus Stuttgart komplett.<\/div>\n<div><\/div>\n<div style=\"text-align: justify;\">Die 22-j\u00e4hrige Timmerman wurde in Rijssen geboren, wo auch ihre Volleyballkarriere begann. Nach Stationen im Talentteam Papendal, bei Alterno Apeldoorn und Eurosped Twente spielte die Niederl\u00e4nderin in der vergangenen Spielzeit bereits in der Volleyball Bundesliga f\u00fcr die Ladies ins Black Aachen. In Stuttgart unterschreibt Eline Timmerman ein Zwei-Jahres-Vertrag bis 2023.<\/div>\n<div><\/div>\n<div style=\"text-align: justify;\">Die 1,91m gro\u00dfe Mittelblockerin gab im Rahmen der Volleyball Nations League ihr Deb\u00fct in der niederl\u00e4ndischen Nationalmannschaft, mit welcher sie auch aktuell in Rimini unter anderem gegen das deutsche Nationalteam um den begehrten Cup k\u00e4mpft.<\/div>\n<div style=\"text-align: justify;\"><\/div>\n<div style=\"text-align: justify;\">Sportdirektorin Kim Renkema: \u201eEline ist ein enorm gro\u00dfes Talent in der Volleyballwelt. Dies hat sich bereits in ihrer Zeit bei holl\u00e4ndischen Vereinen abgezeichnet. In Aachen hat sie sich dann weiterentwickelt und konnte sich so einen Stammplatz erk\u00e4mpfen. Auch bei der momentan stattfindenden Nations League macht sie einen sehr guten Job und lernt permanent dazu. Ich bin sicher, dass Eline ein unglaublich gro\u00dfes Potential mit sich bringt und wir sehr viel Freude mit ihr in Stuttgart haben werden. Mir war es sehr wichtig, dass wir Eline f\u00fcr zwei Jahre verpflichten konnten. Nur so haben wir gemeinsam die M\u00f6glichkeit ihr Talent weiterzuentwickeln, was auch eines ihrer Ziele ist. Bereits heute geh\u00f6rt Eline zu den Gro\u00dfen in ihrem Sport, aber wir sind davon \u00fcberzeugt, dass wir aus ihr noch viel viel mehr herausholen k\u00f6nnen. Ich freue mich sehr, dass wir sie f\u00fcr Stuttgart gewinnen konnten.\u201c<\/div>\n<div style=\"text-align: justify;\"><\/div>\n<div style=\"text-align: justify;\">Trainer Tore Aleksandersen: \u201eMit Eline haben wir eines der gr\u00f6\u00dften Mittelblock-Talente in der Liga verpflichtet. Sie spielt schon jetzt auf einem sehr hohen internationalen Niveau. Dies hat sie bereits mehrfach unter Beweis gestellt. Ich freue mich sehr, dass es gelungen ist, sie f\u00fcr Allianz MTV Stuttgart zu gewinnen und ich kann es kaum abwarten mit ihr in die t\u00e4gliche Arbeit einzusteigen. Wir haben in der neuen Saison drei sehr gute Mittelblockerinnen mit Juliet, Mira und Eline. Ich war sehr beeindruckt von all dem, was ich von ihr bereits gesehen habe, als wir gegen Aachen gespielt haben. Nicht nur die erzielten Punkte sprechen f\u00fcr sie, sondern auch ihre Einstellung. Ich freue mich wirklich, dass wir eine Mittelblockerin auf diesem Niveau verpflichten konnten, denn ich wei\u00df jetzt schon, dass sie eine wichtige Rolle im Team spielen und mit ein Schl\u00fcssel zum Erfolg sein wird.\u201c<\/p>\n<hr \/>\n<\/div>\n<\/div>\n","protected":false},"excerpt":{"rendered":"<p>Stuttgart.| Eline Timmerman wechselt vom Ligakonkurrenten Ladies in Black Aachen an den Neckar. Mit der Verpflichtung der niederl\u00e4ndischen Nationalspielerin ist der Mittelblock beim Vizemeister aus Stuttgart komplett. Die 22-j\u00e4hrige Timmerman wurde in Rijssen geboren, wo auch ihre Volleyballkarriere begann. Nach Stationen im Talentteam Papendal, bei Alterno Apeldoorn und Eurosped Twente spielte die Niederl\u00e4nderin in der [&hellip;]<\/p>\n","protected":false},"author":4,"featured_media":142372,"comment_status":"closed","ping_status":"open","sticky":false,"template":"","format":"standard","meta":{"inline_featured_image":false,"_exactmetrics_skip_tracking":false,"_exactmetrics_sitenote_active":false,"_exactmetrics_sitenote_note":"","_exactmetrics_sitenote_category":0,"footnotes":""},"categories":[110],"tags":[16187,14857,5,68,9,10629],"class_list":{"0":"post-142371","1":"post","2":"type-post","3":"status-publish","4":"format-standard","5":"has-post-thumbnail","7":"category-sport","8":"tag-allianz-mtv","9":"tag-die-webzeitung","10":"tag-internetzeitung","11":"tag-online-zeitung","12":"tag-schaumedia","13":"tag-volleyball"},"image_feature":"https:\/\/die-webzeitung.de\/stuttgart\/wp-content\/uploads\/sites\/4\/2021\/05\/amtv.jpg","author_name":"Redaktion","pure_taxonomies":{"categories":[{"term_id":110,"name":"Sport","slug":"sport","term_group":0,"term_taxonomy_id":112,"taxonomy":"category","description":"Sportberichte","parent":0,"count":1043,"filter":"raw","image":""}],"tags":[{"term_id":16187,"name":"Allianz MTV","slug":"allianz-mtv","term_group":0,"term_taxonomy_id":16206,"taxonomy":"post_tag","description":"","parent":0,"count":44,"filter":"raw","image":""},{"term_id":14857,"name":"Die-Webzeitung","slug":"die-webzeitung","term_group":0,"term_taxonomy_id":14876,"taxonomy":"post_tag","description":"","parent":0,"count":3627,"filter":"raw","image":""},{"term_id":5,"name":"Internetzeitung","slug":"internetzeitung","term_group":0,"term_taxonomy_id":5,"taxonomy":"post_tag","description":"","parent":0,"count":1461,"filter":"raw","image":""},{"term_id":68,"name":"Online-Zeitung","slug":"online-zeitung","term_group":0,"term_taxonomy_id":69,"taxonomy":"post_tag","description":"","parent":0,"count":3597,"filter":"raw","image":""},{"term_id":9,"name":"SchauMedia","slug":"schaumedia","term_group":0,"term_taxonomy_id":9,"taxonomy":"post_tag","description":"","parent":0,"count":1607,"filter":"raw","image":""},{"term_id":10629,"name":"Volleyball","slug":"volleyball","term_group":0,"term_taxonomy_id":10665,"taxonomy":"post_tag","description":"","parent":0,"count":90,"filter":"raw","image":""}]},"_links":{"self":[{"href":"https:\/\/die-webzeitung.de\/stuttgart\/wp-json\/wp\/v2\/posts\/142371","targetHints":{"allow":["GET"]}}],"collection":[{"href":"https:\/\/die-webzeitung.de\/stuttgart\/wp-json\/wp\/v2\/posts"}],"about":[{"href":"https:\/\/die-webzeitung.de\/stuttgart\/wp-json\/wp\/v2\/types\/post"}],"author":[{"embeddable":true,"href":"https:\/\/die-webzeitung.de\/stuttgart\/wp-json\/wp\/v2\/users\/4"}],"replies":[{"embeddable":true,"href":"https:\/\/die-webzeitung.de\/stuttgart\/wp-json\/wp\/v2\/comments?post=142371"}],"version-history":[{"count":1,"href":"https:\/\/die-webzeitung.de\/stuttgart\/wp-json\/wp\/v2\/posts\/142371\/revisions"}],"predecessor-version":[{"id":142373,"href":"https:\/\/die-webzeitung.de\/stuttgart\/wp-json\/wp\/v2\/posts\/142371\/revisions\/142373"}],"wp:featuredmedia":[{"embeddable":true,"href":"https:\/\/die-webzeitung.de\/stuttgart\/wp-json\/wp\/v2\/media\/142372"}],"wp:attachment":[{"href":"https:\/\/die-webzeitung.de\/stuttgart\/wp-json\/wp\/v2\/media?parent=142371"}],"wp:term":[{"taxonomy":"category","embeddable":true,"href":"https:\/\/die-webzeitung.de\/stuttgart\/wp-json\/wp\/v2\/categories?post=142371"},{"taxonomy":"post_tag","embeddable":true,"href":"https:\/\/die-webzeitung.de\/stuttgart\/wp-json\/wp\/v2\/tags?post=142371"}],"curies":[{"name":"wp","href":"https:\/\/api.w.org\/{rel}","templated":true}]}}