{"id":142357,"date":"2021-05-27T15:12:27","date_gmt":"2021-05-27T14:12:27","guid":{"rendered":"https:\/\/die-webzeitung.de\/stuttgart\/?p=142357"},"modified":"2021-05-27T15:12:27","modified_gmt":"2021-05-27T14:12:27","slug":"landkreis-kommt-in-die-2-stufe-des-oeffnungskonzepts-des-landes","status":"publish","type":"post","link":"https:\/\/die-webzeitung.de\/stuttgart\/2021\/05\/27\/landkreis-kommt-in-die-2-stufe-des-oeffnungskonzepts-des-landes\/","title":{"rendered":"Landkreis kommt in die 2. Stufe des \u00d6ffnungskonzepts des Landes"},"content":{"rendered":"<h5 style=\"text-align: justify;\"><strong>14 Tage nach Stufe 1 greifen ab 1. Juni die n\u00e4chsten Lockerungen \u2013 zudem ist man bereits unter der 50er-Marke<\/strong><\/h5>\n<p style=\"text-align: justify;\">Kreis B\u00f6blingen, 27.05.2021.| Der Landkreis B\u00f6blingen kann angesichts stetig sinkender Zahlen die zweite Stufe des \u00d6ffnungskonzepts beschreiten. Parallel r\u00fcckt das Unterschreiten der n\u00e4chsten Marke von 50 an f\u00fcnf aufeinander folgenden Werktagen in greifbare N\u00e4he.<\/p>\n<p style=\"text-align: justify;\">Das Stufenkonzept des Landes sieht vor, dass ein Land- oder Stadtkreis 14 Tage nach \u00d6ffnungsschritt 1, wenn die Inzidenz stetig weiter gesunken ist, in Stufe 2 kommt. Ausgehend vom 17. Mai, an dem man in Stufe 1 gekommen war, sind die 14 Tage im Landkreis B\u00f6blingen am 31. Mai vorbei. \u201eWir freuen uns \u00fcber die weiteren Lockerungen, die mit einer sinkenden Inzidenz m\u00f6glich werden\u201c, erkl\u00e4rt Landrat Roland Bernhard. \u201eWarum unsere Zahlen so gut sind, dar\u00fcber l\u00e4sst sich letztlich nur spekulieren; aber wir sind stolz auf unser hervorragendes Testkonzept und das gute Netz an Teststellen.\u201c Am Montag, 31. Mai, wird festgestellt, dass die neuerliche Frist verstrichen ist, ab Dienstag, 1. Juni, treten die neuen Regelungen in Kraft.<\/p>\n<p style=\"text-align: justify;\">In Stufe 2 sind zus\u00e4tzliche \u00d6ffnungen mit Test- und Hygienekonzept m\u00f6glich (mit tagesaktuellem Coronatest und Hygienema\u00dfnahmen sowie Kontaktdokumentation). Beispielsweise kann die Gastronomie nun von 6 bis 22 Uhr \u00f6ffnen, (innen 1 Gast pro 2,5 m\u00b2, Tische mit 1,5 m Abstand, und au\u00dfen unter Einhaltung der AHA-Regeln). Au\u00dferdem k\u00f6nnen Kulturveranstaltungen innen bis 100 Personen, au\u00dfen bis 250 Personen stattfinden. Wellnessbereiche, Saunen und Schwimmb\u00e4der innen und au\u00dfen in Beherbergungsbetrieben f\u00fcr \u00dcbernachtungsg\u00e4ste k\u00f6nnen \u00f6ffnen (1 Person pro 20 m\u00b2), ansonsten Wellnessbereiche und Saunen innen und au\u00dfen f\u00fcr Gruppen bis 10 Personen, Schwimmb\u00e4der innen und au\u00dfen (1 Person pro 20 m\u00b2). Kontaktarmer Freizeit- und Amateursport in Sportanlagen, -st\u00e4tten und -studios (1 Person pro 20 m\u00b2) ist innen und au\u00dfen erlaubt, Veranstaltungen des Spitzen- und Profisports k\u00f6nnen mit bis zu 250 Zuschauern innen und au\u00dfen stattfinden. Bei Veranstaltungen zur Religionsaus\u00fcbung ist Gemeindegesang zul\u00e4ssig.<\/p>\n<p style=\"text-align: justify;\">Zudem geht es parallel zum Stufenkonzept um die weitere wichtige Inzidenzmarke von 50. Diese ist im Landkreis B\u00f6blingen erstmals am Dienstag, 25. Mai, unterschritten worden. Damit die mit einer Inzidenz unter 50 verbundenen Lockerungen greifen, muss die Marke an f\u00fcnf aufeinander folgenden Tagen unterschritten sein. Z\u00e4hlt man den 25. Mai als ersten Tag, dann w\u00e4re Samstag, 29. Mai, der f\u00fcnfte Tag. Nach Bekanntmachung am Sonntag, 30. Mai, \u00fcber die Website des Landkreises, k\u00f6nnten die weiteren Regelungen ab Montag, 31. Mai, gelten.<\/p>\n<p style=\"text-align: justify;\">Mit dieser Unterschreitung der 50 w\u00e4re dann verbunden: Treffen im privaten oder \u00f6ffentlichen Raum mit 10 Person aus bis zu 3 Haushalten (Kinder bis einschlie\u00dflich 13 Jahre werden nicht mitgez\u00e4hlt), der Einzelhandel kann ohne Testpflicht und mit ge\u00e4nderten Regelungen hinsichtlich der Fl\u00e4che \u00f6ffnen, B\u00fcchereien und Galerien k\u00f6nnen ohne Auflagen \u00f6ffnen.<\/p>\n<p style=\"text-align: justify;\">Auf der Corona-Informationsseite des Landkreises B\u00f6blingen, <a href=\"http:\/\/www.lrabb.de\" target=\"_blank\" rel=\"noopener\">www.lrabb.de<\/a>, Informationen zum Corona-Virus, ist die jeweils aktuelle Fassung der Corona-Verordnung des Landes verlinkt. Insbesondere finden sich die dargestellten Regelungen i.Z.m. Stufenkonzept und Erreichen 50er-Marke in einem Merkblatt \u201eAuf einen Blick\u201c.<\/p>\n<hr \/>\n<p style=\"text-align: justify;\">\n","protected":false},"excerpt":{"rendered":"<p>14 Tage nach Stufe 1 greifen ab 1. Juni die n\u00e4chsten Lockerungen \u2013 zudem ist man bereits unter der 50er-Marke Kreis B\u00f6blingen, 27.05.2021.| Der Landkreis B\u00f6blingen kann angesichts stetig sinkender Zahlen die zweite Stufe des \u00d6ffnungskonzepts beschreiten. Parallel r\u00fcckt das Unterschreiten der n\u00e4chsten Marke von 50 an f\u00fcnf aufeinander folgenden Werktagen in greifbare N\u00e4he. Das [&hellip;]<\/p>\n","protected":false},"author":4,"featured_media":0,"comment_status":"closed","ping_status":"open","sticky":false,"template":"","format":"standard","meta":{"inline_featured_image":false,"_exactmetrics_skip_tracking":false,"_exactmetrics_sitenote_active":false,"_exactmetrics_sitenote_note":"","_exactmetrics_sitenote_category":0,"footnotes":""},"categories":[2246],"tags":[3061,16573,14857,17031,68],"class_list":{"0":"post-142357","1":"post","2":"type-post","3":"status-publish","4":"format-standard","6":"category-kreis-boeblingen","7":"tag-boblingen","8":"tag-corona","9":"tag-die-webzeitung","10":"tag-oeffnungskonzept","11":"tag-online-zeitung"},"image_feature":null,"author_name":"Redaktion","pure_taxonomies":{"categories":[{"term_id":2246,"name":"Kreis B\u00f6blingen","slug":"kreis-boeblingen","term_group":0,"term_taxonomy_id":2259,"taxonomy":"category","description":"","parent":171,"count":197,"filter":"raw","image":""}],"tags":[{"term_id":3061,"name":"B\u00f6blingen","slug":"boblingen","term_group":0,"term_taxonomy_id":3075,"taxonomy":"post_tag","description":"","parent":0,"count":260,"filter":"raw","image":""},{"term_id":16573,"name":"Corona","slug":"corona","term_group":0,"term_taxonomy_id":16592,"taxonomy":"post_tag","description":"","parent":0,"count":81,"filter":"raw","image":""},{"term_id":14857,"name":"Die-Webzeitung","slug":"die-webzeitung","term_group":0,"term_taxonomy_id":14876,"taxonomy":"post_tag","description":"","parent":0,"count":3625,"filter":"raw","image":""},{"term_id":17031,"name":"\u00d6ffnungskonzept","slug":"oeffnungskonzept","term_group":0,"term_taxonomy_id":17050,"taxonomy":"post_tag","description":"","parent":0,"count":1,"filter":"raw","image":""},{"term_id":68,"name":"Online-Zeitung","slug":"online-zeitung","term_group":0,"term_taxonomy_id":69,"taxonomy":"post_tag","description":"","parent":0,"count":3595,"filter":"raw","image":""}]},"_links":{"self":[{"href":"https:\/\/die-webzeitung.de\/stuttgart\/wp-json\/wp\/v2\/posts\/142357","targetHints":{"allow":["GET"]}}],"collection":[{"href":"https:\/\/die-webzeitung.de\/stuttgart\/wp-json\/wp\/v2\/posts"}],"about":[{"href":"https:\/\/die-webzeitung.de\/stuttgart\/wp-json\/wp\/v2\/types\/post"}],"author":[{"embeddable":true,"href":"https:\/\/die-webzeitung.de\/stuttgart\/wp-json\/wp\/v2\/users\/4"}],"replies":[{"embeddable":true,"href":"https:\/\/die-webzeitung.de\/stuttgart\/wp-json\/wp\/v2\/comments?post=142357"}],"version-history":[{"count":1,"href":"https:\/\/die-webzeitung.de\/stuttgart\/wp-json\/wp\/v2\/posts\/142357\/revisions"}],"predecessor-version":[{"id":142358,"href":"https:\/\/die-webzeitung.de\/stuttgart\/wp-json\/wp\/v2\/posts\/142357\/revisions\/142358"}],"wp:attachment":[{"href":"https:\/\/die-webzeitung.de\/stuttgart\/wp-json\/wp\/v2\/media?parent=142357"}],"wp:term":[{"taxonomy":"category","embeddable":true,"href":"https:\/\/die-webzeitung.de\/stuttgart\/wp-json\/wp\/v2\/categories?post=142357"},{"taxonomy":"post_tag","embeddable":true,"href":"https:\/\/die-webzeitung.de\/stuttgart\/wp-json\/wp\/v2\/tags?post=142357"}],"curies":[{"name":"wp","href":"https:\/\/api.w.org\/{rel}","templated":true}]}}