{"id":142351,"date":"2021-05-27T13:23:37","date_gmt":"2021-05-27T12:23:37","guid":{"rendered":"https:\/\/die-webzeitung.de\/stuttgart\/?p=142351"},"modified":"2021-05-27T13:23:37","modified_gmt":"2021-05-27T12:23:37","slug":"softball-deutschland-gewinnt-zweimal-gegen-die-schweiz","status":"publish","type":"post","link":"https:\/\/die-webzeitung.de\/stuttgart\/2021\/05\/27\/softball-deutschland-gewinnt-zweimal-gegen-die-schweiz\/","title":{"rendered":"Softball: Deutschland gewinnt zweimal gegen die Schweiz"},"content":{"rendered":"<h5 style=\"text-align: justify;\"><strong>Deutsche Softballnationalmannschaft schlie\u00dft Kaderma\u00dfnahme mit zwei klaren Siegen \u00fcber die Schweiz ab.<\/strong><\/h5>\n<p style=\"text-align: justify;\">F\u00fcr die Deutsche Softballnationalmannschaft stand das lange Pfingstwochenende ganz im Zeichen der Vorbereitung auf die Europameisterschaften Ende Juni. Zun\u00e4chst standen in Regensburg am Samstag und Sonntag je ein Double-Header gegen die Nationalmannschaften aus Tschechien und \u00d6sterreich auf dem Plan, bevor am Montag auf dem Softballplatz des Turnverein Cannstatt die Schweizer \u201eNati\u201c der abschlie\u00dfende Gegner einer \u00fcberaus erfolgreichen Spieleserie war.<\/p>\n<p style=\"text-align: justify;\">Das deutsche Team begann die erste Partie mit der Battery Claudia Volkmann am Pitching Rubber und Alex Str\u00fcwe hinter der Home Plate. Von Beginn an hatte Volkmann das Schweizer Team gut im Griff, ebenso wie Hannah Held, die zwischenzeitlich \u00fcbernahm. Im Konzert mit einer fehlerfreien Defense lie\u00dfen sie keinerlei Runs zu und gaben in 7 Innings lediglich 4 Hits sowie 2 Walks, bei 11 Strike Outs ab.<\/p>\n<p style=\"text-align: justify;\">Offensiv war Team Deutschland von Beginn an konzentriert und aggressiv, erzielte 10 Hits, zwang die Schweizerinnen zu 6 Errors und punktete mit Ausnahme des zweiten Durchgangs in jedem Inning. Harte Hits, gemischt mit konsequentem \u201eSmall Ball\u201c und den erzwungenen Fehlern in der gegnerischen Defensive brachten am Ende einen ebenso klaren wie verdienten 10:0 Sieg in Spiel 1.<\/p>\n<p style=\"text-align: justify;\">Spiel 2 begann Deutschland mit der Battery aus Pitcherin Lee Lankhorst Catcherin Jenny Weil. Auch insgesamt spielte Deutschland nun mit einer fast komplett ver\u00e4nderten Aufstellung, das Resultat bleib aber \u00e4hnlich wie in Spiel 1. Lee Lankhorst gab im Verbund mit Mara Sandner ebenfalls nur 4 Hits und 3 Walks ab, bei 7 Strike Outs und einem Error im Feld und lie\u00dfen auch in Spiel 2 keinen gegnerischen Run zu.<\/p>\n<p style=\"text-align: justify;\">Deutschland konnte hingegen in den ersten beiden Innings jeweils einen Run vorlegen und mit einem Big Inning in Durchgang drei insgesamt 7 Runs nachlegen, die das Spiel faktisch entschieden. In den vier folgenden Innings dominierten auf beiden Seiten die Defensivreihen und so blieb es am Ende beim Ergebnis von 9:0 f\u00fcr das Team des Deutschen Baseball- und Softballverbandes.<\/p>\n<p style=\"text-align: justify;\">Insgesamt eine sehr erfolgreiche Kaderma\u00dfnahme f\u00fcr die deutschen Damen, die gleich am Samstag ein Ausrufezeichen setzen konnten, als sie dem Team aus Tschechien, immerhin die Nummer drei der europ\u00e4ischen Rangliste einen 1:0 Sieg abringen konnten und das Spiel 2 mit 4:1 auch nur sehr knapp abgeben mu\u00dften. Gegen \u00d6sterreich konnte beide Spiele mit \/:0 und 10:3 Runs deutlich gewonnen werden und gegen die Schweiz konnte man sogar zwei Shut-Outs erreichen.<\/p>\n<p style=\"text-align: justify;\">Aus Stuttgarter Sicht mindestens genauso erfreulich war die Leistung von Eigengew\u00e4chs Jenny Weil, die neben fehlerfreier Defense auch offensiv \u00fcberzeugen konnte. F\u00fcr sie standen am Ende des Tages 2 Singles, 1 Double, 1 Run, 2RBI zu Buche.<\/p>\n<p style=\"text-align: justify;\">Nachdem auch das Wetter mitspielte, war das Corona-bedingte Fehlen von Zuschauern eigentlich der einzige Wermutstropfen und so hoffen die Reds darauf die Nationalmannschaft wieder einmal im TVC-Ballpark begr\u00fc\u00dfen zu d\u00fcrfen, wenn Corona endlich hinter uns liegt und dann auch wieder Zuschauer erlaubt sein werden.<\/p>\n<hr \/>\n<p style=\"text-align: justify;\">\n","protected":false},"excerpt":{"rendered":"<p>Deutsche Softballnationalmannschaft schlie\u00dft Kaderma\u00dfnahme mit zwei klaren Siegen \u00fcber die Schweiz ab. F\u00fcr die Deutsche Softballnationalmannschaft stand das lange Pfingstwochenende ganz im Zeichen der Vorbereitung auf die Europameisterschaften Ende Juni. Zun\u00e4chst standen in Regensburg am Samstag und Sonntag je ein Double-Header gegen die Nationalmannschaften aus Tschechien und \u00d6sterreich auf dem Plan, bevor am Montag auf [&hellip;]<\/p>\n","protected":false},"author":4,"featured_media":142353,"comment_status":"closed","ping_status":"open","sticky":false,"template":"","format":"standard","meta":{"inline_featured_image":false,"_exactmetrics_skip_tracking":false,"_exactmetrics_sitenote_active":false,"_exactmetrics_sitenote_note":"","_exactmetrics_sitenote_category":0,"footnotes":""},"categories":[59,110],"tags":[2760,14857,68,6908,9,14105,8275],"class_list":{"0":"post-142351","1":"post","2":"type-post","3":"status-publish","4":"format-standard","5":"has-post-thumbnail","7":"category-aktuell","8":"category-sport","9":"tag-baseball","10":"tag-die-webzeitung","11":"tag-online-zeitung","12":"tag-reds","13":"tag-schaumedia","14":"tag-softball","15":"tag-tv-cannstatt"},"image_feature":"https:\/\/die-webzeitung.de\/stuttgart\/wp-content\/uploads\/sites\/4\/2021\/05\/sb1.jpg","author_name":"Redaktion","pure_taxonomies":{"categories":[{"term_id":59,"name":"Aktuell","slug":"aktuell","term_group":0,"term_taxonomy_id":60,"taxonomy":"category","description":"","parent":0,"count":1017,"filter":"raw","image":""},{"term_id":110,"name":"Sport","slug":"sport","term_group":0,"term_taxonomy_id":112,"taxonomy":"category","description":"Sportberichte","parent":0,"count":1043,"filter":"raw","image":""}],"tags":[{"term_id":2760,"name":"Baseball","slug":"baseball","term_group":0,"term_taxonomy_id":2774,"taxonomy":"post_tag","description":"","parent":0,"count":126,"filter":"raw","image":""},{"term_id":14857,"name":"Die-Webzeitung","slug":"die-webzeitung","term_group":0,"term_taxonomy_id":14876,"taxonomy":"post_tag","description":"","parent":0,"count":3625,"filter":"raw","image":""},{"term_id":68,"name":"Online-Zeitung","slug":"online-zeitung","term_group":0,"term_taxonomy_id":69,"taxonomy":"post_tag","description":"","parent":0,"count":3595,"filter":"raw","image":""},{"term_id":6908,"name":"Reds","slug":"reds","term_group":0,"term_taxonomy_id":6930,"taxonomy":"post_tag","description":"","parent":0,"count":127,"filter":"raw","image":""},{"term_id":9,"name":"SchauMedia","slug":"schaumedia","term_group":0,"term_taxonomy_id":9,"taxonomy":"post_tag","description":"","parent":0,"count":1607,"filter":"raw","image":""},{"term_id":14105,"name":"Softball","slug":"softball","term_group":0,"term_taxonomy_id":14147,"taxonomy":"post_tag","description":"","parent":0,"count":29,"filter":"raw","image":""},{"term_id":8275,"name":"TV Cannstatt","slug":"tv-cannstatt","term_group":0,"term_taxonomy_id":8298,"taxonomy":"post_tag","description":"","parent":0,"count":124,"filter":"raw","image":""}]},"_links":{"self":[{"href":"https:\/\/die-webzeitung.de\/stuttgart\/wp-json\/wp\/v2\/posts\/142351","targetHints":{"allow":["GET"]}}],"collection":[{"href":"https:\/\/die-webzeitung.de\/stuttgart\/wp-json\/wp\/v2\/posts"}],"about":[{"href":"https:\/\/die-webzeitung.de\/stuttgart\/wp-json\/wp\/v2\/types\/post"}],"author":[{"embeddable":true,"href":"https:\/\/die-webzeitung.de\/stuttgart\/wp-json\/wp\/v2\/users\/4"}],"replies":[{"embeddable":true,"href":"https:\/\/die-webzeitung.de\/stuttgart\/wp-json\/wp\/v2\/comments?post=142351"}],"version-history":[{"count":1,"href":"https:\/\/die-webzeitung.de\/stuttgart\/wp-json\/wp\/v2\/posts\/142351\/revisions"}],"predecessor-version":[{"id":142354,"href":"https:\/\/die-webzeitung.de\/stuttgart\/wp-json\/wp\/v2\/posts\/142351\/revisions\/142354"}],"wp:featuredmedia":[{"embeddable":true,"href":"https:\/\/die-webzeitung.de\/stuttgart\/wp-json\/wp\/v2\/media\/142353"}],"wp:attachment":[{"href":"https:\/\/die-webzeitung.de\/stuttgart\/wp-json\/wp\/v2\/media?parent=142351"}],"wp:term":[{"taxonomy":"category","embeddable":true,"href":"https:\/\/die-webzeitung.de\/stuttgart\/wp-json\/wp\/v2\/categories?post=142351"},{"taxonomy":"post_tag","embeddable":true,"href":"https:\/\/die-webzeitung.de\/stuttgart\/wp-json\/wp\/v2\/tags?post=142351"}],"curies":[{"name":"wp","href":"https:\/\/api.w.org\/{rel}","templated":true}]}}