{"id":142332,"date":"2021-05-25T14:51:04","date_gmt":"2021-05-25T13:51:04","guid":{"rendered":"https:\/\/die-webzeitung.de\/stuttgart\/?p=142332"},"modified":"2021-05-25T14:51:04","modified_gmt":"2021-05-25T13:51:04","slug":"belgische-nationalspielerin-schlaegt-in-stuttgart-auf","status":"publish","type":"post","link":"https:\/\/die-webzeitung.de\/stuttgart\/2021\/05\/25\/belgische-nationalspielerin-schlaegt-in-stuttgart-auf\/","title":{"rendered":"Belgische Nationalspielerin schl\u00e4gt in Stuttgart auf"},"content":{"rendered":"<p style=\"text-align: justify;\"><img loading=\"lazy\" decoding=\"async\" class=\"alignleft size-thumbnail wp-image-142174\" src=\"https:\/\/die-webzeitung.de\/stuttgart\/wp-content\/uploads\/sites\/4\/2021\/05\/mtv-small.png\" alt=\"\" width=\"150\" height=\"150\" srcset=\"https:\/\/die-webzeitung.de\/stuttgart\/wp-content\/uploads\/sites\/4\/2021\/05\/mtv-small.png 150w, https:\/\/die-webzeitung.de\/stuttgart\/wp-content\/uploads\/sites\/4\/2021\/05\/mtv-medium.png 300w, https:\/\/die-webzeitung.de\/stuttgart\/wp-content\/uploads\/sites\/4\/2021\/05\/mtv.png 700w, https:\/\/die-webzeitung.de\/stuttgart\/wp-content\/uploads\/sites\/4\/2021\/05\/mtv-696x696.png 696w, https:\/\/die-webzeitung.de\/stuttgart\/wp-content\/uploads\/sites\/4\/2021\/05\/mtv-420x420.png 420w\" sizes=\"auto, (max-width: 150px) 100vw, 150px\" \/>Stuttgart.| Nach dem Abgang der beiden Zuspielerinnen musste Allianz MTV Stuttgart auf den Transfermarkt t\u00e4tig werden. Schnell wurden die Verantwortlichen f\u00fcndig. Ilka van de Vyver unterzeichnet einen Jahresvertrag und wird in der neuen Saison im Zuspiel die Strippen ziehen.<\/p>\n<p style=\"text-align: justify;\">Die 29-j\u00e4hrige belgische Nationalspielerin kehrt somit nach drei Jahren im Ausland zur\u00fcck in die Volleyball Bundesliga. Geboren wurde die 1,79m gro\u00dfe van de Vyver in Dendermonde als Tochter des belgischen Julien van de Vyver. Somit wurde ihr das Talent bereits in die Wiege gelegt. An einer Volleyballschule nahe Br\u00fcssel legte sie den Grundstein ihrer Karriere, bevor sie 2009 beim belgischen Erstligisten Asterix Kieldrecht ihren ersten Profivertrag unterzeichnete. Nach drei sehr erfolgreichen Jahren in der belgischen Liga, in denen sie mit ihrem Team drei Meisterschaften in Folge und zwei Pokalsiege feiern konnte, folgten Stationen in Frankreich (RC Cannes), Italien (Il Bisonte Firenze) und Slowenien (Calcit Volley). In dieser Zeit konnte die Zuspielerin weitere vier nationale Meistertitel sowie einen weiteren Pokalerfolg f\u00fcr sich verbuchen. Mit dem RC Cannes zeigte sie zudem in der CEV Champions League ihr Talent. In der Saison 2017\/18 schnupperte van de Vyver das erste Mal Bundesligaluft, als sie f\u00fcr den Ligakonkurrenten Rote Raben Vilsbiburg ans Netz ging. Nach zwei Jahren in Niederbayern zog es das Energieb\u00fcndel erneut ins Ausland. In ihren zwei Jahren in Rum\u00e4nien bei CSM Targoviste konnte sie erneut einen nationalen Meistertitel sammeln.<\/p>\n<p style=\"text-align: justify;\">Auch f\u00fcr das belgische Nationalteam ist Ilka van de Vyver bis heute aktiv. Nachdem sie 2009 ihr Deb\u00fct in der U18-Nationalmannschaft gab und direkt Europameisterin und Dritte bei der Weltmeisterschaft wurde, ist sie seit 2013 fester Bestandteil der A-Nationalmannschaft. Mit dieser konnte sie unter anderem einen dritten Platz bei der EM 2013 verbuchen. Dar\u00fcber hinaus folgten viele Platzierungen und Teilnahmen an Europa- und Weltmeisterschaften sowie an World Grand Prix und der Volleyball Nations League.<\/p>\n<p style=\"text-align: justify;\">Sportdirektorin Kim Renkema: \u201eWir haben eine erfahrene Zuspielerin gesucht, denn wir stehen noch immer hinter dem Konzept auf Erfahrung und Talent zu bauen. Ilka weist sowohl auf nationaler als auch auf internationaler Ebene bereits sehr viel Erfahrung auf. Neben Clubstationen in Deutschland und im europ\u00e4ischen Ausland ist sie bereits jahrelang die erste Zuspielerin der belgischen Nationalmannschaft und begleitet in dieser auch das Amt der Mannschaftskapit\u00e4nin. Zudem ist sie eine extrovertierte Person, die immer sehr viel Energie in ein Spiel bringt. Genau das haben wir f\u00fcr die kommende Spielzeit gesucht. Das sie f\u00fcr einen Wechsel nach Deutschland offen war, war also perfekt f\u00fcr uns. Wir freuen uns, eine so erfahrene Zuspielerin bei uns zu haben und wir glauben, dass sie eine sehr wichtige Rolle in dieser Mannschaft spielen wird.\u201c<\/p>\n<p style=\"text-align: justify;\">Trainer Tore Aleksandersen: \u201eIch freue mich, dass wir eine solche Zuspielerin wie Ilka verpflichten konnten. Wir bekommen mit ihr eine Spielerin mit sehr viel Erfahrung, die sie nicht nur in vielen unterschiedlichen L\u00e4ndern, sondern auch bereits in der deutschen Bundesliga sammeln konnte. Zudem ist spielt sie als Zuspielerin in der Nationalmannschaft wichtige Wettbewerbe. Mit ihr bekommen wir eine gro\u00dfartige Anf\u00fchrerin, eine Spielerin die immer 100% gibt. Sie verf\u00fcgt \u00fcber eine einmalige Energie. Ich bin sehr gl\u00fccklich, dass sie f\u00fcr Stuttgart spielen wollte, und ich freue mich, wenn die Europameisterschaft vorbei ist und wir sie im Mannschaftstraining begr\u00fc\u00dfen d\u00fcrfen.\u201c<\/p>\n<hr \/>\n<p style=\"text-align: justify;\">\n","protected":false},"excerpt":{"rendered":"<p>Stuttgart.| Nach dem Abgang der beiden Zuspielerinnen musste Allianz MTV Stuttgart auf den Transfermarkt t\u00e4tig werden. Schnell wurden die Verantwortlichen f\u00fcndig. Ilka van de Vyver unterzeichnet einen Jahresvertrag und wird in der neuen Saison im Zuspiel die Strippen ziehen. Die 29-j\u00e4hrige belgische Nationalspielerin kehrt somit nach drei Jahren im Ausland zur\u00fcck in die Volleyball Bundesliga. [&hellip;]<\/p>\n","protected":false},"author":4,"featured_media":142333,"comment_status":"closed","ping_status":"open","sticky":false,"template":"","format":"standard","meta":{"inline_featured_image":false,"_exactmetrics_skip_tracking":false,"_exactmetrics_sitenote_active":false,"_exactmetrics_sitenote_note":"","_exactmetrics_sitenote_category":0,"footnotes":""},"categories":[110],"tags":[16187,131,14857,68,9,275,10629],"class_list":{"0":"post-142332","1":"post","2":"type-post","3":"status-publish","4":"format-standard","5":"has-post-thumbnail","7":"category-sport","8":"tag-allianz-mtv","9":"tag-bundesliga","10":"tag-die-webzeitung","11":"tag-online-zeitung","12":"tag-schaumedia","13":"tag-stuttgart","14":"tag-volleyball"},"image_feature":"https:\/\/die-webzeitung.de\/stuttgart\/wp-content\/uploads\/sites\/4\/2021\/05\/mtv.jpg","author_name":"Redaktion","pure_taxonomies":{"categories":[{"term_id":110,"name":"Sport","slug":"sport","term_group":0,"term_taxonomy_id":112,"taxonomy":"category","description":"Sportberichte","parent":0,"count":1043,"filter":"raw","image":""}],"tags":[{"term_id":16187,"name":"Allianz MTV","slug":"allianz-mtv","term_group":0,"term_taxonomy_id":16206,"taxonomy":"post_tag","description":"","parent":0,"count":44,"filter":"raw","image":""},{"term_id":131,"name":"Bundesliga","slug":"bundesliga","term_group":0,"term_taxonomy_id":133,"taxonomy":"post_tag","description":"","parent":0,"count":699,"filter":"raw","image":""},{"term_id":14857,"name":"Die-Webzeitung","slug":"die-webzeitung","term_group":0,"term_taxonomy_id":14876,"taxonomy":"post_tag","description":"","parent":0,"count":3625,"filter":"raw","image":""},{"term_id":68,"name":"Online-Zeitung","slug":"online-zeitung","term_group":0,"term_taxonomy_id":69,"taxonomy":"post_tag","description":"","parent":0,"count":3595,"filter":"raw","image":""},{"term_id":9,"name":"SchauMedia","slug":"schaumedia","term_group":0,"term_taxonomy_id":9,"taxonomy":"post_tag","description":"","parent":0,"count":1607,"filter":"raw","image":""},{"term_id":275,"name":"Stuttgart","slug":"stuttgart","term_group":0,"term_taxonomy_id":281,"taxonomy":"post_tag","description":"","parent":0,"count":1195,"filter":"raw","image":""},{"term_id":10629,"name":"Volleyball","slug":"volleyball","term_group":0,"term_taxonomy_id":10665,"taxonomy":"post_tag","description":"","parent":0,"count":90,"filter":"raw","image":""}]},"_links":{"self":[{"href":"https:\/\/die-webzeitung.de\/stuttgart\/wp-json\/wp\/v2\/posts\/142332","targetHints":{"allow":["GET"]}}],"collection":[{"href":"https:\/\/die-webzeitung.de\/stuttgart\/wp-json\/wp\/v2\/posts"}],"about":[{"href":"https:\/\/die-webzeitung.de\/stuttgart\/wp-json\/wp\/v2\/types\/post"}],"author":[{"embeddable":true,"href":"https:\/\/die-webzeitung.de\/stuttgart\/wp-json\/wp\/v2\/users\/4"}],"replies":[{"embeddable":true,"href":"https:\/\/die-webzeitung.de\/stuttgart\/wp-json\/wp\/v2\/comments?post=142332"}],"version-history":[{"count":1,"href":"https:\/\/die-webzeitung.de\/stuttgart\/wp-json\/wp\/v2\/posts\/142332\/revisions"}],"predecessor-version":[{"id":142334,"href":"https:\/\/die-webzeitung.de\/stuttgart\/wp-json\/wp\/v2\/posts\/142332\/revisions\/142334"}],"wp:featuredmedia":[{"embeddable":true,"href":"https:\/\/die-webzeitung.de\/stuttgart\/wp-json\/wp\/v2\/media\/142333"}],"wp:attachment":[{"href":"https:\/\/die-webzeitung.de\/stuttgart\/wp-json\/wp\/v2\/media?parent=142332"}],"wp:term":[{"taxonomy":"category","embeddable":true,"href":"https:\/\/die-webzeitung.de\/stuttgart\/wp-json\/wp\/v2\/categories?post=142332"},{"taxonomy":"post_tag","embeddable":true,"href":"https:\/\/die-webzeitung.de\/stuttgart\/wp-json\/wp\/v2\/tags?post=142332"}],"curies":[{"name":"wp","href":"https:\/\/api.w.org\/{rel}","templated":true}]}}