{"id":142321,"date":"2021-05-24T09:33:04","date_gmt":"2021-05-24T08:33:04","guid":{"rendered":"https:\/\/die-webzeitung.de\/stuttgart\/2021\/05\/24\/svl-startet-mit-heimrecht-in-die-entscheidungsspiele\/"},"modified":"2021-05-24T09:33:04","modified_gmt":"2021-05-24T08:33:04","slug":"svl-startet-mit-heimrecht-in-die-entscheidungsspiele","status":"publish","type":"post","link":"https:\/\/die-webzeitung.de\/stuttgart\/2021\/05\/24\/svl-startet-mit-heimrecht-in-die-entscheidungsspiele\/","title":{"rendered":"SVL startet mit Heimrecht in die Entscheidungsspiele"},"content":{"rendered":"<h5 style=\"text-align: justify;\"><strong>Auftaktturnier um Pl\u00e4tze 5-8<\/strong><\/h5>\n<p style=\"text-align: justify;\"><img loading=\"lazy\" decoding=\"async\" class=\"alignleft size-thumbnail wp-image-158196\" src=\"https:\/\/die-webzeitung.de\/ludwigsburg\/wp-content\/uploads\/sites\/5\/2020\/12\/svl-small.png\" alt=\"\" width=\"150\" height=\"150\" \/>Ludwigsburg.| Nach der Absage der Relegationsspiele gegen den Duisburger SV 98 trifft der SVL im ersten von zwei Turnieren am 29.\/30. Mai im heimischen Freibad Hoheneck auf den SSV Esslingen, die SG Neuk\u00f6lln und die White Sharks Hannover. Ausgespielt werden in einer Hin- und R\u00fcckrunde die Pl\u00e4tze 5-8.<\/p>\n<p style=\"text-align: justify;\">Nach sieben Wochen ohne Pflichtspiel und fast neun Monaten ohne Partie im heimischen Gew\u00e4sser, freut sich das Team von Trainer\u00a0Aleksa Manic auf das Derby gegen den SSV Esslingen, den bereits dritten Vergleich mit der SG Neuk\u00f6lln und die erneute Auflage des\u00a0Dauerduells mit den White -Sharks aus Hannover.<\/p>\n<p style=\"text-align: justify;\">Gespielt wird am 29. und 30. Mai leider weiterhin\u00a0ohne Zuschauer, daf\u00fcr wird der Verein einen umfangreichen Live-Stream zu allen Spielen anbieten.<\/p>\n<hr \/>\n<p style=\"text-align: justify;\">\n","protected":false},"excerpt":{"rendered":"<p>Auftaktturnier um Pl\u00e4tze 5-8 Ludwigsburg.| Nach der Absage der Relegationsspiele gegen den Duisburger SV 98 trifft der SVL im ersten von zwei Turnieren am 29.\/30. Mai im heimischen Freibad Hoheneck auf den SSV Esslingen, die SG Neuk\u00f6lln und die White Sharks Hannover. Ausgespielt werden in einer Hin- und R\u00fcckrunde die Pl\u00e4tze 5-8. Nach sieben Wochen [&hellip;]<\/p>\n","protected":false},"author":4,"featured_media":0,"comment_status":"closed","ping_status":"open","sticky":false,"template":"","format":"standard","meta":{"inline_featured_image":false,"_exactmetrics_skip_tracking":false,"_exactmetrics_sitenote_active":false,"_exactmetrics_sitenote_note":"","_exactmetrics_sitenote_category":0,"footnotes":""},"categories":[110],"tags":[131,14857,5,6,68,9,15012,14387,14388,14027],"class_list":{"0":"post-142321","1":"post","2":"type-post","3":"status-publish","4":"format-standard","6":"category-sport","7":"tag-bundesliga","8":"tag-die-webzeitung","9":"tag-internetzeitung","10":"tag-ludwigsburg","11":"tag-online-zeitung","12":"tag-schaumedia","13":"tag-schwimmen","14":"tag-schwimmverein","15":"tag-svl","16":"tag-wasserball"},"image_feature":null,"author_name":"Redaktion","pure_taxonomies":{"categories":[{"term_id":110,"name":"Sport","slug":"sport","term_group":0,"term_taxonomy_id":112,"taxonomy":"category","description":"Sportberichte","parent":0,"count":1043,"filter":"raw","image":""}],"tags":[{"term_id":131,"name":"Bundesliga","slug":"bundesliga","term_group":0,"term_taxonomy_id":133,"taxonomy":"post_tag","description":"","parent":0,"count":699,"filter":"raw","image":""},{"term_id":14857,"name":"Die-Webzeitung","slug":"die-webzeitung","term_group":0,"term_taxonomy_id":14876,"taxonomy":"post_tag","description":"","parent":0,"count":3625,"filter":"raw","image":""},{"term_id":5,"name":"Internetzeitung","slug":"internetzeitung","term_group":0,"term_taxonomy_id":5,"taxonomy":"post_tag","description":"","parent":0,"count":1461,"filter":"raw","image":""},{"term_id":6,"name":"Ludwigsburg","slug":"ludwigsburg","term_group":0,"term_taxonomy_id":6,"taxonomy":"post_tag","description":"","parent":0,"count":180,"filter":"raw","image":""},{"term_id":68,"name":"Online-Zeitung","slug":"online-zeitung","term_group":0,"term_taxonomy_id":69,"taxonomy":"post_tag","description":"","parent":0,"count":3595,"filter":"raw","image":""},{"term_id":9,"name":"SchauMedia","slug":"schaumedia","term_group":0,"term_taxonomy_id":9,"taxonomy":"post_tag","description":"","parent":0,"count":1607,"filter":"raw","image":""},{"term_id":15012,"name":"schwimmen","slug":"schwimmen","term_group":0,"term_taxonomy_id":15031,"taxonomy":"post_tag","description":"","parent":0,"count":149,"filter":"raw","image":""},{"term_id":14387,"name":"Schwimmverein","slug":"schwimmverein","term_group":0,"term_taxonomy_id":14421,"taxonomy":"post_tag","description":"","parent":0,"count":152,"filter":"raw","image":""},{"term_id":14388,"name":"SVL","slug":"svl","term_group":0,"term_taxonomy_id":14422,"taxonomy":"post_tag","description":"","parent":0,"count":151,"filter":"raw","image":""},{"term_id":14027,"name":"Wasserball","slug":"wasserball","term_group":0,"term_taxonomy_id":14069,"taxonomy":"post_tag","description":"","parent":0,"count":132,"filter":"raw","image":""}]},"_links":{"self":[{"href":"https:\/\/die-webzeitung.de\/stuttgart\/wp-json\/wp\/v2\/posts\/142321","targetHints":{"allow":["GET"]}}],"collection":[{"href":"https:\/\/die-webzeitung.de\/stuttgart\/wp-json\/wp\/v2\/posts"}],"about":[{"href":"https:\/\/die-webzeitung.de\/stuttgart\/wp-json\/wp\/v2\/types\/post"}],"author":[{"embeddable":true,"href":"https:\/\/die-webzeitung.de\/stuttgart\/wp-json\/wp\/v2\/users\/4"}],"replies":[{"embeddable":true,"href":"https:\/\/die-webzeitung.de\/stuttgart\/wp-json\/wp\/v2\/comments?post=142321"}],"version-history":[{"count":0,"href":"https:\/\/die-webzeitung.de\/stuttgart\/wp-json\/wp\/v2\/posts\/142321\/revisions"}],"wp:attachment":[{"href":"https:\/\/die-webzeitung.de\/stuttgart\/wp-json\/wp\/v2\/media?parent=142321"}],"wp:term":[{"taxonomy":"category","embeddable":true,"href":"https:\/\/die-webzeitung.de\/stuttgart\/wp-json\/wp\/v2\/categories?post=142321"},{"taxonomy":"post_tag","embeddable":true,"href":"https:\/\/die-webzeitung.de\/stuttgart\/wp-json\/wp\/v2\/tags?post=142321"}],"curies":[{"name":"wp","href":"https:\/\/api.w.org\/{rel}","templated":true}]}}