{"id":142295,"date":"2021-05-21T17:17:05","date_gmt":"2021-05-21T16:17:05","guid":{"rendered":"https:\/\/die-webzeitung.de\/stuttgart\/?p=142295"},"modified":"2021-05-21T17:17:05","modified_gmt":"2021-05-21T16:17:05","slug":"us-amerikanische-rueckkehrerin-fuer-allianz-mtv-stuttgart","status":"publish","type":"post","link":"https:\/\/die-webzeitung.de\/stuttgart\/2021\/05\/21\/us-amerikanische-rueckkehrerin-fuer-allianz-mtv-stuttgart\/","title":{"rendered":"US-amerikanische R\u00fcckkehrerin f\u00fcr Allianz MTV Stuttgart"},"content":{"rendered":"<h5 style=\"text-align: justify;\"><strong>Hammer-Transfer f\u00fcr Stuttgart<\/strong><\/h5>\n<p style=\"text-align: justify;\"><img loading=\"lazy\" decoding=\"async\" class=\"alignleft size-thumbnail wp-image-142174\" src=\"https:\/\/die-webzeitung.de\/stuttgart\/wp-content\/uploads\/sites\/4\/2021\/05\/mtv-small.png\" alt=\"\" width=\"150\" height=\"150\" srcset=\"https:\/\/die-webzeitung.de\/stuttgart\/wp-content\/uploads\/sites\/4\/2021\/05\/mtv-small.png 150w, https:\/\/die-webzeitung.de\/stuttgart\/wp-content\/uploads\/sites\/4\/2021\/05\/mtv-medium.png 300w, https:\/\/die-webzeitung.de\/stuttgart\/wp-content\/uploads\/sites\/4\/2021\/05\/mtv.png 700w, https:\/\/die-webzeitung.de\/stuttgart\/wp-content\/uploads\/sites\/4\/2021\/05\/mtv-696x696.png 696w, https:\/\/die-webzeitung.de\/stuttgart\/wp-content\/uploads\/sites\/4\/2021\/05\/mtv-420x420.png 420w\" sizes=\"auto, (max-width: 150px) 100vw, 150px\" \/>Stuttgart.| Simone Lee geht in der neuen Spielzeit nach 2020 erneut f\u00fcr den deutschen Vize-Meister auf Punktejagd. Die Au\u00dfenangreiferin verst\u00e4rkte damals die Stuttgarterinnen aufgrund vieler Verletzungen. Nun wird sie von Beginn an das Team unterst\u00fctzen.<\/p>\n<p style=\"text-align: justify;\">Die 25-j\u00e4hrige Nationalspielerin kehrt damit an ihre alte Wirkungsst\u00e4tte zur\u00fcck. Mit ihren 1,88m und einer Abschlagsh\u00f6he von 3,05m geh\u00f6rt sie zu den durchschlagskr\u00e4ftigsten Au\u00dfenangreiferinnen. Nach ihrem Abschluss an der Penn State stellte sie bereits in Italien bei Imoco Volley Conegliano sowie in der T\u00fcrkei bei Beylikd\u00fcz\u00fc ihr Talent unter Beweis. Vor ihrem ersten Wechsel zu Allianz MTV Stuttgart schlug sie sogar in Asien f\u00fcr den japanischen Club Kurobe AquaFairies auf, zu dem sie nach ihrem Engagement in Stuttgart auch f\u00fcr die vergangene Spielzeit zur\u00fcckkehrte.<\/p>\n<p style=\"text-align: justify;\">Seit 2018 steht die US-Amerikanerin immer wieder im Aufgebot der Nationalmannschaft und konnte mit dieser bereits mehrere Erfolge wie die Siege im Pan-America Cup 2018 und 2019 oder den Sieg in der Nations League im Jahr 2019 feiern.<\/p>\n<p style=\"text-align: justify;\">Die Angriffsspezialistin soll in Stuttgart insbesondere die Diagonalangreiferin Krystal Rivers, mit der sie auch sehr gut befreundet ist, entlasten. In Zukunft soll also ein US-amerikanisches Duo in Stuttgart in der Volleyballbundesliga und auch im CEV-Cup auf Punktejagd gehen.<\/p>\n<p style=\"text-align: justify;\">Sportdirektorin Kim Renkema: \u201eDie Verpflichtung von Simone ist nat\u00fcrlich ein echter Kracher. Sie ist eine absolute Wunschkandidatin. Bei ihrer letzten Verpflichtung hatten wir das Gl\u00fcck sie als Nachverpflichtung zu bekommen, jedoch wurde dann die Saison abgebrochen. Bereits damals hat sie unter Beweis gestellt, welche Energie und welche Kraft in ihr steckt. Neben ihrem volleyballerischen K\u00f6nnen bringt Simone au\u00dferdem eine tolle Pers\u00f6nlichkeit mit, die wir in der neuen Spielzeit unbedingt wieder in unserem Team brauchen. Sie ist einfach eine extrovertierte Frohnatur. Im Angriff wird sie mit Sicherheit gemeinsam mit Krystal, Maria und Hester einschlagen wie eine Bombe. Ich h\u00e4tte nicht gedacht, dass wir es schaffen sie f\u00fcr eine ganze Saison nach Stuttgart zu holen, aber sie hat sich hier in der kurzen Zeit sehr wohl gef\u00fchlt und konnte es sich daher gut vorstellen zur\u00fcckzukehren. Wir hoffen, dass wir mit der Verpflichtung einer sehr starken Au\u00dfenangreiferin Krystal im Angriff mehr unterst\u00fctzen k\u00f6nnen. Wir freuen uns, dass wir Simone ein weiteres Mal in Stuttgart haben werden und dass wir ihre St\u00e4rke dieses Mal auch l\u00e4nger genie\u00dfen k\u00f6nnen.\u201c<\/p>\n<p style=\"text-align: justify;\">Trainer Tore Aleksandersen: \u201eIch freue mich sehr, in der kommenden Saison eine Spielerin wie Simone Lee im Team zu haben. Sie ist eine High-Level-Spielerin mit einer ganz besonderen Qualit\u00e4t, die unser Team auf ein neues Level heben kann. Sie ist eine sehr sympathische Pers\u00f6nlichkeit und zudem jemand, der hart arbeitet. Dadurch kann sie ein gro\u00dfes Vorbild f\u00fcr unsere jungen Spielerinnen sein. Ich kann nicht genug betonen, wie begeistert ich bin sie im Team zu haben und ich freue mich schon jetzt darauf mit ihr in die neue Saison zu gehen und mit ihr zu arbeiten.\u201c<\/p>\n<hr \/>\n<p style=\"text-align: justify;\">\n","protected":false},"excerpt":{"rendered":"<p>Hammer-Transfer f\u00fcr Stuttgart Stuttgart.| Simone Lee geht in der neuen Spielzeit nach 2020 erneut f\u00fcr den deutschen Vize-Meister auf Punktejagd. Die Au\u00dfenangreiferin verst\u00e4rkte damals die Stuttgarterinnen aufgrund vieler Verletzungen. Nun wird sie von Beginn an das Team unterst\u00fctzen. Die 25-j\u00e4hrige Nationalspielerin kehrt damit an ihre alte Wirkungsst\u00e4tte zur\u00fcck. Mit ihren 1,88m und einer Abschlagsh\u00f6he von [&hellip;]<\/p>\n","protected":false},"author":4,"featured_media":0,"comment_status":"closed","ping_status":"open","sticky":false,"template":"","format":"standard","meta":{"inline_featured_image":false,"_exactmetrics_skip_tracking":false,"_exactmetrics_sitenote_active":false,"_exactmetrics_sitenote_note":"","_exactmetrics_sitenote_category":0,"footnotes":""},"categories":[59,110],"tags":[16187,131,14857,68,9,275,10629],"class_list":{"0":"post-142295","1":"post","2":"type-post","3":"status-publish","4":"format-standard","6":"category-aktuell","7":"category-sport","8":"tag-allianz-mtv","9":"tag-bundesliga","10":"tag-die-webzeitung","11":"tag-online-zeitung","12":"tag-schaumedia","13":"tag-stuttgart","14":"tag-volleyball"},"image_feature":null,"author_name":"Redaktion","pure_taxonomies":{"categories":[{"term_id":59,"name":"Aktuell","slug":"aktuell","term_group":0,"term_taxonomy_id":60,"taxonomy":"category","description":"","parent":0,"count":1017,"filter":"raw","image":""},{"term_id":110,"name":"Sport","slug":"sport","term_group":0,"term_taxonomy_id":112,"taxonomy":"category","description":"Sportberichte","parent":0,"count":1043,"filter":"raw","image":""}],"tags":[{"term_id":16187,"name":"Allianz MTV","slug":"allianz-mtv","term_group":0,"term_taxonomy_id":16206,"taxonomy":"post_tag","description":"","parent":0,"count":44,"filter":"raw","image":""},{"term_id":131,"name":"Bundesliga","slug":"bundesliga","term_group":0,"term_taxonomy_id":133,"taxonomy":"post_tag","description":"","parent":0,"count":699,"filter":"raw","image":""},{"term_id":14857,"name":"Die-Webzeitung","slug":"die-webzeitung","term_group":0,"term_taxonomy_id":14876,"taxonomy":"post_tag","description":"","parent":0,"count":3625,"filter":"raw","image":""},{"term_id":68,"name":"Online-Zeitung","slug":"online-zeitung","term_group":0,"term_taxonomy_id":69,"taxonomy":"post_tag","description":"","parent":0,"count":3595,"filter":"raw","image":""},{"term_id":9,"name":"SchauMedia","slug":"schaumedia","term_group":0,"term_taxonomy_id":9,"taxonomy":"post_tag","description":"","parent":0,"count":1607,"filter":"raw","image":""},{"term_id":275,"name":"Stuttgart","slug":"stuttgart","term_group":0,"term_taxonomy_id":281,"taxonomy":"post_tag","description":"","parent":0,"count":1195,"filter":"raw","image":""},{"term_id":10629,"name":"Volleyball","slug":"volleyball","term_group":0,"term_taxonomy_id":10665,"taxonomy":"post_tag","description":"","parent":0,"count":90,"filter":"raw","image":""}]},"_links":{"self":[{"href":"https:\/\/die-webzeitung.de\/stuttgart\/wp-json\/wp\/v2\/posts\/142295","targetHints":{"allow":["GET"]}}],"collection":[{"href":"https:\/\/die-webzeitung.de\/stuttgart\/wp-json\/wp\/v2\/posts"}],"about":[{"href":"https:\/\/die-webzeitung.de\/stuttgart\/wp-json\/wp\/v2\/types\/post"}],"author":[{"embeddable":true,"href":"https:\/\/die-webzeitung.de\/stuttgart\/wp-json\/wp\/v2\/users\/4"}],"replies":[{"embeddable":true,"href":"https:\/\/die-webzeitung.de\/stuttgart\/wp-json\/wp\/v2\/comments?post=142295"}],"version-history":[{"count":1,"href":"https:\/\/die-webzeitung.de\/stuttgart\/wp-json\/wp\/v2\/posts\/142295\/revisions"}],"predecessor-version":[{"id":142296,"href":"https:\/\/die-webzeitung.de\/stuttgart\/wp-json\/wp\/v2\/posts\/142295\/revisions\/142296"}],"wp:attachment":[{"href":"https:\/\/die-webzeitung.de\/stuttgart\/wp-json\/wp\/v2\/media?parent=142295"}],"wp:term":[{"taxonomy":"category","embeddable":true,"href":"https:\/\/die-webzeitung.de\/stuttgart\/wp-json\/wp\/v2\/categories?post=142295"},{"taxonomy":"post_tag","embeddable":true,"href":"https:\/\/die-webzeitung.de\/stuttgart\/wp-json\/wp\/v2\/tags?post=142295"}],"curies":[{"name":"wp","href":"https:\/\/api.w.org\/{rel}","templated":true}]}}