{"id":142279,"date":"2021-05-20T17:16:21","date_gmt":"2021-05-20T16:16:21","guid":{"rendered":"https:\/\/die-webzeitung.de\/stuttgart\/?p=142279"},"modified":"2021-05-20T17:16:21","modified_gmt":"2021-05-20T16:16:21","slug":"disziplinarverfahren-gegen-sieben-stuttgarter-polizeibeamte-eingeleitet","status":"publish","type":"post","link":"https:\/\/die-webzeitung.de\/stuttgart\/2021\/05\/20\/disziplinarverfahren-gegen-sieben-stuttgarter-polizeibeamte-eingeleitet\/","title":{"rendered":"Disziplinarverfahren gegen sieben Stuttgarter Polizeibeamte"},"content":{"rendered":"<p style=\"text-align: justify;\">Stuttgart.| Anl\u00e4sslich der Ermittlungen der Staatsanwaltschaft Stuttgart und des Polizeipr\u00e4sidiums Ludwigsburg wegen des Verdachts der Volksverhetzung und des Verwendens von Kennzeichen verfassungsfeindlicher Organisationen hat das Polizeipr\u00e4sidium Stuttgart gegen sieben Beamte Disziplinarverfahren eingeleitet. Gleichzeitig wurde gegen diese Beamten ein vorl\u00e4ufiges Verbot der F\u00fchrung der Dienstgesch\u00e4fte ausgesprochen.<\/p>\n<p style=\"text-align: justify;\">Das Polizeipr\u00e4sidium Stuttgart f\u00fchrt \u00fcber die strafrechtlichen Ermittlungen der Staatsanwaltschaft Stuttgart und der Kriminalpolizei Ludwigsburg gegen vier Beschuldigte hinaus, nicht nur gegen sie disziplinarrechtliche Ermittlungen, sondern auch gegen drei weitere Besch\u00e4ftigte, die ebenfalls in den Kommunikationsprozess der beschuldigten Beamten eingebunden waren. Ziel ist es, alle relevanten Kommunikationsinhalte und Kommunikationsbeziehungen aufzukl\u00e4ren.<\/p>\n<p style=\"text-align: justify;\">&#8220;Fremdenfeindlichkeit oder Diskriminierung haben in den Werten der Polizei keinen Platz und werden bei der Stuttgarter Polizei in keiner Weise geduldet&#8221;, so Polizeipr\u00e4sident Franz Lutz.<\/p>\n<hr \/>\n<p style=\"text-align: justify;\">\n","protected":false},"excerpt":{"rendered":"<p>Stuttgart.| Anl\u00e4sslich der Ermittlungen der Staatsanwaltschaft Stuttgart und des Polizeipr\u00e4sidiums Ludwigsburg wegen des Verdachts der Volksverhetzung und des Verwendens von Kennzeichen verfassungsfeindlicher Organisationen hat das Polizeipr\u00e4sidium Stuttgart gegen sieben Beamte Disziplinarverfahren eingeleitet. Gleichzeitig wurde gegen diese Beamten ein vorl\u00e4ufiges Verbot der F\u00fchrung der Dienstgesch\u00e4fte ausgesprochen. Das Polizeipr\u00e4sidium Stuttgart f\u00fchrt \u00fcber die strafrechtlichen Ermittlungen der Staatsanwaltschaft [&hellip;]<\/p>\n","protected":false},"author":4,"featured_media":0,"comment_status":"closed","ping_status":"open","sticky":false,"template":"","format":"standard","meta":{"inline_featured_image":false,"_exactmetrics_skip_tracking":false,"_exactmetrics_sitenote_active":false,"_exactmetrics_sitenote_note":"","_exactmetrics_sitenote_category":0,"footnotes":""},"categories":[59,2239],"tags":[14857,16109,14337,5,68,205,275,17024],"class_list":{"0":"post-142279","1":"post","2":"type-post","3":"status-publish","4":"format-standard","6":"category-aktuell","7":"category-stuttgart-lokal","8":"tag-die-webzeitung","9":"tag-disziplinarverfahren","10":"tag-fremdenhass","11":"tag-internetzeitung","12":"tag-online-zeitung","13":"tag-polizei","14":"tag-stuttgart","15":"tag-volksverhetzung"},"image_feature":null,"author_name":"Redaktion","pure_taxonomies":{"categories":[{"term_id":59,"name":"Aktuell","slug":"aktuell","term_group":0,"term_taxonomy_id":60,"taxonomy":"category","description":"","parent":0,"count":1017,"filter":"raw","image":""},{"term_id":2239,"name":"Stuttgart","slug":"stuttgart-lokal","term_group":0,"term_taxonomy_id":2252,"taxonomy":"category","description":"Berichte und Informationen aus Stuttgart","parent":1433,"count":942,"filter":"raw","image":""}],"tags":[{"term_id":14857,"name":"Die-Webzeitung","slug":"die-webzeitung","term_group":0,"term_taxonomy_id":14876,"taxonomy":"post_tag","description":"","parent":0,"count":3625,"filter":"raw","image":""},{"term_id":16109,"name":"Disziplinarverfahren","slug":"disziplinarverfahren","term_group":0,"term_taxonomy_id":16128,"taxonomy":"post_tag","description":"","parent":0,"count":2,"filter":"raw","image":""},{"term_id":14337,"name":"Fremdenhass","slug":"fremdenhass","term_group":0,"term_taxonomy_id":14371,"taxonomy":"post_tag","description":"","parent":0,"count":1,"filter":"raw","image":""},{"term_id":5,"name":"Internetzeitung","slug":"internetzeitung","term_group":0,"term_taxonomy_id":5,"taxonomy":"post_tag","description":"","parent":0,"count":1461,"filter":"raw","image":""},{"term_id":68,"name":"Online-Zeitung","slug":"online-zeitung","term_group":0,"term_taxonomy_id":69,"taxonomy":"post_tag","description":"","parent":0,"count":3595,"filter":"raw","image":""},{"term_id":205,"name":"Polizei","slug":"polizei","term_group":0,"term_taxonomy_id":208,"taxonomy":"post_tag","description":"","parent":0,"count":277,"filter":"raw","image":""},{"term_id":275,"name":"Stuttgart","slug":"stuttgart","term_group":0,"term_taxonomy_id":281,"taxonomy":"post_tag","description":"","parent":0,"count":1195,"filter":"raw","image":""},{"term_id":17024,"name":"Volksverhetzung","slug":"volksverhetzung","term_group":0,"term_taxonomy_id":17043,"taxonomy":"post_tag","description":"","parent":0,"count":2,"filter":"raw","image":""}]},"_links":{"self":[{"href":"https:\/\/die-webzeitung.de\/stuttgart\/wp-json\/wp\/v2\/posts\/142279","targetHints":{"allow":["GET"]}}],"collection":[{"href":"https:\/\/die-webzeitung.de\/stuttgart\/wp-json\/wp\/v2\/posts"}],"about":[{"href":"https:\/\/die-webzeitung.de\/stuttgart\/wp-json\/wp\/v2\/types\/post"}],"author":[{"embeddable":true,"href":"https:\/\/die-webzeitung.de\/stuttgart\/wp-json\/wp\/v2\/users\/4"}],"replies":[{"embeddable":true,"href":"https:\/\/die-webzeitung.de\/stuttgart\/wp-json\/wp\/v2\/comments?post=142279"}],"version-history":[{"count":1,"href":"https:\/\/die-webzeitung.de\/stuttgart\/wp-json\/wp\/v2\/posts\/142279\/revisions"}],"predecessor-version":[{"id":142280,"href":"https:\/\/die-webzeitung.de\/stuttgart\/wp-json\/wp\/v2\/posts\/142279\/revisions\/142280"}],"wp:attachment":[{"href":"https:\/\/die-webzeitung.de\/stuttgart\/wp-json\/wp\/v2\/media?parent=142279"}],"wp:term":[{"taxonomy":"category","embeddable":true,"href":"https:\/\/die-webzeitung.de\/stuttgart\/wp-json\/wp\/v2\/categories?post=142279"},{"taxonomy":"post_tag","embeddable":true,"href":"https:\/\/die-webzeitung.de\/stuttgart\/wp-json\/wp\/v2\/tags?post=142279"}],"curies":[{"name":"wp","href":"https:\/\/api.w.org\/{rel}","templated":true}]}}