{"id":142269,"date":"2021-05-20T13:01:48","date_gmt":"2021-05-20T12:01:48","guid":{"rendered":"https:\/\/die-webzeitung.de\/stuttgart\/?p=142269"},"modified":"2021-05-20T13:01:48","modified_gmt":"2021-05-20T12:01:48","slug":"softball-nationalteam-fuer-zwei-em-vorbereitungsspiele-in-stuttgart","status":"publish","type":"post","link":"https:\/\/die-webzeitung.de\/stuttgart\/2021\/05\/20\/softball-nationalteam-fuer-zwei-em-vorbereitungsspiele-in-stuttgart\/","title":{"rendered":"Softball-Nationalteam f\u00fcr zwei EM-Vorbereitungsspiele in Stuttgart"},"content":{"rendered":"<p style=\"text-align: justify;\">Stuttgart.| Die Deutsche Softball-Nationalmannschaft nutzt das lange Pfingstwochenende zur intensiven Vorbereitung, auf die ab dem 27.06.21 im italienischen Friuli Venezia Giulia ausgetragenen Europameisterschaften.<\/p>\n<p style=\"text-align: justify;\">Zun\u00e4chst stehen am Samstag und Sonntag in Regensburg je zwei Spiele gegen die Nationalteams Tschechiens und \u00d6sterreichs an. Am Pfingstmontag folgen dann auf der Anlage des Turnverein Cannstatt 1846 e.V. zwei weitere Spiele gegen die Nationalmannschaft der Schweiz.<\/p>\n<p style=\"text-align: justify;\">Mit dabei sein wird dann nat\u00fcrlich auch Jenny Weil, die sich \u00fcber die U16 und U19-Nationalteams zu einer festen Gr\u00f6\u00dfe im deutschen Spitzensoftball entwickelt hat und jetzt nahtlos auch im Damenbereich im Kader etabliert ist.<\/p>\n<p style=\"text-align: justify;\">Wie schon an den beiden Vortagen sind auch gegen die Schweiz zwei Spiele angesetzt. Spiel 1 ist dabei f\u00fcr 13.00 h angesetzt, Spiel 2 im Anschluss gegen 15.30 h. Diese beiden Spiele sind im \u00dcbrigen die Premiere einer Deutschen Softballnationalmannschaft im TVC Ballpark. Daher ist doppelt schade, da\u00df aufgrund der Covid-Regen auch f\u00fcr dieses Highlight keine Zuschauer im TVC Ballpark erlaubt sind. Unter normalen Bedingungen h\u00e4tten die Spiele sicherlich eine gr\u00f6\u00dfere Anzahl Zuschauer nach Cannstatt gelockt. Bleibt zu hoffen, da\u00df die Nationalmannschaft auch in Zukunft einmal wieder den Weg nach Stuttgart findet \u2013 dann hoffentlich auch wieder mit Zuschauern.<\/p>\n<hr \/>\n<p style=\"text-align: justify;\">\n","protected":false},"excerpt":{"rendered":"<p>Stuttgart.| Die Deutsche Softball-Nationalmannschaft nutzt das lange Pfingstwochenende zur intensiven Vorbereitung, auf die ab dem 27.06.21 im italienischen Friuli Venezia Giulia ausgetragenen Europameisterschaften. Zun\u00e4chst stehen am Samstag und Sonntag in Regensburg je zwei Spiele gegen die Nationalteams Tschechiens und \u00d6sterreichs an. Am Pfingstmontag folgen dann auf der Anlage des Turnverein Cannstatt 1846 e.V. zwei weitere [&hellip;]<\/p>\n","protected":false},"author":4,"featured_media":0,"comment_status":"closed","ping_status":"open","sticky":false,"template":"","format":"standard","meta":{"inline_featured_image":false,"_exactmetrics_skip_tracking":false,"_exactmetrics_sitenote_active":false,"_exactmetrics_sitenote_note":"","_exactmetrics_sitenote_category":0,"footnotes":""},"categories":[110],"tags":[2760,14857,5,68,6908,9,14105,8275],"class_list":{"0":"post-142269","1":"post","2":"type-post","3":"status-publish","4":"format-standard","6":"category-sport","7":"tag-baseball","8":"tag-die-webzeitung","9":"tag-internetzeitung","10":"tag-online-zeitung","11":"tag-reds","12":"tag-schaumedia","13":"tag-softball","14":"tag-tv-cannstatt"},"image_feature":null,"author_name":"Redaktion","pure_taxonomies":{"categories":[{"term_id":110,"name":"Sport","slug":"sport","term_group":0,"term_taxonomy_id":112,"taxonomy":"category","description":"Sportberichte","parent":0,"count":1043,"filter":"raw","image":""}],"tags":[{"term_id":2760,"name":"Baseball","slug":"baseball","term_group":0,"term_taxonomy_id":2774,"taxonomy":"post_tag","description":"","parent":0,"count":126,"filter":"raw","image":""},{"term_id":14857,"name":"Die-Webzeitung","slug":"die-webzeitung","term_group":0,"term_taxonomy_id":14876,"taxonomy":"post_tag","description":"","parent":0,"count":3625,"filter":"raw","image":""},{"term_id":5,"name":"Internetzeitung","slug":"internetzeitung","term_group":0,"term_taxonomy_id":5,"taxonomy":"post_tag","description":"","parent":0,"count":1461,"filter":"raw","image":""},{"term_id":68,"name":"Online-Zeitung","slug":"online-zeitung","term_group":0,"term_taxonomy_id":69,"taxonomy":"post_tag","description":"","parent":0,"count":3595,"filter":"raw","image":""},{"term_id":6908,"name":"Reds","slug":"reds","term_group":0,"term_taxonomy_id":6930,"taxonomy":"post_tag","description":"","parent":0,"count":127,"filter":"raw","image":""},{"term_id":9,"name":"SchauMedia","slug":"schaumedia","term_group":0,"term_taxonomy_id":9,"taxonomy":"post_tag","description":"","parent":0,"count":1607,"filter":"raw","image":""},{"term_id":14105,"name":"Softball","slug":"softball","term_group":0,"term_taxonomy_id":14147,"taxonomy":"post_tag","description":"","parent":0,"count":29,"filter":"raw","image":""},{"term_id":8275,"name":"TV Cannstatt","slug":"tv-cannstatt","term_group":0,"term_taxonomy_id":8298,"taxonomy":"post_tag","description":"","parent":0,"count":124,"filter":"raw","image":""}]},"_links":{"self":[{"href":"https:\/\/die-webzeitung.de\/stuttgart\/wp-json\/wp\/v2\/posts\/142269","targetHints":{"allow":["GET"]}}],"collection":[{"href":"https:\/\/die-webzeitung.de\/stuttgart\/wp-json\/wp\/v2\/posts"}],"about":[{"href":"https:\/\/die-webzeitung.de\/stuttgart\/wp-json\/wp\/v2\/types\/post"}],"author":[{"embeddable":true,"href":"https:\/\/die-webzeitung.de\/stuttgart\/wp-json\/wp\/v2\/users\/4"}],"replies":[{"embeddable":true,"href":"https:\/\/die-webzeitung.de\/stuttgart\/wp-json\/wp\/v2\/comments?post=142269"}],"version-history":[{"count":1,"href":"https:\/\/die-webzeitung.de\/stuttgart\/wp-json\/wp\/v2\/posts\/142269\/revisions"}],"predecessor-version":[{"id":142270,"href":"https:\/\/die-webzeitung.de\/stuttgart\/wp-json\/wp\/v2\/posts\/142269\/revisions\/142270"}],"wp:attachment":[{"href":"https:\/\/die-webzeitung.de\/stuttgart\/wp-json\/wp\/v2\/media?parent=142269"}],"wp:term":[{"taxonomy":"category","embeddable":true,"href":"https:\/\/die-webzeitung.de\/stuttgart\/wp-json\/wp\/v2\/categories?post=142269"},{"taxonomy":"post_tag","embeddable":true,"href":"https:\/\/die-webzeitung.de\/stuttgart\/wp-json\/wp\/v2\/tags?post=142269"}],"curies":[{"name":"wp","href":"https:\/\/api.w.org\/{rel}","templated":true}]}}