{"id":142219,"date":"2021-05-15T12:36:06","date_gmt":"2021-05-15T11:36:06","guid":{"rendered":"https:\/\/die-webzeitung.de\/stuttgart\/?p=142219"},"modified":"2021-05-15T12:36:06","modified_gmt":"2021-05-15T11:36:06","slug":"neue-corona-verordnung-des-landes-tritt-in-kraft","status":"publish","type":"post","link":"https:\/\/die-webzeitung.de\/stuttgart\/2021\/05\/15\/neue-corona-verordnung-des-landes-tritt-in-kraft\/","title":{"rendered":"Neue Corona-Verordnung des Landes tritt in Kraft"},"content":{"rendered":"<ul>\n<li style=\"text-align: justify;\"><strong>Im Landkreis B\u00f6blingen sind \u00d6ffnungen ab Montag, 17. Mai, m\u00f6glich<\/strong><\/li>\n<li style=\"text-align: justify;\"><strong>Inzidenz am Samstag voraussichtlich an 5 aufeinanderfolgenden Werktagen unterschritten<\/strong><\/li>\n<\/ul>\n<p style=\"text-align: justify;\">Kreis B\u00f6blingen.| Am Donnerstag, 13. Mai, ist die \u00fcberarbeitete Corona-Verordnung notverk\u00fcndet worden. Mit integriert sind auch gestufte \u00d6ffnungsschritte, wenn \u2013 wie im Kreis B\u00f6blingen \u2013 die Inzidenz von 100 unterschritten ist. Die Regelungen der sogenannten \u201eBundesnotbremse\u201c treten aber erst au\u00dfer Kraft, wenn die 100er-Marke an f\u00fcnf aufeinanderfolgenden Werktagen unterschritten ist und dann am \u00fcbern\u00e4chsten Tag. F\u00fcr den Kreis B\u00f6blingen hei\u00dft das: Sollte der Wert heute und am Samstag, 15. Mai, unterschritten sein, so w\u00e4re Samstag der f\u00fcnfte Werktag, und es gelten ab Montag, 17. Mai, die entsprechenden neuen Regelungen.<\/p>\n<p style=\"text-align: justify;\">Die Neuerung, auf die wohl viele warten, betrifft die Gastronomie. Sie darf \u2013 sowohl Innen- als auch Au\u00dfengastronomie, zwischen 6 und 21 Uhr \u00f6ffnen. Dabei ist jeweils ein Hygienekonzept zu erstellen, das auch einen tagesaktuellen Test f\u00fcr die G\u00e4ste vorschreibt (oder Impfpass \/ Genesenenbescheinigung), die Gastraumfl\u00e4che je Gast ist im Inneren genau begrenzt und die Kontaktdaten der G\u00e4ste m\u00fcssen analog oder digital dokumentiert werden. Auch Betriebskantinen oder Mensen und Cafeterien an Hochschulen d\u00fcrfen wieder \u00f6ffnen. Beherbergungsbetriebe d\u00fcrfen touristische G\u00e4ste empfangen; dabei m\u00fcssen G\u00e4ste ohne Genesenen- oder Impfnachweis w\u00e4hrend des Aufenthalts alle drei Tage einen negativen Schnelltest vorlegen. Generell sind lt. Information des Landes f\u00fcr all die zus\u00e4tzlichen \u00d6ffnungsschritte jeweils tagesaktueller Coronatest, Hygienema\u00dfnahmen vor Ort sowie Kontaktdokumentation erforderlich.<\/p>\n<p style=\"text-align: justify;\">Museen, Galerien, Gedenkst\u00e4tten, Archive sowie Bibliotheken und B\u00fcchereien sowie botanische und zoologische G\u00e4rten d\u00fcrfen \u00f6ffnen. Im Freien k\u00f6nnen wieder Kulturveranstaltungen sowie Spitzen- oder Profisportveranstaltungen mit bis zu 100 Besuchern stattfinden. Hygieneregeln und Abstandsgebote sind dabei immer einzuhalten. Kurse in Volkhochschulen und anderen Bildungseinrichtungen (Musik-, Kunst-, Jugendkunstschulen) d\u00fcrfen in geschlossenen R\u00e4umen mit maximal zehn Personen, im Freien mit maximal 20 Personen stattfinden (Tanz- und Sportkurse oder Blasinstrumentunterrichte sind in geschlossenen R\u00e4umen nicht erlaubt). Nachhilfeunterricht ist in Gruppen mit bis zu zehn Sch\u00fclerinnen und Sch\u00fclern m\u00f6glich. Veranstaltungen zur Religionsaus\u00fcbung sind ohne vorherige Anmeldung und Anzeige gestattet.<\/p>\n<p style=\"text-align: justify;\">Der bisher geschlossene Einzelhandel darf im Rahmen der Click and Meet-Regelung \u00f6ffnen. Auch hier ist die Kundenzahl je Quadratmeter Verkaufsfl\u00e4che begrenzt. Kontaktarmer Freizeit- und Amateursport auf Sportanlagen und Sportst\u00e4tten im Freien ist in Gruppen von bis zu 20 Personen erlaubt. Minigolfanlagen, Hochseilg\u00e4rten, und sonstige Freizeiteinrichtungen k\u00f6nnen im Freien von Gruppen bis 20 Personen genutzt werden. Die Au\u00dfenbereiche von Schwimm-, Thermal- und Spa\u00dfb\u00e4dern und sonstigen B\u00e4dern d\u00fcrfen \u00f6ffnen. Und auch der Betrieb von Tiersalons, Tierfriseuren und vergleichbaren Einrichtungen der Tierpflege ist wieder m\u00f6glich.<\/p>\n<p style=\"text-align: justify;\">Unabh\u00e4ngig von den \u00d6ffnungsschritten gilt: Private Treffen im \u00f6ffentlichen oder privaten Raum sind wieder mit maximal f\u00fcnf Personen aus zwei Haushalten erlaubt, (Kinder unter 14 werden nicht mitgez\u00e4hlt) und es bestehen keine Ausgangsbeschr\u00e4nkungen mehr. F\u00fcr die Schulen gilt weiterhin Testpflicht und Wechselunterricht, sofern und soweit dies zur Wahrung des Mindestabstands erforderlich ist. Kita-Betrieb ist unter Pandemiebedingungen im Regelbetrieb m\u00f6glich.<\/p>\n<p style=\"text-align: justify;\">Parallel bzw. in Erg\u00e4nzung der \u00d6ffnungsstrategie kommt dem Netz an Schnellteststellen im Landkreis B\u00f6blingen eine wachsende Bedeutung zu. Stand jetzt gibt es landkreisweit rd. 80 Schnell-testzentren, daran angedockte Schnellteststellen sowie private Teststellen. Eine \u00dcbersicht, wo welche Teststellen sind, mit welchen \u00d6ffnungszeiten oder Prozedere, findet sich auf der Homepage des Landkreises B\u00f6blingen. In Sachen Dokumentation und Kontrolle tagesaktueller Testergebnisse kann man zudem von der in den Schnelltestzentren und vielen Schnellteststellen praktizierten DoctorBox-L\u00f6sung profitieren. Die App zeigt automatisch die Ergebnisse von Schnelltestungen an. Zudem sind die Schnelltestzentren und die ihnen angeschlossenen Teststellen mit Armb\u00e4ndern ausgestattet, auf die ein Barcode gedruckt werden kann. Dieses Armb\u00e4ndchen dokumentiert dann ebenso ein negatives Testergebnis. Und f\u00fcr das Armband braucht man selbstverst\u00e4ndlich keine App-Installation; damit ist der Einlass also einfacher.<\/p>\n<hr \/>\n<p style=\"text-align: justify;\">\n","protected":false},"excerpt":{"rendered":"<p>Im Landkreis B\u00f6blingen sind \u00d6ffnungen ab Montag, 17. Mai, m\u00f6glich Inzidenz am Samstag voraussichtlich an 5 aufeinanderfolgenden Werktagen unterschritten Kreis B\u00f6blingen.| Am Donnerstag, 13. Mai, ist die \u00fcberarbeitete Corona-Verordnung notverk\u00fcndet worden. Mit integriert sind auch gestufte \u00d6ffnungsschritte, wenn \u2013 wie im Kreis B\u00f6blingen \u2013 die Inzidenz von 100 unterschritten ist. Die Regelungen der sogenannten \u201eBundesnotbremse\u201c [&hellip;]<\/p>\n","protected":false},"author":4,"featured_media":0,"comment_status":"closed","ping_status":"open","sticky":false,"template":"","format":"standard","meta":{"inline_featured_image":false,"_exactmetrics_skip_tracking":false,"_exactmetrics_sitenote_active":false,"_exactmetrics_sitenote_note":"","_exactmetrics_sitenote_category":0,"footnotes":""},"categories":[59,2246],"tags":[3061,16825,14857,68,9],"class_list":{"0":"post-142219","1":"post","2":"type-post","3":"status-publish","4":"format-standard","6":"category-aktuell","7":"category-kreis-boeblingen","8":"tag-boblingen","9":"tag-corona-verordnung","10":"tag-die-webzeitung","11":"tag-online-zeitung","12":"tag-schaumedia"},"image_feature":null,"author_name":"Redaktion","pure_taxonomies":{"categories":[{"term_id":59,"name":"Aktuell","slug":"aktuell","term_group":0,"term_taxonomy_id":60,"taxonomy":"category","description":"","parent":0,"count":1017,"filter":"raw","image":""},{"term_id":2246,"name":"Kreis B\u00f6blingen","slug":"kreis-boeblingen","term_group":0,"term_taxonomy_id":2259,"taxonomy":"category","description":"","parent":171,"count":197,"filter":"raw","image":""}],"tags":[{"term_id":3061,"name":"B\u00f6blingen","slug":"boblingen","term_group":0,"term_taxonomy_id":3075,"taxonomy":"post_tag","description":"","parent":0,"count":260,"filter":"raw","image":""},{"term_id":16825,"name":"Corona-Verordnung","slug":"corona-verordnung","term_group":0,"term_taxonomy_id":16844,"taxonomy":"post_tag","description":"","parent":0,"count":5,"filter":"raw","image":""},{"term_id":14857,"name":"Die-Webzeitung","slug":"die-webzeitung","term_group":0,"term_taxonomy_id":14876,"taxonomy":"post_tag","description":"","parent":0,"count":3625,"filter":"raw","image":""},{"term_id":68,"name":"Online-Zeitung","slug":"online-zeitung","term_group":0,"term_taxonomy_id":69,"taxonomy":"post_tag","description":"","parent":0,"count":3595,"filter":"raw","image":""},{"term_id":9,"name":"SchauMedia","slug":"schaumedia","term_group":0,"term_taxonomy_id":9,"taxonomy":"post_tag","description":"","parent":0,"count":1607,"filter":"raw","image":""}]},"_links":{"self":[{"href":"https:\/\/die-webzeitung.de\/stuttgart\/wp-json\/wp\/v2\/posts\/142219","targetHints":{"allow":["GET"]}}],"collection":[{"href":"https:\/\/die-webzeitung.de\/stuttgart\/wp-json\/wp\/v2\/posts"}],"about":[{"href":"https:\/\/die-webzeitung.de\/stuttgart\/wp-json\/wp\/v2\/types\/post"}],"author":[{"embeddable":true,"href":"https:\/\/die-webzeitung.de\/stuttgart\/wp-json\/wp\/v2\/users\/4"}],"replies":[{"embeddable":true,"href":"https:\/\/die-webzeitung.de\/stuttgart\/wp-json\/wp\/v2\/comments?post=142219"}],"version-history":[{"count":1,"href":"https:\/\/die-webzeitung.de\/stuttgart\/wp-json\/wp\/v2\/posts\/142219\/revisions"}],"predecessor-version":[{"id":142220,"href":"https:\/\/die-webzeitung.de\/stuttgart\/wp-json\/wp\/v2\/posts\/142219\/revisions\/142220"}],"wp:attachment":[{"href":"https:\/\/die-webzeitung.de\/stuttgart\/wp-json\/wp\/v2\/media?parent=142219"}],"wp:term":[{"taxonomy":"category","embeddable":true,"href":"https:\/\/die-webzeitung.de\/stuttgart\/wp-json\/wp\/v2\/categories?post=142219"},{"taxonomy":"post_tag","embeddable":true,"href":"https:\/\/die-webzeitung.de\/stuttgart\/wp-json\/wp\/v2\/tags?post=142219"}],"curies":[{"name":"wp","href":"https:\/\/api.w.org\/{rel}","templated":true}]}}