{"id":142208,"date":"2021-05-14T17:48:33","date_gmt":"2021-05-14T16:48:33","guid":{"rendered":"https:\/\/die-webzeitung.de\/stuttgart\/?p=142208"},"modified":"2021-05-14T17:48:33","modified_gmt":"2021-05-14T16:48:33","slug":"softballteam-der-reds-vor-schwerem-auswaertsspiel-in-regensburg","status":"publish","type":"post","link":"https:\/\/die-webzeitung.de\/stuttgart\/2021\/05\/14\/softballteam-der-reds-vor-schwerem-auswaertsspiel-in-regensburg\/","title":{"rendered":"Softballteam der Reds vor schwerem Ausw\u00e4rtsspiel in Regensburg"},"content":{"rendered":"<p style=\"text-align: justify;\"><img loading=\"lazy\" decoding=\"async\" class=\"alignleft size-thumbnail wp-image-141811\" src=\"https:\/\/die-webzeitung.de\/stuttgart\/wp-content\/uploads\/sites\/4\/2021\/04\/Reds-Logo-small.jpg\" alt=\"\" width=\"150\" height=\"150\" \/>Nach ihrem \u00fcberzeugenden Deb\u00fct am vergangenen Wochenende in Karlsruhe steht f\u00fcr die Bundesligadamen des TV Cannstatt am Sonntag die weite Reise nach Regensburg auf dem Plan. Die Favoritenrolle in diesem Duell liegt dabei sicherlich bei den Gastgeberinnen, dennoch gehen die Coaches Nadja Manske und Markus Weil mit dem Ziel einen Sieg aus der Domstadt zu entf\u00fchren in den Spieltag.<\/p>\n<p style=\"text-align: justify;\">Der \u00fcberzeugende Saisonauftakt sollte dem jungen Team das n\u00f6tige Selbstvertrauen verschafft haben um sich auch in Regensburg gut zu pr\u00e4sentieren. Die Stimmung im Team ist jedenfalls gut und das Team kann als Underdog bei einem der beiden Topfavoriten in der Liga ohne gro\u00dfen Druck antreten, zumal sich das Saisonziel nicht ge\u00e4ndert hat: die vielen jungen Stuttgarter Eigengew\u00e4chse sollen weiter gef\u00f6rdert und an das Niveau der h\u00f6chsten Spielklasse in Deutschland herangef\u00fchrt werden.<\/p>\n<p style=\"text-align: justify;\">Rechtzeitig zum Spiel haben die Reds-Damen unter der Woche auch noch zus\u00e4tzliche Verst\u00e4rkung bekommen. US-Import Kaleigh Fisher ist am Montag in Stuttgart eingetroffen und ab sofort einsatzbereit. Sie wird die Reds vornehmlich als Pitcherin verst\u00e4rken, spielt aber auch dritte Base und Outfield. Zus\u00e4tzlich wird sie den Trainerstab als Pitching Coach erg\u00e4nzen.<\/p>\n<p style=\"text-align: justify;\">Play Ball in Regensburg ist am Sonntag um 13.00h f\u00fcr Spiel 1, Spiel 2 im Anschluss gegen 15.30h. Zuschauer sind aufgrund der Corona-Verordnung weiterhin keine erlaubt, die Legion\u00e4re \u00fcbertragen die Spiele aber live im Internet. Auf legionaere.de f\u00fchrt der Button \u201eLive\u201c zu den \u00dcbertragungen.<\/p>\n<hr \/>\n<p style=\"text-align: justify;\">\n","protected":false},"excerpt":{"rendered":"<p>Nach ihrem \u00fcberzeugenden Deb\u00fct am vergangenen Wochenende in Karlsruhe steht f\u00fcr die Bundesligadamen des TV Cannstatt am Sonntag die weite Reise nach Regensburg auf dem Plan. Die Favoritenrolle in diesem Duell liegt dabei sicherlich bei den Gastgeberinnen, dennoch gehen die Coaches Nadja Manske und Markus Weil mit dem Ziel einen Sieg aus der Domstadt zu [&hellip;]<\/p>\n","protected":false},"author":4,"featured_media":142209,"comment_status":"closed","ping_status":"open","sticky":false,"template":"","format":"standard","meta":{"inline_featured_image":false,"_exactmetrics_skip_tracking":false,"_exactmetrics_sitenote_active":false,"_exactmetrics_sitenote_note":"","_exactmetrics_sitenote_category":0,"footnotes":""},"categories":[110],"tags":[2760,131,14857,5,68,6908,9,8275],"class_list":{"0":"post-142208","1":"post","2":"type-post","3":"status-publish","4":"format-standard","5":"has-post-thumbnail","7":"category-sport","8":"tag-baseball","9":"tag-bundesliga","10":"tag-die-webzeitung","11":"tag-internetzeitung","12":"tag-online-zeitung","13":"tag-reds","14":"tag-schaumedia","15":"tag-tv-cannstatt"},"image_feature":"https:\/\/die-webzeitung.de\/stuttgart\/wp-content\/uploads\/sites\/4\/2021\/05\/Reds-Da1.jpg","author_name":"Redaktion","pure_taxonomies":{"categories":[{"term_id":110,"name":"Sport","slug":"sport","term_group":0,"term_taxonomy_id":112,"taxonomy":"category","description":"Sportberichte","parent":0,"count":1043,"filter":"raw","image":""}],"tags":[{"term_id":2760,"name":"Baseball","slug":"baseball","term_group":0,"term_taxonomy_id":2774,"taxonomy":"post_tag","description":"","parent":0,"count":126,"filter":"raw","image":""},{"term_id":131,"name":"Bundesliga","slug":"bundesliga","term_group":0,"term_taxonomy_id":133,"taxonomy":"post_tag","description":"","parent":0,"count":699,"filter":"raw","image":""},{"term_id":14857,"name":"Die-Webzeitung","slug":"die-webzeitung","term_group":0,"term_taxonomy_id":14876,"taxonomy":"post_tag","description":"","parent":0,"count":3625,"filter":"raw","image":""},{"term_id":5,"name":"Internetzeitung","slug":"internetzeitung","term_group":0,"term_taxonomy_id":5,"taxonomy":"post_tag","description":"","parent":0,"count":1461,"filter":"raw","image":""},{"term_id":68,"name":"Online-Zeitung","slug":"online-zeitung","term_group":0,"term_taxonomy_id":69,"taxonomy":"post_tag","description":"","parent":0,"count":3595,"filter":"raw","image":""},{"term_id":6908,"name":"Reds","slug":"reds","term_group":0,"term_taxonomy_id":6930,"taxonomy":"post_tag","description":"","parent":0,"count":127,"filter":"raw","image":""},{"term_id":9,"name":"SchauMedia","slug":"schaumedia","term_group":0,"term_taxonomy_id":9,"taxonomy":"post_tag","description":"","parent":0,"count":1607,"filter":"raw","image":""},{"term_id":8275,"name":"TV Cannstatt","slug":"tv-cannstatt","term_group":0,"term_taxonomy_id":8298,"taxonomy":"post_tag","description":"","parent":0,"count":124,"filter":"raw","image":""}]},"_links":{"self":[{"href":"https:\/\/die-webzeitung.de\/stuttgart\/wp-json\/wp\/v2\/posts\/142208","targetHints":{"allow":["GET"]}}],"collection":[{"href":"https:\/\/die-webzeitung.de\/stuttgart\/wp-json\/wp\/v2\/posts"}],"about":[{"href":"https:\/\/die-webzeitung.de\/stuttgart\/wp-json\/wp\/v2\/types\/post"}],"author":[{"embeddable":true,"href":"https:\/\/die-webzeitung.de\/stuttgart\/wp-json\/wp\/v2\/users\/4"}],"replies":[{"embeddable":true,"href":"https:\/\/die-webzeitung.de\/stuttgart\/wp-json\/wp\/v2\/comments?post=142208"}],"version-history":[{"count":1,"href":"https:\/\/die-webzeitung.de\/stuttgart\/wp-json\/wp\/v2\/posts\/142208\/revisions"}],"predecessor-version":[{"id":142210,"href":"https:\/\/die-webzeitung.de\/stuttgart\/wp-json\/wp\/v2\/posts\/142208\/revisions\/142210"}],"wp:featuredmedia":[{"embeddable":true,"href":"https:\/\/die-webzeitung.de\/stuttgart\/wp-json\/wp\/v2\/media\/142209"}],"wp:attachment":[{"href":"https:\/\/die-webzeitung.de\/stuttgart\/wp-json\/wp\/v2\/media?parent=142208"}],"wp:term":[{"taxonomy":"category","embeddable":true,"href":"https:\/\/die-webzeitung.de\/stuttgart\/wp-json\/wp\/v2\/categories?post=142208"},{"taxonomy":"post_tag","embeddable":true,"href":"https:\/\/die-webzeitung.de\/stuttgart\/wp-json\/wp\/v2\/tags?post=142208"}],"curies":[{"name":"wp","href":"https:\/\/api.w.org\/{rel}","templated":true}]}}