{"id":142173,"date":"2021-05-10T19:07:51","date_gmt":"2021-05-10T18:07:51","guid":{"rendered":"https:\/\/die-webzeitung.de\/stuttgart\/?p=142173"},"modified":"2021-05-10T19:07:51","modified_gmt":"2021-05-10T18:07:51","slug":"drei-hoffnungsvolle-talente-fuer-allianz-mtv-stuttgart","status":"publish","type":"post","link":"https:\/\/die-webzeitung.de\/stuttgart\/2021\/05\/10\/drei-hoffnungsvolle-talente-fuer-allianz-mtv-stuttgart\/","title":{"rendered":"Drei hoffnungsvolle Talente f\u00fcr Allianz MTV Stuttgart"},"content":{"rendered":"<p style=\"text-align: justify;\"><img loading=\"lazy\" decoding=\"async\" class=\"alignleft size-thumbnail wp-image-142174\" src=\"https:\/\/die-webzeitung.de\/stuttgart\/wp-content\/uploads\/sites\/4\/2021\/05\/mtv-small.png\" alt=\"\" width=\"150\" height=\"150\" srcset=\"https:\/\/die-webzeitung.de\/stuttgart\/wp-content\/uploads\/sites\/4\/2021\/05\/mtv-small.png 150w, https:\/\/die-webzeitung.de\/stuttgart\/wp-content\/uploads\/sites\/4\/2021\/05\/mtv-medium.png 300w, https:\/\/die-webzeitung.de\/stuttgart\/wp-content\/uploads\/sites\/4\/2021\/05\/mtv.png 700w, https:\/\/die-webzeitung.de\/stuttgart\/wp-content\/uploads\/sites\/4\/2021\/05\/mtv-696x696.png 696w, https:\/\/die-webzeitung.de\/stuttgart\/wp-content\/uploads\/sites\/4\/2021\/05\/mtv-420x420.png 420w\" sizes=\"auto, (max-width: 150px) 100vw, 150px\" \/>Stuttgart.| Allianz MTV Stuttgart setzt in der neuen Saison auch auf junge Talente aus dem eigenen Nachwuchs. Mit Hannah Kohn, Lena Grundt und Helena Dornheim stehen kommende Spielzeit gleich 3 Spielerinnen aus dem Bundesst\u00fctzpunkt im erweiterten Profi-Kader der Stuttgarterinnen.<\/p>\n<p style=\"text-align: justify;\">Die 1.80m gro\u00dfe Hannah Kohn wird als dritte Zuspielerin in der n\u00e4chsten Saison f\u00fcr Allianz MTV Stuttgart ans Netz gehen. Die 2003 in Ulm geborene Kohn wechselte 2019 von ihrem Heimatverein VfB Ulm an den Olympiast\u00fctzpunkt nach Stuttgart, um den n\u00e4chsten Schritt in Richtung Profisport zu machen. Dort spielte sie im Kader des <img loading=\"lazy\" decoding=\"async\" class=\"alignright size-medium wp-image-142175\" src=\"https:\/\/die-webzeitung.de\/stuttgart\/wp-content\/uploads\/sites\/4\/2021\/05\/hannah_kohn-medium.png\" alt=\"\" width=\"278\" height=\"300\" srcset=\"https:\/\/die-webzeitung.de\/stuttgart\/wp-content\/uploads\/sites\/4\/2021\/05\/hannah_kohn-medium.png 278w, https:\/\/die-webzeitung.de\/stuttgart\/wp-content\/uploads\/sites\/4\/2021\/05\/hannah_kohn.png 700w, https:\/\/die-webzeitung.de\/stuttgart\/wp-content\/uploads\/sites\/4\/2021\/05\/hannah_kohn-696x751.png 696w, https:\/\/die-webzeitung.de\/stuttgart\/wp-content\/uploads\/sites\/4\/2021\/05\/hannah_kohn-388x420.png 388w\" sizes=\"auto, (max-width: 278px) 100vw, 278px\" \/>Bundesst\u00fctzpunktes in der 3. Liga und erh\u00e4lt nun bei Allianz MTV Stuttgart einen Zwei-Jahresvertrag mit Option auf eine weitere Saison.<\/p>\n<p style=\"text-align: justify;\">Hannah Kohn: \u201eIch bin sehr dankbar, dass ich die Chance bekommen habe hier in Stuttgart meinen ersten Schritt in die 1. Liga zu machen. Ich freue mich riesig auf die n\u00e4chste Saison und will mich nicht nur spielerisch, sondern auch pers\u00f6nlich weiterentwickeln. Ich bin gespannt und aufgeregt was alles an Neuem auf mich zu kommt!\u201c<\/p>\n<p style=\"text-align: justify;\">Kim Renkema: \u201eHannah ist ein gro\u00dfes Talent im Zuspiel. In die neue Spielzeit werden wir zum ersten Mal mit drei Zuspielerinnen gehen und sie wird eine davon sein. Damit setzen wir unseren Weg fort, junge deutsche Zuspielerinnen auszubilden und voran zu bringen. Von Seiten des Vereins wird sie alle Chancen bekommen, um sie an das Niveau der Volleyball Bundesliga heranzuf\u00fchren. Perspektivisch sehen wir Hannah in den n\u00e4chsten Jahren als eine unseren beiden Zuspielerinnen. Ich habe riesiges Vertrauen in sie und denke, dass sie es in unserem Sport sehr weit bringen kann.\u201c<\/p>\n<p style=\"text-align: justify;\"><img loading=\"lazy\" decoding=\"async\" class=\"alignleft size-medium wp-image-142176\" src=\"https:\/\/die-webzeitung.de\/stuttgart\/wp-content\/uploads\/sites\/4\/2021\/05\/lena_grundt-medium.jpg\" alt=\"\" width=\"282\" height=\"300\" srcset=\"https:\/\/die-webzeitung.de\/stuttgart\/wp-content\/uploads\/sites\/4\/2021\/05\/lena_grundt-medium.jpg 282w, https:\/\/die-webzeitung.de\/stuttgart\/wp-content\/uploads\/sites\/4\/2021\/05\/lena_grundt.jpg 700w, https:\/\/die-webzeitung.de\/stuttgart\/wp-content\/uploads\/sites\/4\/2021\/05\/lena_grundt-696x741.jpg 696w, https:\/\/die-webzeitung.de\/stuttgart\/wp-content\/uploads\/sites\/4\/2021\/05\/lena_grundt-394x420.jpg 394w\" sizes=\"auto, (max-width: 282px) 100vw, 282px\" \/>Lena Grundt d\u00fcrfte den Fans von Allianz MTV Stuttgart bereits bekannt sein. So stand sie schon in der letzten Saison als Nachwuchspielerin im Kader des deutschen Vizemeisters und konnte direkt im ersten Saisonspiel ihre Premiere als Bundesligaspielerin feiern. Die 17-j\u00e4hrige, 1.65m gro\u00dfe Libera soll von der erfahrenen Roosa Koskelo lernen und ihr bereits jetzt schon erkennbares Talent weiter ausbauen.<\/p>\n<p style=\"text-align: justify;\">Lena Grundt: \u201eIch freue mich riesig, diese unglaubliche Chance bekommen zu haben und bin sehr dankbar daf\u00fcr. Die n\u00e4chste Saison wird sicher eine tolle Erfahrung f\u00fcr mich sein und ich bin mega gespannt auf die vielen Trainingseinheiten und Spiele mit dem Team. Jetzt ein Teil davon zu werden ist schon sehr cool!\u201c<\/p>\n<p style=\"text-align: justify;\">Kim Renkema: \u201eLena hat bereits in der abgelaufenen Saison h\u00e4ufiger die M\u00f6glichkeit bekommen ein Teil des Teams zu sein und sie hat ihre Sache sehr gut gemacht. Wir wollten das Engagement von unserer Seite ausbauen und sehen in ihr ein gro\u00dfes Talent f\u00fcr die Zukunft. Ein gro\u00dfes Dankesch\u00f6n geht an dieser Stelle auch an den MTV und den BSP sowie insbesondere den Trainer Sebastian Schmitz, der ma\u00dfgeblichen Anteil an der Entwicklung der Spielerinnen hat. Wir wollten hinter Roosa wieder einen zweiten Libero etablieren, der auch Roosa entlasten kann. Gleichzeitig setzen wir aber auch in der Zukunft auf Spielerinnen aus den eigenen Reihen. Auch Tore arbeitet gerne mit Nachwuchsspielerinnen, um diese weiter zu entwickeln und noch mehr aus ihnen herauszuholen.\u201c<\/p>\n<p style=\"text-align: justify;\"><img loading=\"lazy\" decoding=\"async\" class=\"alignright size-medium wp-image-142177\" src=\"https:\/\/die-webzeitung.de\/stuttgart\/wp-content\/uploads\/sites\/4\/2021\/05\/helena_dornheim-medium.jpg\" alt=\"\" width=\"300\" height=\"275\" srcset=\"https:\/\/die-webzeitung.de\/stuttgart\/wp-content\/uploads\/sites\/4\/2021\/05\/helena_dornheim-medium.jpg 300w, https:\/\/die-webzeitung.de\/stuttgart\/wp-content\/uploads\/sites\/4\/2021\/05\/helena_dornheim.jpg 700w, https:\/\/die-webzeitung.de\/stuttgart\/wp-content\/uploads\/sites\/4\/2021\/05\/helena_dornheim-696x637.jpg 696w, https:\/\/die-webzeitung.de\/stuttgart\/wp-content\/uploads\/sites\/4\/2021\/05\/helena_dornheim-458x420.jpg 458w\" sizes=\"auto, (max-width: 300px) 100vw, 300px\" \/>Die 2004 in Ostfildern geborene Helena Dornheim durfte in der letzten Saison ebenfalls schon Pokalluft schnuppern. Im Viertelfinalspiel gegen SW Erfurt wurde sie eingewechselt und war anschlie\u00dfend direkt am Matchball beteiligt. Die 1.85m gro\u00dfe deutsche Jugendnationalspielerin, die mit einer Abschlagsh\u00f6he von 2.99m und einer Blockh\u00f6he von 2.89m zu beeindrucken wei\u00df, gilt bereits heute als eines der gr\u00f6\u00dften, deutschen Talente auf der Au\u00dfenangriffsposition.<\/p>\n<p style=\"text-align: justify;\">Helena Dornheim: \u201eDas ist eine tolle Chance, die ich von Allianz MTV Stuttgart bekomme und ich freue mich auf das n\u00e4chste Jahr und auf die Mannschaft. Ich will mich spielerisch und pers\u00f6nlich weiterentwickeln und den n\u00e4chsten Schritt gehen. Ich freue mich \u00fcber das Vertrauen, das mir der Verein und der Trainer entgegenbringen.\u201c<\/p>\n<p style=\"text-align: justify;\">Sportdirektorin Kim Renkema: \u201eHelena hat schon in der letzten Saison immer wieder bei uns im Training ausgeholfen und hierbei auch ihr gro\u00dfes Talent bewiesen. Ihre Gr\u00f6\u00dfe von 1.85m und ihr starker linker Arm sind ideale Voraussetzungen f\u00fcr eine Au\u00dfenangreiferin. Auch ihr privater Hintergrund mit einer volleyballbegeisterten Familie hat an ihrer Entwicklung einen ma\u00dfgeblichen Anteil. Sie wird als eine von vier Au\u00dfenangreiferinnen in die neue Saison gehen und wir haben gro\u00dfes Vertrauen in sie.\u201c<\/p>\n<p style=\"text-align: justify;\">Gesch\u00e4ftsf\u00fchrer Aurel Irion:\u201cWir freuen uns, dass wir mit gleich drei jungen Talenten aus dem eigenen Nachwuchs in die kommende Spielzeit starten werden. Bereits in den vergangenen Jahren haben wir immer wieder angestrebt jungen und talentierten Spielerinnen die Chance zu erm\u00f6glichen in der Volleyball Bundesliga Fu\u00df zu fassen. Das dies insbesondere in einem Club, der mittlerweile seit vielen Jahren immer wieder um den Titel mitspielt, nicht ganz einfach ist, ist uns dabei aber auch sehr bewusst. Um so mehr sind wir gl\u00fccklich, dass unsere Nachwuchsarbeit immer wieder herausragende Talente hervorbringt, die wir gerne auf ihrem Weg in den Profisport unterst\u00fctzen und weiter f\u00f6rdern wollen. Helena, Hannah und Lena haben in den vergangenen Jahren ihr Talent unter Beweis gestellt und sind bereit f\u00fcr den n\u00e4chsten Schritt. Wir freuen uns, dass wir ihnen diesen im eigenen Verein erm\u00f6glichen k\u00f6nnen.\u201c<\/p>\n<p><em>Fotos: Allianz MTV Stuttgart<\/em><\/p>\n<hr \/>\n<p style=\"text-align: justify;\">\n","protected":false},"excerpt":{"rendered":"<p>Stuttgart.| Allianz MTV Stuttgart setzt in der neuen Saison auch auf junge Talente aus dem eigenen Nachwuchs. Mit Hannah Kohn, Lena Grundt und Helena Dornheim stehen kommende Spielzeit gleich 3 Spielerinnen aus dem Bundesst\u00fctzpunkt im erweiterten Profi-Kader der Stuttgarterinnen. Die 1.80m gro\u00dfe Hannah Kohn wird als dritte Zuspielerin in der n\u00e4chsten Saison f\u00fcr Allianz MTV [&hellip;]<\/p>\n","protected":false},"author":4,"featured_media":0,"comment_status":"closed","ping_status":"open","sticky":false,"template":"","format":"standard","meta":{"inline_featured_image":false,"_exactmetrics_skip_tracking":false,"_exactmetrics_sitenote_active":false,"_exactmetrics_sitenote_note":"","_exactmetrics_sitenote_category":0,"footnotes":""},"categories":[59,110],"tags":[16187,131,14857,5,68,9,275,10629],"class_list":{"0":"post-142173","1":"post","2":"type-post","3":"status-publish","4":"format-standard","6":"category-aktuell","7":"category-sport","8":"tag-allianz-mtv","9":"tag-bundesliga","10":"tag-die-webzeitung","11":"tag-internetzeitung","12":"tag-online-zeitung","13":"tag-schaumedia","14":"tag-stuttgart","15":"tag-volleyball"},"image_feature":null,"author_name":"Redaktion","pure_taxonomies":{"categories":[{"term_id":59,"name":"Aktuell","slug":"aktuell","term_group":0,"term_taxonomy_id":60,"taxonomy":"category","description":"","parent":0,"count":1017,"filter":"raw","image":""},{"term_id":110,"name":"Sport","slug":"sport","term_group":0,"term_taxonomy_id":112,"taxonomy":"category","description":"Sportberichte","parent":0,"count":1043,"filter":"raw","image":""}],"tags":[{"term_id":16187,"name":"Allianz MTV","slug":"allianz-mtv","term_group":0,"term_taxonomy_id":16206,"taxonomy":"post_tag","description":"","parent":0,"count":44,"filter":"raw","image":""},{"term_id":131,"name":"Bundesliga","slug":"bundesliga","term_group":0,"term_taxonomy_id":133,"taxonomy":"post_tag","description":"","parent":0,"count":699,"filter":"raw","image":""},{"term_id":14857,"name":"Die-Webzeitung","slug":"die-webzeitung","term_group":0,"term_taxonomy_id":14876,"taxonomy":"post_tag","description":"","parent":0,"count":3625,"filter":"raw","image":""},{"term_id":5,"name":"Internetzeitung","slug":"internetzeitung","term_group":0,"term_taxonomy_id":5,"taxonomy":"post_tag","description":"","parent":0,"count":1461,"filter":"raw","image":""},{"term_id":68,"name":"Online-Zeitung","slug":"online-zeitung","term_group":0,"term_taxonomy_id":69,"taxonomy":"post_tag","description":"","parent":0,"count":3595,"filter":"raw","image":""},{"term_id":9,"name":"SchauMedia","slug":"schaumedia","term_group":0,"term_taxonomy_id":9,"taxonomy":"post_tag","description":"","parent":0,"count":1607,"filter":"raw","image":""},{"term_id":275,"name":"Stuttgart","slug":"stuttgart","term_group":0,"term_taxonomy_id":281,"taxonomy":"post_tag","description":"","parent":0,"count":1195,"filter":"raw","image":""},{"term_id":10629,"name":"Volleyball","slug":"volleyball","term_group":0,"term_taxonomy_id":10665,"taxonomy":"post_tag","description":"","parent":0,"count":90,"filter":"raw","image":""}]},"_links":{"self":[{"href":"https:\/\/die-webzeitung.de\/stuttgart\/wp-json\/wp\/v2\/posts\/142173","targetHints":{"allow":["GET"]}}],"collection":[{"href":"https:\/\/die-webzeitung.de\/stuttgart\/wp-json\/wp\/v2\/posts"}],"about":[{"href":"https:\/\/die-webzeitung.de\/stuttgart\/wp-json\/wp\/v2\/types\/post"}],"author":[{"embeddable":true,"href":"https:\/\/die-webzeitung.de\/stuttgart\/wp-json\/wp\/v2\/users\/4"}],"replies":[{"embeddable":true,"href":"https:\/\/die-webzeitung.de\/stuttgart\/wp-json\/wp\/v2\/comments?post=142173"}],"version-history":[{"count":1,"href":"https:\/\/die-webzeitung.de\/stuttgart\/wp-json\/wp\/v2\/posts\/142173\/revisions"}],"predecessor-version":[{"id":142178,"href":"https:\/\/die-webzeitung.de\/stuttgart\/wp-json\/wp\/v2\/posts\/142173\/revisions\/142178"}],"wp:attachment":[{"href":"https:\/\/die-webzeitung.de\/stuttgart\/wp-json\/wp\/v2\/media?parent=142173"}],"wp:term":[{"taxonomy":"category","embeddable":true,"href":"https:\/\/die-webzeitung.de\/stuttgart\/wp-json\/wp\/v2\/categories?post=142173"},{"taxonomy":"post_tag","embeddable":true,"href":"https:\/\/die-webzeitung.de\/stuttgart\/wp-json\/wp\/v2\/tags?post=142173"}],"curies":[{"name":"wp","href":"https:\/\/api.w.org\/{rel}","templated":true}]}}