{"id":142132,"date":"2021-05-07T16:37:06","date_gmt":"2021-05-07T15:37:06","guid":{"rendered":"https:\/\/die-webzeitung.de\/stuttgart\/?p=142132"},"modified":"2021-05-07T16:37:07","modified_gmt":"2021-05-07T15:37:07","slug":"umbau-schwieberdinger-strasse-und-nordseestrasse-beschlossen","status":"publish","type":"post","link":"https:\/\/die-webzeitung.de\/stuttgart\/2021\/05\/07\/umbau-schwieberdinger-strasse-und-nordseestrasse-beschlossen\/","title":{"rendered":"Umbau Schwieberdinger Stra\u00dfe und Nordseestra\u00dfe beschlossen"},"content":{"rendered":"<p style=\"text-align: justify;\">Stuttgart.| Die Schwieberdinger Stra\u00dfe und die Nordseestra\u00dfe in Zuffenhausen werden gema\u0308\u00df den Pla\u0308nen und dem Kostenanschlag mit Gesamtkosten von 7,155 Millionen Euro (einschlie\u00dflich Eigenleistungen von 405.000 Euro) ausgebaut und umgestaltet. Das hat der Gemeinderat der Landeshauptstadt in seiner Sitzung am 6. Mai beschlossen.<\/p>\n<p style=\"text-align: justify;\">Der damalige Ausschuss fu\u0308r Umwelt und Technik hatte im Juli 2016 der Einziehung der Otto-Du\u0308rr-Stra\u00dfe und den Ersatz- und Umgestaltungsma\u00dfnahmen mit Kostenbeteiligung der Porsche AG in der Schwieberdinger Stra\u00dfe und der Nordseestra\u00dfe zugestimmt. Die Kosten fu\u0308r die Ersatzma\u00dfnahmen teilen sich Porsche (60 Prozent) und die Stadt (40 Prozent).<\/p>\n<p style=\"text-align: justify;\">Die Gesamtma\u00dfnahme ist unter anderem aufgrund artenschutzrechtlicher Untersuchungen in drei Bereiche unterteilt. Ausgefu\u0308hrt werden nun der Innen- und der Au\u00dfenbereich. Der Innenbereich umfasst die Schwieberdinger Stra\u00dfe ab dem Porscheplatz bis einschlie\u00dflich dem Knotenpunkt mit der Nordseestra\u00dfe, der Au\u00dfenbereich betrifft die Nordseestra\u00dfe bis einschlie\u00dflich dem Knotenpunkt mit der Otto-Du\u0308rr-Stra\u00dfe\/Borkumstra\u00dfe. Die sogenannte \u201eWendeanlage\u201c, das ist der Bereich zwischen Porschemuseum und Porscheniederlassung einschlie\u00dflich des Kreisverkehrs bei der S-Bahnhaltestelle, wird zuru\u0308ckgestellt und voraussichtlich durch die Porsche AG in Abstimmung mit dem Tiefbauamt geplant und umgesetzt.<\/p>\n<p style=\"text-align: justify;\">In der Nordseestra\u00dfe werden die drei Bushaltestellen barrierefrei ausgebaut und als Ersatz fu\u0308r die Otto-Du\u0308rr-Stra\u00dfe eine separate Busspur angelegt. Entlang der Nordseestra\u00dfe wird der Gehweg auf bis zu 3,50 Meter verbreitert. Der Knotenpunkt Nordsee- und Otto-Du\u0308rr-Stra\u00dfe erha\u0308lt einen separaten Linksabbiegestreifen. In der Nordseestra\u00dfe wird ein zweiter Linksabbiegestreifen in Richtung Autobahn eingerichtet und der Linksabbiegestreifen in der Schwieberdinger Stra\u00dfe gegenu\u0308ber der bisherigen Planung um rund 40 Meter verla\u0308ngert. Die dabei entfallenden geplanten vier Ba\u0308ume werden im Rahmen der o\u0308kologischen Aufwertung entlang der Nordseestra\u00dfe ersetzt.<\/p>\n<p style=\"text-align: justify;\">In der Schwieberdinger Stra\u00dfe werden beide Bushaltestellen barrierefrei ausgebaut, sowie eine zusa\u0308tzliche Querungsstelle fu\u0308r Fu\u00dfga\u0308nger und Radfahrer und eine separate Busspur in Richtung Porscheplatz hergestellt. Die Busspur in der Schwieberdinger Stra\u00dfe wird fu\u0308r den Radverkehr freigegeben. Stadtauswa\u0308rts ko\u0308nnen Radler in der Schwieberdinger Stra\u00dfe und der Nordseestra\u00dfe den Gehweg nutzen.<\/p>\n<p style=\"text-align: justify;\">Als Ausgleich fu\u0308r die Verbreiterung der Nordseestra\u00dfe ist als Ersatz- und Ausgleichsma\u00dfnahme die o\u0308kologische Aufwertung einer bestehenden Brachfla\u0308che in der Ludwigsburger Stra\u00dfe in Zuffenhausen vorgesehen. Die Herstellung der Ausgleichsma\u00dfnahme wurde in diesem Februar begonnen. In der Schwieberdinger Stra\u00dfe wird zudem die Mittelinsel wiederhergestellt und mit Ba\u0308umen bepflanzt.<\/p>\n<p style=\"text-align: justify;\">Die Umsetzung der Ma\u00dfnahmen ist von Juli 2021 bis September 2022 geplant.<\/p>\n<hr \/>\n<p style=\"text-align: justify;\">\n","protected":false},"excerpt":{"rendered":"<p>Stuttgart.| Die Schwieberdinger Stra\u00dfe und die Nordseestra\u00dfe in Zuffenhausen werden gema\u0308\u00df den Pla\u0308nen und dem Kostenanschlag mit Gesamtkosten von 7,155 Millionen Euro (einschlie\u00dflich Eigenleistungen von 405.000 Euro) ausgebaut und umgestaltet. Das hat der Gemeinderat der Landeshauptstadt in seiner Sitzung am 6. Mai beschlossen. Der damalige Ausschuss fu\u0308r Umwelt und Technik hatte im Juli 2016 der [&hellip;]<\/p>\n","protected":false},"author":4,"featured_media":0,"comment_status":"closed","ping_status":"open","sticky":false,"template":"","format":"standard","meta":{"inline_featured_image":false,"_exactmetrics_skip_tracking":false,"_exactmetrics_sitenote_active":false,"_exactmetrics_sitenote_note":"","_exactmetrics_sitenote_category":0,"footnotes":""},"categories":[2239],"tags":[14857,5,68,9,275],"class_list":{"0":"post-142132","1":"post","2":"type-post","3":"status-publish","4":"format-standard","6":"category-stuttgart-lokal","7":"tag-die-webzeitung","8":"tag-internetzeitung","9":"tag-online-zeitung","10":"tag-schaumedia","11":"tag-stuttgart"},"image_feature":null,"author_name":"Redaktion","pure_taxonomies":{"categories":[{"term_id":2239,"name":"Stuttgart","slug":"stuttgart-lokal","term_group":0,"term_taxonomy_id":2252,"taxonomy":"category","description":"Berichte und Informationen aus Stuttgart","parent":1433,"count":942,"filter":"raw","image":""}],"tags":[{"term_id":14857,"name":"Die-Webzeitung","slug":"die-webzeitung","term_group":0,"term_taxonomy_id":14876,"taxonomy":"post_tag","description":"","parent":0,"count":3625,"filter":"raw","image":""},{"term_id":5,"name":"Internetzeitung","slug":"internetzeitung","term_group":0,"term_taxonomy_id":5,"taxonomy":"post_tag","description":"","parent":0,"count":1461,"filter":"raw","image":""},{"term_id":68,"name":"Online-Zeitung","slug":"online-zeitung","term_group":0,"term_taxonomy_id":69,"taxonomy":"post_tag","description":"","parent":0,"count":3595,"filter":"raw","image":""},{"term_id":9,"name":"SchauMedia","slug":"schaumedia","term_group":0,"term_taxonomy_id":9,"taxonomy":"post_tag","description":"","parent":0,"count":1607,"filter":"raw","image":""},{"term_id":275,"name":"Stuttgart","slug":"stuttgart","term_group":0,"term_taxonomy_id":281,"taxonomy":"post_tag","description":"","parent":0,"count":1195,"filter":"raw","image":""}]},"_links":{"self":[{"href":"https:\/\/die-webzeitung.de\/stuttgart\/wp-json\/wp\/v2\/posts\/142132","targetHints":{"allow":["GET"]}}],"collection":[{"href":"https:\/\/die-webzeitung.de\/stuttgart\/wp-json\/wp\/v2\/posts"}],"about":[{"href":"https:\/\/die-webzeitung.de\/stuttgart\/wp-json\/wp\/v2\/types\/post"}],"author":[{"embeddable":true,"href":"https:\/\/die-webzeitung.de\/stuttgart\/wp-json\/wp\/v2\/users\/4"}],"replies":[{"embeddable":true,"href":"https:\/\/die-webzeitung.de\/stuttgart\/wp-json\/wp\/v2\/comments?post=142132"}],"version-history":[{"count":1,"href":"https:\/\/die-webzeitung.de\/stuttgart\/wp-json\/wp\/v2\/posts\/142132\/revisions"}],"predecessor-version":[{"id":142133,"href":"https:\/\/die-webzeitung.de\/stuttgart\/wp-json\/wp\/v2\/posts\/142132\/revisions\/142133"}],"wp:attachment":[{"href":"https:\/\/die-webzeitung.de\/stuttgart\/wp-json\/wp\/v2\/media?parent=142132"}],"wp:term":[{"taxonomy":"category","embeddable":true,"href":"https:\/\/die-webzeitung.de\/stuttgart\/wp-json\/wp\/v2\/categories?post=142132"},{"taxonomy":"post_tag","embeddable":true,"href":"https:\/\/die-webzeitung.de\/stuttgart\/wp-json\/wp\/v2\/tags?post=142132"}],"curies":[{"name":"wp","href":"https:\/\/api.w.org\/{rel}","templated":true}]}}