{"id":142128,"date":"2021-05-07T16:23:47","date_gmt":"2021-05-07T15:23:47","guid":{"rendered":"https:\/\/die-webzeitung.de\/stuttgart\/?p=142128"},"modified":"2021-05-07T16:23:47","modified_gmt":"2021-05-07T15:23:47","slug":"quartett-schlaegt-auch-naechste-saison-fuer-stuttgart-auf","status":"publish","type":"post","link":"https:\/\/die-webzeitung.de\/stuttgart\/2021\/05\/07\/quartett-schlaegt-auch-naechste-saison-fuer-stuttgart-auf\/","title":{"rendered":"Quartett schl\u00e4gt auch n\u00e4chste Saison f\u00fcr Stuttgart auf"},"content":{"rendered":"<p style=\"text-align: justify;\">Stuttgart.| Nach und nach nimmt der neue Kader Gestalt an. Nach der Verl\u00e4ngerung von Roosa Koskelo und Maria Segura Pall\u00e9res kann Allianz MTV Stuttgart in der neuen Spielzeit auch weiterhin auf die Dienste von Hester Jasper, Mira Todorova, Juliet Lohuis und Lara Berger z\u00e4hlen.<\/p>\n<p style=\"text-align: justify;\">Au\u00dfenangreiferin Hester Jasper, die zur vergangenen Saison vom Ligarivalen VfB Suhl an den Neckar wechselte, konnte in der Vorbereitung bereits durch ihre besondere Athletik und ihre unbek\u00fcmmerte Spielweise gl\u00e4nzen. Die nur 1.75 m gro\u00dfe niederl\u00e4ndische Nationalspielerin zog sich dann jedoch eine schwere Knieverletzung zu und musste einen Gro\u00dfteil der Saison von der Bande aus zuschauen. P\u00fcnktlich zu den letzten Playoff-Spielen war sie dann aber wieder voll da und konnte erneut mit ihrer Energie \u00fcberzeugen. Mit einem weiteren Jahr in Stuttgart wird sie nicht nur ihre Gegnerinnen zur Verzweiflung bringen, sondern auch die Fans mit ihrer erfrischenden Spielweise erfreuen.<\/p>\n<p style=\"text-align: justify;\">Auch Mittelblockerin Mira Todorova wird ihren Vertrag in Stuttgart um ein Jahr verl\u00e4ngern. \u00a0Die 26-j\u00e4hrige bulgarische Nationalspielerin, die zur letzten Saison aus der franz\u00f6sischen Liga in die Volleyball Bundesliga wechselte, gilt als Spezialistin f\u00fcr den Schnellangriff. In der vergangenen Spielzeit konnte sie aber auch mehrfach als absolute Wand im Mittelblock \u00fcberzeugen und soll das Team insbesondere mit ihrer Erfahrung \u00a0zuk\u00fcnftig weiter unterst\u00fctzen.<\/p>\n<p style=\"text-align: justify;\">Im Mittelblock und mittlerweile auch in Stuttgart f\u00fchlt sich Juliet Lohuis zu Hause. Die 1.90 m gro\u00dfe niederl\u00e4ndische Nationalspielerin geht mit Allianz MTV Stuttgart nun bereits in ihre dritte Saison. Aufgrund eines Erm\u00fcdungsbruchs im Sprunggelenk zum Ende der letzten Saison musste Lohuis in den entscheidenden Playoffspielen pausieren. Die Niederl\u00e4nderin z\u00e4hlt ebenso wie Todorova zu den erfahreneren Spielerinnen im neuen Kader und soll auch f\u00fcr Stabilit\u00e4t sorgen.<\/p>\n<p style=\"text-align: justify;\">Eine interessante Personalie stellt in der n\u00e4chsten Saison das bisherige K\u00fcken im Team dar. Lara Berger wird in der kommenden Saison als zweite Diagonalangreiferin hinter Krystal Rivers die B\u00e4lle im gegnerischen Feld versenken. Die 1.96 m gro\u00dfe geb\u00fcrtige T\u00fcbingerin, die aktuell f\u00fcr die U23-Nationalmannschaft am Netz steht, kam 2019 zu Allianz MTV Stuttgart und wurde damals perspektivisch mit einem 3-Jahres-Vertrag ausgestattet. Nachdem sie die vergangenen Spielzeiten als Au\u00dfenangreiferin aufgrund des starken Kaders eher sporadisch zum Einsatz kam, soll die \u201eUmschulung\u201c zur Diagonalangreiferin ihr zu mehr Spielzeit verhelfen.<\/p>\n<p style=\"text-align: justify;\">Sportdirektorin Kim Renkema: \u201eIch bin sehr froh dar\u00fcber, dass vier weitere Spielerinnen bei uns bleiben. Mit Mira und Juliet haben wir 2 Mittelblockerinnen aus der Stamm-Sechs halten k\u00f6nnen, die sich auch im Laufe der Saison immer weiterentwickelt haben. Juliet hatte eine gute Saison und wird auch in der kommenden Saison eine wichtige Rolle bei uns spielen. Mira hat insbesondere in den Playoffs ihr spielerisches Niveau eindrucksvoll bewiesen und kann unter unserem Trainer Tore sicher noch besser werden. Lara auf die Diagonalposition zu setzen finde ich sehr gut, sie ist mittlerweile so weit, dass sie auch Spielanteile erhalten wird. Bei Hester haben wir alle in den Playoffs gesehen, welche Qualit\u00e4t sie mitbringt und wenn sie hoffentlich verletzungsfrei durch die Saison kommt werden wir noch viele tolle Momente mit ihr zusammen erleben k\u00f6nnen.\u201c<\/p>\n<hr \/>\n<p style=\"text-align: justify;\">\n","protected":false},"excerpt":{"rendered":"<p>Stuttgart.| Nach und nach nimmt der neue Kader Gestalt an. Nach der Verl\u00e4ngerung von Roosa Koskelo und Maria Segura Pall\u00e9res kann Allianz MTV Stuttgart in der neuen Spielzeit auch weiterhin auf die Dienste von Hester Jasper, Mira Todorova, Juliet Lohuis und Lara Berger z\u00e4hlen. Au\u00dfenangreiferin Hester Jasper, die zur vergangenen Saison vom Ligarivalen VfB Suhl [&hellip;]<\/p>\n","protected":false},"author":4,"featured_media":137979,"comment_status":"closed","ping_status":"open","sticky":false,"template":"","format":"standard","meta":{"inline_featured_image":false,"_exactmetrics_skip_tracking":false,"_exactmetrics_sitenote_active":false,"_exactmetrics_sitenote_note":"","_exactmetrics_sitenote_category":0,"footnotes":""},"categories":[110],"tags":[16187,131,14857,17002,68,9],"class_list":{"0":"post-142128","1":"post","2":"type-post","3":"status-publish","4":"format-standard","5":"has-post-thumbnail","7":"category-sport","8":"tag-allianz-mtv","9":"tag-bundesliga","10":"tag-die-webzeitung","11":"tag-olleyball","12":"tag-online-zeitung","13":"tag-schaumedia"},"image_feature":"https:\/\/die-webzeitung.de\/stuttgart\/wp-content\/uploads\/sites\/4\/2020\/02\/allianz-mtv-Beitrag.png","author_name":"Redaktion","pure_taxonomies":{"categories":[{"term_id":110,"name":"Sport","slug":"sport","term_group":0,"term_taxonomy_id":112,"taxonomy":"category","description":"Sportberichte","parent":0,"count":1043,"filter":"raw","image":""}],"tags":[{"term_id":16187,"name":"Allianz MTV","slug":"allianz-mtv","term_group":0,"term_taxonomy_id":16206,"taxonomy":"post_tag","description":"","parent":0,"count":44,"filter":"raw","image":""},{"term_id":131,"name":"Bundesliga","slug":"bundesliga","term_group":0,"term_taxonomy_id":133,"taxonomy":"post_tag","description":"","parent":0,"count":699,"filter":"raw","image":""},{"term_id":14857,"name":"Die-Webzeitung","slug":"die-webzeitung","term_group":0,"term_taxonomy_id":14876,"taxonomy":"post_tag","description":"","parent":0,"count":3623,"filter":"raw","image":""},{"term_id":17002,"name":"olleyball","slug":"olleyball","term_group":0,"term_taxonomy_id":17021,"taxonomy":"post_tag","description":"","parent":0,"count":1,"filter":"raw","image":""},{"term_id":68,"name":"Online-Zeitung","slug":"online-zeitung","term_group":0,"term_taxonomy_id":69,"taxonomy":"post_tag","description":"","parent":0,"count":3593,"filter":"raw","image":""},{"term_id":9,"name":"SchauMedia","slug":"schaumedia","term_group":0,"term_taxonomy_id":9,"taxonomy":"post_tag","description":"","parent":0,"count":1607,"filter":"raw","image":""}]},"_links":{"self":[{"href":"https:\/\/die-webzeitung.de\/stuttgart\/wp-json\/wp\/v2\/posts\/142128","targetHints":{"allow":["GET"]}}],"collection":[{"href":"https:\/\/die-webzeitung.de\/stuttgart\/wp-json\/wp\/v2\/posts"}],"about":[{"href":"https:\/\/die-webzeitung.de\/stuttgart\/wp-json\/wp\/v2\/types\/post"}],"author":[{"embeddable":true,"href":"https:\/\/die-webzeitung.de\/stuttgart\/wp-json\/wp\/v2\/users\/4"}],"replies":[{"embeddable":true,"href":"https:\/\/die-webzeitung.de\/stuttgart\/wp-json\/wp\/v2\/comments?post=142128"}],"version-history":[{"count":1,"href":"https:\/\/die-webzeitung.de\/stuttgart\/wp-json\/wp\/v2\/posts\/142128\/revisions"}],"predecessor-version":[{"id":142129,"href":"https:\/\/die-webzeitung.de\/stuttgart\/wp-json\/wp\/v2\/posts\/142128\/revisions\/142129"}],"wp:featuredmedia":[{"embeddable":true,"href":"https:\/\/die-webzeitung.de\/stuttgart\/wp-json\/wp\/v2\/media\/137979"}],"wp:attachment":[{"href":"https:\/\/die-webzeitung.de\/stuttgart\/wp-json\/wp\/v2\/media?parent=142128"}],"wp:term":[{"taxonomy":"category","embeddable":true,"href":"https:\/\/die-webzeitung.de\/stuttgart\/wp-json\/wp\/v2\/categories?post=142128"},{"taxonomy":"post_tag","embeddable":true,"href":"https:\/\/die-webzeitung.de\/stuttgart\/wp-json\/wp\/v2\/tags?post=142128"}],"curies":[{"name":"wp","href":"https:\/\/api.w.org\/{rel}","templated":true}]}}