{"id":142119,"date":"2021-05-06T16:21:25","date_gmt":"2021-05-06T15:21:25","guid":{"rendered":"https:\/\/die-webzeitung.de\/stuttgart\/2021\/05\/06\/relegationsspiel-gegen-duisburg\/"},"modified":"2021-05-06T16:21:42","modified_gmt":"2021-05-06T15:21:42","slug":"relegationsspiel-gegen-duisburg","status":"publish","type":"post","link":"https:\/\/die-webzeitung.de\/stuttgart\/2021\/05\/06\/relegationsspiel-gegen-duisburg\/","title":{"rendered":"SVL: Relegationsspiel gegen Duisburg"},"content":{"rendered":"<p style=\"text-align: justify;\">Die SVL-Wasserballer treten am Samstag bei ihrem ersten Bundesliga-Relegationsspiel ausw\u00e4rts gegen der Duisburger SV 98 an. F\u00fcr den 15. Mai ist das zweite Spiel angesetzt. Der SV Ludwigsburg will und sollte beide Spiele gegen das Team aus der Gruppe B gewinnen &#8211; dann ist die T\u00fcr offen f\u00fcr die zwei Turniere, bei denen Ende Mai und Anfang Juni die Pl\u00e4tze f\u00fcnf bis acht ausgespielt werden.<\/p>\n<p style=\"text-align: justify;\">Zwei Siege gegen den Duisburger SV 98 sind machbar, sagt der SVL-Teammanager Adrian Jakovcev. Der SVL spielt seine dritte Saison in der st\u00e4rkeren Gruppe A, der Gegner in der weniger starken Gruppe B. Dennoch werde der SV Lud wigsburg das Spiel gegen den Traditionsverein keinesfalls auf die leichte Schulter nehmen, so Jakovcev. In den Vorbereitungsturnieren zum Ligastart hatte der SVL mit dem SV Krefeld ein Gruppe B Teams recht klar geschlagen. Dieselben Krefelder, die ihr Vorrundenturnier wiederum souver\u00e4n vor dem Gastgeber am Wochenende aus dem Ruhrgebiet abschlossen.<\/p>\n<p style=\"text-align: justify;\">Das erste Relegationsspiel wird an diesem Samstag in Duisburg um 16 Uhr ausgetragen, das zweite dann am 15. Mai &#8211; vermutlich im Inselbad in Stuttgart oder in Ludwigsburg, falls das\u00a0Hohenecker Freibad dann schon ge\u00f6ffnet ist, was eher nicht der Fall sein d\u00fcrfte, leider. Das Campusbad in Ludwigsburg ist laut Reglement des DSV zu klein f\u00fcr Bundesligaspiele. Sollte es nach den ersten beiden Spielen pari stehen, was Ludwigsburg am liebsten vermeiden will, dann findet ein drittes, entscheidendes Spiel am 16. Mai statt.<\/p>\n<p style=\"text-align: justify;\">Eigentlich hatte sich der SVL ausgerechnet, wenn alles super laufen w\u00fcrde, schlussendlich in dem Turnier dabei zu sein, in dem es um die Pl\u00e4tze eins bis vier geht. Doch das Vorrundenturnier in Berlin lief bekannterma\u00dfen nicht wie geplant. Nun klagt der SVL gegen den\u00a0Beschluss, muss aber damit leben, dass die Entscheide erst in ein paar Monaten f\u00e4llen. Also wird weitergespielt, jetzt erstmal in Duisburg.<\/p>\n<p style=\"text-align: justify;\">Sollte sich diesmal die Gruppe A Teams erwarteter ma\u00dfen durchsetzen, dann trifft der SVL bei zwei Siegen gegen Duisburg in den zwei nachfolgenden Turnieren auf den SSV Esslingen &#8211; und auf Neuk\u00f6lln, sowie die White Sharks Hannover. Das ist zwar noch Zukunftsmusik, aber das erkl\u00e4rte Ziel des SV Ludwigsburg. W\u00fcrde dieses\u00a0Turnier und ein weiters gewonnen, dann w\u00e4re der SVL F\u00fcnfter in der Liga.<\/p>\n<p style=\"text-align: justify;\">Adrian Jakovcev sagt, das h\u00f6chste Ziel sei es mit Blick auf Corona allerdings, \u201edass alle Spieler gesund bleiben\u201c. Die Mannschaft werde top vorbereitet nach Duisburg fahren, allerdings ohne ihren Trainer Aleksa Manic und ihren Topspieler Marko Martinic, die im Nachgang des Turniers in Berlin noch eine Verl\u00e4ngerung ihrer Spielsperren vom Verband aufgebrummt bekommen haben.<\/p>\n<p style=\"text-align: justify;\">Au\u00dferdem fehlt Leopold Friedrich, das Ludwigsburger Eigengew\u00e4chs schreibt n\u00e4mlich in diesen Tagen sein Abitur. Daf\u00fcr, sagt der Manager, dr\u00fccke er dem Sch\u00fcler die Daumen. Abi schreiben in Pandemie-Zeiten, das ist vermutlich mindestens so nervenaufreibend wie Wasserball spielen. Alle anderen SVL-Sportler rund um den deutschen Nationalspieler Timo van der Bosch sind fit und in Duisburg hoch motiviert dabei.<\/p>\n<hr \/>\n<p style=\"text-align: justify;\">\n","protected":false},"excerpt":{"rendered":"<p>Die SVL-Wasserballer treten am Samstag bei ihrem ersten Bundesliga-Relegationsspiel ausw\u00e4rts gegen der Duisburger SV 98 an. F\u00fcr den 15. Mai ist das zweite Spiel angesetzt. Der SV Ludwigsburg will und sollte beide Spiele gegen das Team aus der Gruppe B gewinnen &#8211; dann ist die T\u00fcr offen f\u00fcr die zwei Turniere, bei denen Ende Mai [&hellip;]<\/p>\n","protected":false},"author":4,"featured_media":0,"comment_status":"closed","ping_status":"open","sticky":false,"template":"","format":"standard","meta":{"inline_featured_image":false,"_exactmetrics_skip_tracking":false,"_exactmetrics_sitenote_active":false,"_exactmetrics_sitenote_note":"","_exactmetrics_sitenote_category":0,"footnotes":""},"categories":[110],"tags":[131,14857,5,6,68,9,15012,14387,14388],"class_list":{"0":"post-142119","1":"post","2":"type-post","3":"status-publish","4":"format-standard","6":"category-sport","7":"tag-bundesliga","8":"tag-die-webzeitung","9":"tag-internetzeitung","10":"tag-ludwigsburg","11":"tag-online-zeitung","12":"tag-schaumedia","13":"tag-schwimmen","14":"tag-schwimmverein","15":"tag-svl"},"image_feature":null,"author_name":"Redaktion","pure_taxonomies":{"categories":[{"term_id":110,"name":"Sport","slug":"sport","term_group":0,"term_taxonomy_id":112,"taxonomy":"category","description":"Sportberichte","parent":0,"count":1043,"filter":"raw","image":""}],"tags":[{"term_id":131,"name":"Bundesliga","slug":"bundesliga","term_group":0,"term_taxonomy_id":133,"taxonomy":"post_tag","description":"","parent":0,"count":699,"filter":"raw","image":""},{"term_id":14857,"name":"Die-Webzeitung","slug":"die-webzeitung","term_group":0,"term_taxonomy_id":14876,"taxonomy":"post_tag","description":"","parent":0,"count":3625,"filter":"raw","image":""},{"term_id":5,"name":"Internetzeitung","slug":"internetzeitung","term_group":0,"term_taxonomy_id":5,"taxonomy":"post_tag","description":"","parent":0,"count":1461,"filter":"raw","image":""},{"term_id":6,"name":"Ludwigsburg","slug":"ludwigsburg","term_group":0,"term_taxonomy_id":6,"taxonomy":"post_tag","description":"","parent":0,"count":180,"filter":"raw","image":""},{"term_id":68,"name":"Online-Zeitung","slug":"online-zeitung","term_group":0,"term_taxonomy_id":69,"taxonomy":"post_tag","description":"","parent":0,"count":3595,"filter":"raw","image":""},{"term_id":9,"name":"SchauMedia","slug":"schaumedia","term_group":0,"term_taxonomy_id":9,"taxonomy":"post_tag","description":"","parent":0,"count":1607,"filter":"raw","image":""},{"term_id":15012,"name":"schwimmen","slug":"schwimmen","term_group":0,"term_taxonomy_id":15031,"taxonomy":"post_tag","description":"","parent":0,"count":149,"filter":"raw","image":""},{"term_id":14387,"name":"Schwimmverein","slug":"schwimmverein","term_group":0,"term_taxonomy_id":14421,"taxonomy":"post_tag","description":"","parent":0,"count":152,"filter":"raw","image":""},{"term_id":14388,"name":"SVL","slug":"svl","term_group":0,"term_taxonomy_id":14422,"taxonomy":"post_tag","description":"","parent":0,"count":151,"filter":"raw","image":""}]},"_links":{"self":[{"href":"https:\/\/die-webzeitung.de\/stuttgart\/wp-json\/wp\/v2\/posts\/142119","targetHints":{"allow":["GET"]}}],"collection":[{"href":"https:\/\/die-webzeitung.de\/stuttgart\/wp-json\/wp\/v2\/posts"}],"about":[{"href":"https:\/\/die-webzeitung.de\/stuttgart\/wp-json\/wp\/v2\/types\/post"}],"author":[{"embeddable":true,"href":"https:\/\/die-webzeitung.de\/stuttgart\/wp-json\/wp\/v2\/users\/4"}],"replies":[{"embeddable":true,"href":"https:\/\/die-webzeitung.de\/stuttgart\/wp-json\/wp\/v2\/comments?post=142119"}],"version-history":[{"count":1,"href":"https:\/\/die-webzeitung.de\/stuttgart\/wp-json\/wp\/v2\/posts\/142119\/revisions"}],"predecessor-version":[{"id":142120,"href":"https:\/\/die-webzeitung.de\/stuttgart\/wp-json\/wp\/v2\/posts\/142119\/revisions\/142120"}],"wp:attachment":[{"href":"https:\/\/die-webzeitung.de\/stuttgart\/wp-json\/wp\/v2\/media?parent=142119"}],"wp:term":[{"taxonomy":"category","embeddable":true,"href":"https:\/\/die-webzeitung.de\/stuttgart\/wp-json\/wp\/v2\/categories?post=142119"},{"taxonomy":"post_tag","embeddable":true,"href":"https:\/\/die-webzeitung.de\/stuttgart\/wp-json\/wp\/v2\/tags?post=142119"}],"curies":[{"name":"wp","href":"https:\/\/api.w.org\/{rel}","templated":true}]}}