{"id":142088,"date":"2021-05-03T14:59:12","date_gmt":"2021-05-03T13:59:12","guid":{"rendered":"https:\/\/die-webzeitung.de\/stuttgart\/?p=142088"},"modified":"2021-05-03T14:59:12","modified_gmt":"2021-05-03T13:59:12","slug":"erfolgreiche-bekaempfung-der-gefluegelpest-im-landkreis-boeblingen","status":"publish","type":"post","link":"https:\/\/die-webzeitung.de\/stuttgart\/2021\/05\/03\/erfolgreiche-bekaempfung-der-gefluegelpest-im-landkreis-boeblingen\/","title":{"rendered":"Erfolgreiche Bek\u00e4mpfung der Gefl\u00fcgelpest im Landkreis B\u00f6blingen"},"content":{"rendered":"<h5 style=\"text-align: justify;\"><strong>Aufhebung der Restriktionszonen<\/strong><\/h5>\n<p style=\"text-align: justify;\">Kreis B\u00f6blingen.| Am 25.3.2021 stelle der Veterin\u00e4rdienst des Landkreises B\u00f6blingen den Ausbruch der Avi\u00e4ren Influenza, im Volksmund Gefl\u00fcgelpest genannt, in einem Betrieb in Herrenberg-Kuppingen fest. Auch bei einem weiteren Betrieb in Kuppingen wurde der amtliche Verdacht des Ausbruches festgestellt.<\/p>\n<p style=\"text-align: justify;\">Die Gefl\u00fcgelpest ist eine, in den meisten F\u00e4llen t\u00f6dlich verlaufende Virus-Erkrankung f\u00fcr eine Vielzahl an Vogelarten. Wo sie auftritt, muss sie von Amts wegen mit rigiden Mitteln bek\u00e4mpft werden, um eine Ausbreitung zu verhindern. Deshalb wurden daraufhin noch am gleichen Tag alles Gefl\u00fcgel der beiden Best\u00e4nde get\u00f6tet.<\/p>\n<p style=\"text-align: justify;\">Gleichzeitig wurden Restriktionszonen gem\u00e4\u00df der Gefl\u00fcgelpestverordnung eingerichtet. Ein Sperrgebiet mit einen Radius von mindestens drei Kilometern und ein Beobachtungsgebiet von mindestens zehn Kilometern. Innerhalb der Restriktionszonen wurde der Handel und Verkehr mit lebendem Gefl\u00fcgel, sowie Gefl\u00fcgelprodukten untersagt, im Sperrgebiet zus\u00e4tzlich eine Aufstallungspflicht f\u00fcr Gefl\u00fcgel verf\u00fcgt.<\/p>\n<p style=\"text-align: justify;\">Innerhalb von 21 Tagen suchten Mitarbeiter des Veterin\u00e4ramtes alle gefl\u00fcgelhaltenden Betriebe im Sperrgebiet auf, um das Gefl\u00fcgel klinisch sowie virologisch zu untersuchen.<br \/>\nEs handelt sich um 77 Betriebe aller Gr\u00f6\u00dfenordnungen, dabei wurden mehr als 1.000 Proben entnommen und im Untersuchungsamt in Stuttgart untersucht.<\/p>\n<p style=\"text-align: justify;\">Gl\u00fccklicherweise waren alle entnommenen Proben negativ befundet worden, sodass zum 21.4.2021 das Sperrgebiet aufgehoben werden konnte. Nach EU-Recht wurde das ehemalige Sperrgebiet damit zum Beobachtungsgebiet, welches nach weiteren neun Tagen und weiteren klinischen Bestandsuntersuchungen der gr\u00f6\u00dferen Betriebe zum 30.4.2021 dann ebenfalls aufgehoben werden konnte.<\/p>\n<p style=\"text-align: justify;\">Seit dem 30.4.2021 ist der Landkreis B\u00f6blingen damit wieder amtlich frei von Gefl\u00fcgelpest und alle Einschr\u00e4nkungen f\u00fcr Gefl\u00fcgelhalter damit ebenfalls wieder aufgehoben. Landrat Roland Bernhard bedankt sich bei den Veterin\u00e4ren des Landratsamtes B\u00f6blingen f\u00fcr das rasche und entschiedene Vorgehen, wodurch die Infektionskette sofort unterbrochen wurde.<\/p>\n<p style=\"text-align: justify;\">Die Krankheit wurde aus einem von der Gefl\u00fcgelpest betroffenen Aufzuchtbetrieb in Nordrhein-Westfalen durch Verkauf infizierter H\u00fchner nach Baden-W\u00fcrttemberg eingetragen.<\/p>\n<hr \/>\n<p style=\"text-align: justify;\">\n","protected":false},"excerpt":{"rendered":"<p>Aufhebung der Restriktionszonen Kreis B\u00f6blingen.| Am 25.3.2021 stelle der Veterin\u00e4rdienst des Landkreises B\u00f6blingen den Ausbruch der Avi\u00e4ren Influenza, im Volksmund Gefl\u00fcgelpest genannt, in einem Betrieb in Herrenberg-Kuppingen fest. Auch bei einem weiteren Betrieb in Kuppingen wurde der amtliche Verdacht des Ausbruches festgestellt. Die Gefl\u00fcgelpest ist eine, in den meisten F\u00e4llen t\u00f6dlich verlaufende Virus-Erkrankung f\u00fcr eine [&hellip;]<\/p>\n","protected":false},"author":4,"featured_media":0,"comment_status":"closed","ping_status":"open","sticky":false,"template":"","format":"standard","meta":{"inline_featured_image":false,"_exactmetrics_skip_tracking":false,"_exactmetrics_sitenote_active":false,"_exactmetrics_sitenote_note":"","_exactmetrics_sitenote_category":0,"footnotes":""},"categories":[2246],"tags":[3061,14857,16997,5,68,9],"class_list":{"0":"post-142088","1":"post","2":"type-post","3":"status-publish","4":"format-standard","6":"category-kreis-boeblingen","7":"tag-boblingen","8":"tag-die-webzeitung","9":"tag-gefluegelpest","10":"tag-internetzeitung","11":"tag-online-zeitung","12":"tag-schaumedia"},"image_feature":null,"author_name":"Redaktion","pure_taxonomies":{"categories":[{"term_id":2246,"name":"Kreis B\u00f6blingen","slug":"kreis-boeblingen","term_group":0,"term_taxonomy_id":2259,"taxonomy":"category","description":"","parent":171,"count":197,"filter":"raw","image":""}],"tags":[{"term_id":3061,"name":"B\u00f6blingen","slug":"boblingen","term_group":0,"term_taxonomy_id":3075,"taxonomy":"post_tag","description":"","parent":0,"count":260,"filter":"raw","image":""},{"term_id":14857,"name":"Die-Webzeitung","slug":"die-webzeitung","term_group":0,"term_taxonomy_id":14876,"taxonomy":"post_tag","description":"","parent":0,"count":3625,"filter":"raw","image":""},{"term_id":16997,"name":"Gefl\u00fcgelpest","slug":"gefluegelpest","term_group":0,"term_taxonomy_id":17016,"taxonomy":"post_tag","description":"","parent":0,"count":5,"filter":"raw","image":""},{"term_id":5,"name":"Internetzeitung","slug":"internetzeitung","term_group":0,"term_taxonomy_id":5,"taxonomy":"post_tag","description":"","parent":0,"count":1461,"filter":"raw","image":""},{"term_id":68,"name":"Online-Zeitung","slug":"online-zeitung","term_group":0,"term_taxonomy_id":69,"taxonomy":"post_tag","description":"","parent":0,"count":3595,"filter":"raw","image":""},{"term_id":9,"name":"SchauMedia","slug":"schaumedia","term_group":0,"term_taxonomy_id":9,"taxonomy":"post_tag","description":"","parent":0,"count":1607,"filter":"raw","image":""}]},"_links":{"self":[{"href":"https:\/\/die-webzeitung.de\/stuttgart\/wp-json\/wp\/v2\/posts\/142088","targetHints":{"allow":["GET"]}}],"collection":[{"href":"https:\/\/die-webzeitung.de\/stuttgart\/wp-json\/wp\/v2\/posts"}],"about":[{"href":"https:\/\/die-webzeitung.de\/stuttgart\/wp-json\/wp\/v2\/types\/post"}],"author":[{"embeddable":true,"href":"https:\/\/die-webzeitung.de\/stuttgart\/wp-json\/wp\/v2\/users\/4"}],"replies":[{"embeddable":true,"href":"https:\/\/die-webzeitung.de\/stuttgart\/wp-json\/wp\/v2\/comments?post=142088"}],"version-history":[{"count":1,"href":"https:\/\/die-webzeitung.de\/stuttgart\/wp-json\/wp\/v2\/posts\/142088\/revisions"}],"predecessor-version":[{"id":142089,"href":"https:\/\/die-webzeitung.de\/stuttgart\/wp-json\/wp\/v2\/posts\/142088\/revisions\/142089"}],"wp:attachment":[{"href":"https:\/\/die-webzeitung.de\/stuttgart\/wp-json\/wp\/v2\/media?parent=142088"}],"wp:term":[{"taxonomy":"category","embeddable":true,"href":"https:\/\/die-webzeitung.de\/stuttgart\/wp-json\/wp\/v2\/categories?post=142088"},{"taxonomy":"post_tag","embeddable":true,"href":"https:\/\/die-webzeitung.de\/stuttgart\/wp-json\/wp\/v2\/tags?post=142088"}],"curies":[{"name":"wp","href":"https:\/\/api.w.org\/{rel}","templated":true}]}}